{"id":1013,"date":"2015-07-17T15:21:03","date_gmt":"2015-07-17T13:21:03","guid":{"rendered":"http:\/\/hocalihaber.com\/?p=1013"},"modified":"2015-07-17T15:21:03","modified_gmt":"2015-07-17T13:21:03","slug":"mhp-genel-baskani-devlet-bahcelinin-basdanismani-sukru-alniaciktan-hocali-gafi","status":"publish","type":"post","link":"https:\/\/hocalihaber.com\/az\/mhp-genel-baskani-devlet-bahcelinin-basdanismani-sukru-alniaciktan-hocali-gafi\/","title":{"rendered":"MHP GENEL BA\u015eKANI DEVLET BAH\u00c7EL\u0130\u2019N\u0130N BA\u015eDANI\u015eMANI \u015e\u00dcKR\u00dc ALNIA\u00c7IK\u2019TAN HOCALI GAFI"},"content":{"rendered":"<p><strong>http:\/\/www.avangartha.com yazd\u0131<\/strong><\/p>\n<p>&nbsp;<\/p>\n<p>&nbsp;<\/p>\n<p>Milliyet\u00e7i Hareket Partisi Genel Ba\u015fkan\u0131 Devlet Bah\u00e7eli\u2019nin Ba\u015fdan\u0131\u015fman\u0131 \u015e\u00fckr\u00fc Aln\u0131a\u00e7\u0131k, MHP 24. D\u00f6nem I\u011fd\u0131r Milletvekili Dr. Sinan O\u011fan\u2019\u0131n Ermenistan i\u015fgali alt\u0131ndaki Hocal\u0131\u2019da ya\u015fanan insanl\u0131k dram\u0131 ile ilgili verdi\u011fi kanun teklifini Ortado\u011fu\u2019daki k\u00f6\u015fesinden ele\u015ftireyim derken partisini zorda b\u0131rakt\u0131. Bah\u00e7eli\u2019nin Ba\u015fdan\u0131\u015fman\u0131 Aln\u0131a\u00e7\u0131k\u2019\u0131n Hocal\u0131\u2019y\u0131 savunmakla tenkit etti\u011fi Sinan O\u011fan, bunun \u00fczerine ders gibi bir a\u00e7\u0131klamalarda bulundu.<\/p>\n<p>&nbsp;<\/p>\n<p>\u0130\u015fte O\u011fan\u2019\u0131n o a\u00e7\u0131klamas\u0131\u2026<\/p>\n<p>\u201cOrtado\u011fu Gazetesi isimli b\u00fcltende kendisini \u00dclk\u00fcc\u00fclere \u0130ftira atamaya adam\u0131\u015f bir k\u00f6\u015fe yazar\u0131 olan \u015e\u00fckr\u00fc Aln\u0131a\u00e7\u0131k \u201cD\u0131\u015f Politikada &#8220;Ben&#8221; Yoktur!\u201d isimli Sinan O\u011fan\u2019\u0131 karalamay\u0131 hedefleyen bir yaz\u0131 kaleme alm\u0131\u015f. Bu asl\u0131nda ilk de\u011fil. \u00d6ncesinde de benzer iftiralar\u0131 i\u00e7eren bir yaz\u0131 yazm\u0131\u015ft\u0131. \u00d6nceki yaz\u0131yla ilgili gerekli \u00e7al\u0131\u015fmalar\u0131 avukatlar\u0131m y\u00fcr\u00fctt\u00fc\u011f\u00fc i\u00e7in o k\u0131sma hukuki s\u00fcre\u00e7 tamamlan\u0131nca girece\u011fim. \u015eimdilik \u201cD\u0131\u015f Politikada &#8220;Ben&#8221; Yoktur!\u201d isimli bir yaz\u0131ya ili\u015fkin birka\u00e7 noktay\u0131 dikkatlerinize sunmak istiyorum.<\/p>\n<p>\u00d6ncelikle bu yaz\u0131daki hususlara Cehalet mi desem, ihanet mi desem, ne desem bilemedim\u2026 Zira arad\u0131lar, tarad\u0131lar bir \u015fey bulamad\u0131lar da Hocal\u0131 vah\u015feti konusunda verdi\u011fim Kanun Teklifini k\u00f6\u015feselerine ta\u015f\u0131d\u0131rlar\u2026<\/p>\n<p>En ba\u015ftan \u015funu belirteyim MHP Milletvekilleri TBMM\u2019de kimseye sormadan Kanun Teklifi veremezler. Her partinin oldu\u011fu gibi MHP\u2019nin de TBMM\u2019de bir Grup y\u00f6netimi ve grup ba\u015fkanvekilleri var. Verilen her Kanun Teklifi mutlaka grup hukuk\u00e7ular\u0131 ve Grup Ba\u015fkanvekilleri taraf\u0131ndan okunur ve onaylan\u0131r. Eksik, yanl\u0131\u015f ve\/veya parti politikas\u0131 ile \u00e7eli\u015fen hususlar var ise d\u00fczeltilir veya geri iade edilir.<\/p>\n<p>Di\u011fer husus yazar\u0131n tarih\u00e7iyim demesine ra\u011fmen tarihten bihaber olmas\u0131na, neyin tarihsel olay, neyin g\u00fcncel ya\u015fanm\u0131\u015f konu oldu\u011funu dahi ayr\u0131t edememesine ise kelimenin ger\u00e7ek manas\u0131yla hayret ettim. Hayretime sebep olan bir di\u011fer husus da yazar\u0131n Google\u2019a sorarak dahi kolayca \u00f6\u011frenece\u011fi \u015feyleri ara\u015ft\u0131rmayarak tam bir tembellik \u00f6rne\u011fi sergilemesidir.<\/p>\n<p>Bu tarih\u00e7i! yazar\u0131n okudu\u011funu anlama noktas\u0131nda \u00f6nemi bir sorunu var san\u0131r\u0131m. T\u00fcrkiye\u2019nin Ermeni Sorunu konusundaki politikas\u0131 \u201cTarihsel olaylar\u0131 tarih\u00e7ilere b\u0131rakal\u0131m\u201d \u015feklindedir. Bu do\u011frudur ve benim de destekledi\u011fim bir tezdir. Kendisinin tarih\u00e7i oldu\u011funu iddia eden bu zat bilmiyor mu ki, Hocal\u0131 Soyk\u0131r\u0131m\u0131 tarihsel bir olay de\u011fildir. 1992 y\u0131l\u0131nda i\u015flenmi\u015f bir su\u00e7tur.<\/p>\n<p>Genel merkezimize bir \u00e7a\u011fr\u0131da bulunmak istiyorum. Genel Merkez talimat\u0131yla Sinan O\u011fan\u2019\u0131 karalayaca\u011f\u0131m diye bu arkada\u015flar kendini rezil ediyor. Daha \u00e7apl\u0131 birilerine g\u00f6rev versinler. Ger\u00e7i teklif g\u00f6t\u00fcrd\u00fc\u011f\u00fcn\u00fcz, yay\u0131nlanmadan \u00f6nce Genel Ba\u015fkan da yaz\u0131y\u0131 g\u00f6recek dedi\u011finiz bir\u00e7ok Ger\u00e7ek \u00dclk\u00fcc\u00fc bizi karalamay\u0131 reddetti, ama yine de bizi karalamay\u0131 kabul edecek bunlardan \u00e7ok daha \u00e7apl\u0131lar\u0131n\u0131 bulmay\u0131 deneyin bence\u2026<\/p>\n<p>\u015e\u00fckr\u00fc Aln\u0131a\u00e7\u0131k, Ba\u015fbu\u011fun bize Turan hedefi b\u0131rakt\u0131\u011f\u0131ndan bihaber. Hocal\u0131\u2019n\u0131n, K\u0131r\u0131m\u2019\u0131n, Do\u011fu T\u00fcrkistan\u2019\u0131n, Kerk\u00fck\u2019\u00fcn hakk\u0131n\u0131 MHP milletvekilleri savunmayacak da kim savunacak? \u015e\u00fckr\u00fc Aln\u0131a\u00e7\u0131k\u2019\u0131n \u00f6l\u00e7e\u011fi kendinde al\u0131nma. \u015e\u00fckr\u00fc\u2019ye g\u00f6re Hocal\u0131\u2019y\u0131 \u201cAzerbaycan Lobisi\u2019nin adam\u0131\u201d oldu\u011fum i\u00e7in savunuyorum. Ben Azerbaycan\u2019\u0131 1988\u2019den beri savunuyorum \u015e\u00fckr\u00fcc\u00fc\u011f\u00fcm. O zaman \u00f6\u011frenciydim ve \u00f6\u011frenci har\u00e7l\u0131\u011f\u0131m\u0131n bir k\u0131sm\u0131 ile bu i\u015fleri yap\u0131yordum, o g\u00fcn bu g\u00fcnd\u00fcr hala yap\u0131yorum. Kald\u0131 ki, Telafer\u2019i Kerk\u00fck\u2019\u00fc, Bay\u0131r Bucak\u2019\u0131, Tebriz\u2019i K\u0131r\u0131m\u2019\u0131 savunurken, bu \u00f6ks\u00fcz Turan illeri ile ilgili mecliste onlarca \u00e7al\u0131\u015fmay\u0131 yaparken hangi lobilerin adam\u0131 oldum. Telafer, Kerk\u00fck Lobisi\u2019nin mi, Uygur, K\u0131r\u0131m Lobisinin mi? Bunca y\u0131ld\u0131r bu kadar \u00e7al\u0131\u015fma yapt\u0131k bir tanesini k\u00f6\u015fene ta\u015f\u0131d\u0131n m\u0131 onu s\u00f6yle?<\/p>\n<p>\u015e\u00fckr\u00fc Aln\u0131a\u00e7\u0131k diyor ki, Sinan O\u011fan\u2019\u0131n bu teklifi kabul olunsa &#8220;parlamentolar\u0131n tarihi olaylar hakk\u0131nda karar mercii olmas\u0131n\u0131&#8221; reddeden &#8220;50 y\u0131ll\u0131k T\u00fcrk D\u0131\u015f Politika tezi&#8221; y\u0131k\u0131lm\u0131\u015f olacak.\u201d Peki, \u00f6ncelikle \u015funu soray\u0131m? Hocal\u0131 bir tarihsel olay m\u0131d\u0131r? \u015e\u00fckr\u00fc Aln\u0131a\u00e7\u0131k tarihe dalsa, ar\u015fivlere girse Hocal\u0131 ile ilgili ne bulabilir? Hocal\u0131 tarih de\u011fil, ar\u015fivlerde Hocal\u0131 yok bug\u00fcnk\u00fc haf\u0131zlardad\u0131r Hocal\u0131 be hey kaleminden cehalet damlayanlar\u2026<\/p>\n<p>\u015e\u00fckr\u00fc Aln\u0131a\u00e7\u0131k Sinan O\u011fan\u2019\u0131 karalamak i\u00e7in bir yaz\u0131 kaleme al\u0131yor ama tembel oldu\u011fu i\u00e7in ar\u015fivlere bakma zahmetinde de bulunmuyor. G\u00fcya buradan ba\u011flant\u0131 yap\u0131p beni \u201cLobilerin adam\u0131\u201d olarak yaftalayacak\u2026 Peki o zaman \u015e\u00fckr\u00fcc\u00fc\u011f\u00fcm hadi devam\u0131n\u0131 hep beraber okuyal\u0131m\u2026<\/p>\n<p>Hocal\u0131\u2019da ya\u015fananlar\u0131n TBMM taraf\u0131ndan Soyk\u0131r\u0131m olarak kabul edilmesi i\u00e7in ilk kanun teklifini 21\/02\/2007 tarihinde Mersin Ba\u011f\u0131ms\u0131z Milletvekili Ersoy Bulut vermi\u015f. Ard\u0131ndan 14\/03\/2007 tarihinde Anavatan Partisi Isparta milletvekili Mehmet Sait Arma\u011fan vermi\u015f kanun teklifini. Daha sonra 01\/02\/2008 tarihinde MHP Milletvekilleri Re\u015fat Do\u011fru, Hasan \u00c7al\u0131\u015f ve MHP Grup Ba\u015fkanvekili Mehmet \u015eand\u0131r vermi\u015f kanun teklifini. Bu arada 2008 tarihinde ben daha mecliste de\u011filim\u2026 23. D\u00f6nem kapan\u0131p 24. D\u00f6nem ba\u015flad\u0131\u011f\u0131nda bu defa yine MHP Milletvekilleri Re\u015fat Do\u011fru ve Hasan H\u00fcseyin T\u00fcrko\u011flu ile Grup Ba\u015fkanvekili Mehmet \u015eand\u0131r yeniden Hocal\u0131\u2019y\u0131 TBMM Soyk\u0131r\u0131m olarak tan\u0131s\u0131n demi\u015f. Aradan neredeyse bir y\u0131l ge\u00e7mi\u015f ve bu defa da ben 15\/02\/2012 tarihinde bir kanun teklifi vermi\u015fim. Verdi\u011fim bu kanun teklifi MHP Grup hukuk\u00e7ular\u0131 ve Grup Ba\u015fkanvekilleri Oktay Vural ve Mehmet \u015eand\u0131r taraf\u0131ndan incelenmi\u015f ve uygun g\u00f6r\u00fclm\u00fc\u015ft\u00fcr.<\/p>\n<p>Cehalet tembellikle birle\u015fince trajikomik bir hal al\u0131yor. Benim verdi\u011fim kanun teklifine zahmet edilip bak\u0131lsayd\u0131 burada bizim d\u0131\u015f politikam\u0131z\u0131 s\u0131k\u0131nt\u0131ya sokacak bir hal olmad\u0131\u011f\u0131 g\u00f6r\u00fcl\u00fcrd\u00fc. Zira benim verdi\u011fim kanun \u201c26 \u015eubat&#8217;\u0131n &#8220;Hocal\u0131 Soyk\u0131r\u0131m\u0131n\u0131 Anma G\u00fcn\u00fc&#8221; Olarak Kabul Edilmesine ve &#8220;Hocal\u0131 Soyk\u0131r\u0131m\u0131 An\u0131tlar\u0131n\u0131n&#8221; \u0130n\u015fas\u0131 \u0130\u00e7in T.C. K\u00fclt\u00fcr Bakanl\u0131\u011f\u0131&#8217;n\u0131n G\u00f6revlendirilmesine \u0130li\u015fkin Kanun Teklifidir\u201d Basit anlama kapasitesine sahip olanlar g\u00f6r\u00fcr ki Hocal\u0131 Soyk\u0131r\u0131m olarak kabul edilsin ile Soyk\u0131r\u0131m\u0131 Anma G\u00fcn\u00fc kabul edilsin ve An\u0131t \u0130n\u015fas\u0131 yap\u0131ls\u0131n teklifleri tamam\u0131yla farkl\u0131 \u015feylerdir\u2026<\/p>\n<p>Peki \u015e\u00fckr\u00fcc\u00fc\u011f\u00fcm bir zahmet s\u00f6yleyiver O d\u00f6nem MHP\u2019nin Grup Ba\u015fkanvekilleri Oktay Vural ve Mehmet \u015eand\u0131r hangi lobilerin adam\u0131yd\u0131 da bu kanun teklifine imza koydular? Tokat Milletvekili ve MHP Genel Ba\u015fkan Yard\u0131mc\u0131s\u0131 Re\u015fat Do\u011fru, MHP Grup Ba\u015fkanvekili Mehmet \u015eand\u0131r, MHP Milletvekili Hasan \u00c7al\u0131\u015f, MHP Milletvekili Hasan H\u00fcseyin T\u00fcrko\u011flu hangi lobilerin adam\u0131d\u0131r? Bu kanun teklifi kabul edilsin diye TBMM\u2019de konu\u015fma yapan Genel Ba\u015fkan yard\u0131mc\u0131m\u0131z Atilla Kaya\u2019da m\u0131 senin de\u011fi\u015finle lobilerin adam\u0131d\u0131r? Zira Atilla Kaya \u00f6nce 2009 tarihinde sonra da 26.02.2013 tarihinde TBMM\u2019de yapt\u0131\u011f\u0131 konu\u015fmada aynen \u015f\u00f6yle diyor: \u201c26 \u015eubat\u0131n &#8220;Hocal\u0131 soyk\u0131r\u0131m\u0131n\u0131 anma g\u00fcn\u00fc&#8221; olarak kabul edilmesini i\u00e7eren bir kanun teklifinin T\u00fcrkiye B\u00fcy\u00fck Millet Meclisinin g\u00fcndemine al\u0131nmas\u0131 ve en k\u0131sa zamanda da yasala\u015fmas\u0131n\u0131 temenni ediyor, y\u00fcce Meclisi sayg\u0131yla selaml\u0131yorum.\u201d<\/p>\n<p>Oldu mu \u015fimdi \u015e\u00fckr\u00fc, Sinan O\u011fan\u2019\u0131 karalayaca\u011f\u0131m diye b\u00fct\u00fcn MHP\u2019yi t\u00f6hmet alt\u0131nda b\u0131rakt\u0131n. Biraz edep ve biraz da zahmet \u00e7ekip \u00e7al\u0131\u015f\u0131n. Sinan O\u011fan\u2019\u0131 karalayaca\u011f\u0131m diye kendini rezil ettin de \u00fclk\u00fcda\u015flar\u0131n\u0131 ve partimizi de karalad\u0131n. Bak \u015e\u00fckr\u00fcc\u00fc\u011f\u00fcm, bir \u00f6nceki yaz\u0131nda yine beni karalamak i\u00e7in ya\u015fl\u0131 bir amcan\u0131n Sinan O\u011fan\u2019a ula\u015famad\u0131\u011f\u0131n\u0131 ama Ba\u015fbakan Davuto\u011flu\u2019na hemen ula\u015ft\u0131\u011f\u0131n\u0131 ve Davuto\u011flu\u2019nun bu ya\u015fl\u0131 amcan\u0131n i\u015fini hemen halleti\u011fini yazm\u0131\u015ft\u0131n. Sinan O\u011fan\u2019\u0131 karalayaca\u011f\u0131m diye AKP\u2019nin Ba\u015fbakan\u0131 Ahmet Davuto\u011flu\u2019nu \u00f6ve \u00f6ve bitirememi\u015ftin\u2026<\/p>\n<p>\u015e\u00fckr\u00fcc\u00fc\u011f\u00fcm Hocal\u0131 Soyk\u0131r\u0131m\u0131 Kanun Teklifini 2008 y\u0131l\u0131ndan beri MHP milletvekilleri verir ve AKP milletvekilleri de reddeder. Davuto\u011flu\u2019nu g\u00f6klere \u00e7\u0131kard\u0131\u011f\u0131n bir \u00f6nceki yaz\u0131ndan sonra \u015fimdi de AKP\u2019nin Hocal\u0131 Soyk\u0131r\u0131m\u0131 konusunda ya\u015fad\u0131\u011f\u0131 utanca can simidi olmaya m\u0131 karar verdin?<\/p>\n<p>\u015e\u00fckr\u00fc Aln\u0131a\u00e7\u0131k\u2019a g\u00f6re T\u00fcrkiye\u2019de parklara Hocal\u0131 Soyk\u0131r\u0131m\u0131 adlar\u0131 verilmesi ve soyk\u0131r\u0131m heykelleri a\u00e7\u0131lmas\u0131 teklifimiz T\u00fcrk D\u0131\u015f Politikas\u0131n\u0131n beynine kur\u015fun s\u0131kmakm\u0131\u015f. Buras\u0131n\u0131 tam anlamad\u0131m \u015e\u00fckr\u00fcc\u00fc\u011f\u00fcm, sen kimden yanas\u0131n? T\u00fcrkiye\u2019den, Azerbaycan\u2019dan yana m\u0131s\u0131n yoksa Ermenilerden ve Ermenistan\u2019dan m\u0131?<\/p>\n<p>Bak \u015e\u00fckr\u00fcc\u00fc\u011f\u00fcm, ayr\u0131ca senin k\u00f6\u015fende yazd\u0131\u011f\u0131n gibi 26 \u015eubat 2015 tarihinde TBMM\u2019ye sundu\u011fum \u201c26 \u015eubat 2015&#8217;te TBMM&#8217;ye sundu\u011fu &#8220;Hocal\u0131 katliam\u0131n\u0131n soyk\u0131r\u0131m olarak kabul edilmesi&#8221; \u00f6nergesi\u201d bulunmamaktad\u0131r.<\/p>\n<p>Ayr\u0131ca Hariciye tek seslilik gerektir demi\u015fsin. Yani AKP ne derse farkl\u0131 ses \u00e7\u0131karmay\u0131n diyorsun. Peki, Say\u0131n Genel Ba\u015fkan\u0131m\u0131z ve bizler bunca sene AKP\u2019nin yanl\u0131\u015f d\u0131\u015f politikas\u0131n\u0131 ele\u015ftirirken yanl\u0131\u015f m\u0131 yapt\u0131k acaba? AKP\u2019nin yan\u0131ba\u015f\u0131m\u0131zda K\u00fcrdistan kurma politikas\u0131na tek seslilik ad\u0131na kar\u015f\u0131 \u00e7\u0131kmasa m\u0131yd\u0131k \u015e\u00fckr\u00fc Aln\u0131a\u00e7\u0131k\u2026<\/p>\n<p>Bak \u015e\u00fckr\u00fc, sen ve senin gibiler \u0131smarlama karalama yaz\u0131larla Ortado\u011fu Gazetesinde daha \u00f6nce Bug\u00fcn TBMM Grup Ba\u015fkanvekilimiz Trabzon Milletvekilimiz Say\u0131n Koray Ayd\u0131n\u2019a, \u00d6nceki TBMM Grup Ba\u015fkanvekilimiz ve \u0130stanbul Milletvekilimiz Say\u0131n Meral Ak\u015fener\u2019e, MYK \u00dcyemiz ve Gaziantep Milletvekilimiz Say\u0131n \u00dcmit \u00d6zda\u011f\u2019a atmad\u0131\u011f\u0131n\u0131z iftira kalmam\u0131\u015ft\u0131. D\u00fcn bu arkada\u015flar\u0131m\u0131z\u0131 s\u0131rf ismi Genel Ba\u015fkanl\u0131\u011fa ge\u00e7iyordu diye karalad\u0131n\u0131z, iftira att\u0131n\u0131z bug\u00fcn bu arkada\u015flar\u0131m\u0131z\u0131 g\u00f6r\u00fcnce hi\u00e7 utan\u0131yor musunuz? Bu arkada\u015flar\u0131m\u0131zdan hi\u00e7 helallik almay\u0131 d\u00fc\u015f\u00fcnd\u00fcn\u00fcz m\u00fc? D\u00fcn bu arkada\u015flara yapt\u0131\u011f\u0131n\u0131z\u0131 bug\u00fcn bana yap\u0131yorsunuz. Millet bunu g\u00f6rm\u00fcyor mu, \u00dclk\u00fcc\u00fcler anlam\u0131yor mu zannediyorsunuz. Bak \u015e\u00fckr\u00fcc\u00fc\u011f\u00fcm Y\u00fcce Rabbimin affetmedi\u011fi \u015fu\u00e7 nedir biliyor musun? Kul hakk\u0131 yemektir. Hele ki kendi \u00fclk\u00fcda\u015f\u0131n\u0131n hakk\u0131n\u0131 yemek, iftira atmak\u2026 Yar\u0131n bayram, sabah Bayram namaz\u0131na gitmi\u015fken iftira att\u0131\u011f\u0131n, kul hakk\u0131 yedi\u011fin i\u00e7in t\u00f6vbe et\u2026<\/p>\n<p>Ve her \u015fey akl\u0131m\u0131za gelirdi de kurucusu ve ba\u015fbu\u011fu Turanc\u0131l\u0131k davas\u0131ndan yarg\u0131lan\u0131p i\u015fkenceler g\u00f6ren koskoca Milliyet\u00e7i Hareket Partisi&#8217;nin bug\u00fcnk\u00fc Say\u0131n Genel Ba\u015fkan\u0131n\u0131n Ba\u015fdan\u0131\u015fman\u0131 s\u0131fat\u0131 ta\u015f\u0131yan bir zat\u0131n \u00f6nceki d\u00f6nem MHP Milletvekilini Hocal\u0131 Soyk\u0131r\u0131m\u0131 konusunda 26 \u015eubat&#8217;\u0131n TBMM&#8217;de soyk\u0131r\u0131m g\u00fcn\u00fc olarak an\u0131lmas\u0131 konulu bir kanun teklifini neden verdi\u011fini sorgulamay\u0131 ve buradan bir su\u00e7lama \u00e7\u0131karaca\u011f\u0131 akl\u0131m\u0131za gelmezdi&#8230; Bunu bir Ermeni yapsa anlard\u0131k da bir T\u00fcrk neden yapar bu sorgulamay\u0131? Galiba Yusuf Hala\u00e7o\u011flu hoca \u00e7ook \u00e7ok hakl\u0131ym\u0131\u015f&#8230;<\/p>\n<p>Yaz\u0131na giri\u015fte \u201cDe\u011ferlerin kolay yeti\u015fmedi\u011fini, meyveli a\u011fac\u0131n ta\u015fland\u0131\u011f\u0131n\u0131, k\u0131skan\u00e7l\u0131\u011f\u0131n, dedikodunun ve iftiran\u0131n milletimize zarar verdi\u011fini \u00e7ok iyi biliriz.\u201d Demi\u015fsin. Demi\u015fsin ama dedi\u011fini maalesef ki, anlamam\u0131\u015fs\u0131n\u2026<\/p>\n<p>Sen anlamad\u0131\u011f\u0131n i\u00e7in burada art\u0131k s\u00f6z\u00fc de\u011ferli takip\u00e7ilerime b\u0131rak\u0131yorum. Bu a\u00e7\u0131klamalar\u0131n \u00fczerine gerekli cevab\u0131 ger\u00e7ek dava adamlar\u0131 verecektir\u2026 Payla\u015fal\u0131m l\u00fctfen&#8230;<\/p>\n<p>Hay\u0131rl\u0131 Bayramlar&#8230;<\/p>\n<p>&nbsp;<\/p>\n<p>Not: Bu konular\u0131 bas\u0131n \u00f6n\u00fcnde, sosyal medyada tart\u0131\u015fmak istemezdim. Bu \u015e\u00fckr\u00fc Aln\u0131a\u00e7\u0131k&#8217;\u0131n hakk\u0131mdaki iftira dolu ikinci yaz\u0131s\u0131d\u0131r. Biz tart\u0131\u015fma a\u00e7mak istemiyoruz ama hakk\u0131m\u0131zda gazete k\u00f6\u015felerinde yaz\u0131lan yaz\u0131larla at\u0131lan iftiralara da cevap vermek durumunday\u0131z.\u201d<a href=\"http:\/\/hocalihaber.com\/wp-content\/uploads\/2015\/07\/aln\u0131-a\u00e7\u0131q.jpg\"><img loading=\"lazy\" decoding=\"async\" class=\"aligncenter size-medium wp-image-1014\" src=\"http:\/\/hocalihaber.com\/wp-content\/uploads\/2015\/07\/aln\u0131-a\u00e7\u0131q-300x184.jpg\" alt=\"aln\u0131 a\u00e7\u0131q\" width=\"300\" height=\"184\" srcset=\"https:\/\/hocalihaber.com\/wp-content\/uploads\/2015\/07\/aln\u0131-a\u00e7\u0131q-300x184.jpg 300w, https:\/\/hocalihaber.com\/wp-content\/uploads\/2015\/07\/aln\u0131-a\u00e7\u0131q-1024x627.jpg 1024w, https:\/\/hocalihaber.com\/wp-content\/uploads\/2015\/07\/aln\u0131-a\u00e7\u0131q-700x429.jpg 700w, https:\/\/hocalihaber.com\/wp-content\/uploads\/2015\/07\/aln\u0131-a\u00e7\u0131q-583x357.jpg 583w, https:\/\/hocalihaber.com\/wp-content\/uploads\/2015\/07\/aln\u0131-a\u00e7\u0131q-789x483.jpg 789w, https:\/\/hocalihaber.com\/wp-content\/uploads\/2015\/07\/aln\u0131-a\u00e7\u0131q.jpg 960w\" sizes=\"auto, (max-width: 300px) 100vw, 300px\" \/><\/a><\/p>\n","protected":false},"excerpt":{"rendered":"<p>http:\/\/www.avangartha.com yazd\u0131 &nbsp; &nbsp; Milliyet\u00e7i Hareket Partisi Genel Ba\u015fkan\u0131 Devlet Bah\u00e7eli\u2019nin Ba\u015fdan\u0131\u015fman\u0131 \u015e\u00fckr\u00fc Aln\u0131a\u00e7\u0131k, MHP 24. D\u00f6nem I\u011fd\u0131r Milletvekili Dr. Sinan O\u011fan\u2019\u0131n Ermenistan i\u015fgali alt\u0131ndaki Hocal\u0131\u2019da ya\u015fanan insanl\u0131k dram\u0131 ile ilgili verdi\u011fi kanun teklifini Ortado\u011fu\u2019daki k\u00f6\u015fesinden ele\u015ftireyim derken partisini zorda b\u0131rakt\u0131. Bah\u00e7eli\u2019nin Ba\u015fdan\u0131\u015fman\u0131 Aln\u0131a\u00e7\u0131k\u2019\u0131n Hocal\u0131\u2019y\u0131 savunmakla tenkit etti\u011fi Sinan O\u011fan, bunun \u00fczerine ders gibi bir [&hellip;]<\/p>\n","protected":false},"author":1,"featured_media":1014,"comment_status":"open","ping_status":"open","sticky":false,"template":"","format":"standard","meta":{"footnotes":""},"categories":[6],"tags":[],"class_list":{"0":"post-1013","1":"post","2":"type-post","3":"status-publish","4":"format-standard","5":"has-post-thumbnail","7":"category-gundm"},"aioseo_notices":[],"jetpack_featured_media_url":"https:\/\/hocalihaber.com\/wp-content\/uploads\/2015\/07\/aln\u0131-a\u00e7\u0131q.jpg","_links":{"self":[{"href":"https:\/\/hocalihaber.com\/az\/wp-json\/wp\/v2\/posts\/1013","targetHints":{"allow":["GET"]}}],"collection":[{"href":"https:\/\/hocalihaber.com\/az\/wp-json\/wp\/v2\/posts"}],"about":[{"href":"https:\/\/hocalihaber.com\/az\/wp-json\/wp\/v2\/types\/post"}],"author":[{"embeddable":true,"href":"https:\/\/hocalihaber.com\/az\/wp-json\/wp\/v2\/users\/1"}],"replies":[{"embeddable":true,"href":"https:\/\/hocalihaber.com\/az\/wp-json\/wp\/v2\/comments?post=1013"}],"version-history":[{"count":0,"href":"https:\/\/hocalihaber.com\/az\/wp-json\/wp\/v2\/posts\/1013\/revisions"}],"wp:featuredmedia":[{"embeddable":true,"href":"https:\/\/hocalihaber.com\/az\/wp-json\/wp\/v2\/media\/1014"}],"wp:attachment":[{"href":"https:\/\/hocalihaber.com\/az\/wp-json\/wp\/v2\/media?parent=1013"}],"wp:term":[{"taxonomy":"category","embeddable":true,"href":"https:\/\/hocalihaber.com\/az\/wp-json\/wp\/v2\/categories?post=1013"},{"taxonomy":"post_tag","embeddable":true,"href":"https:\/\/hocalihaber.com\/az\/wp-json\/wp\/v2\/tags?post=1013"}],"curies":[{"name":"wp","href":"https:\/\/api.w.org\/{rel}","templated":true}]}}