{"id":1017,"date":"2015-07-18T10:10:10","date_gmt":"2015-07-18T08:10:10","guid":{"rendered":"http:\/\/hocalihaber.com\/?p=1017"},"modified":"2015-07-18T16:50:35","modified_gmt":"2015-07-18T14:50:35","slug":"isadaminin-kacirilip-oldurulmesinde-sok-gercekler-ortaya-cikti-5-milyon-euro-fidye-isteyen-cete-tarafindan-oldurulen-isadami-mehmet-turgutun-ceteye-yardim-eden-ozel-soforlerinden-fatih-c","status":"publish","type":"post","link":"https:\/\/hocalihaber.com\/az\/isadaminin-kacirilip-oldurulmesinde-sok-gercekler-ortaya-cikti-5-milyon-euro-fidye-isteyen-cete-tarafindan-oldurulen-isadami-mehmet-turgutun-ceteye-yardim-eden-ozel-soforlerinden-fatih-c\/","title":{"rendered":"\u0130\u015fadam\u0131n\u0131n ka\u00e7\u0131r\u0131l\u0131p \u00f6ld\u00fcr\u00fclmesinde \u015fok ger\u00e7ekler ortaya \u00e7\u0131kt\u0131 5 milyon Euro fidye isteyen \u00e7ete taraf\u0131ndan \u00f6ld\u00fcr\u00fclen i\u015fadam\u0131 Mehmet Turgut\u2019un, \u00e7eteye yard\u0131m eden \u00f6zel \u015fof\u00f6rlerinden Fatih \u00c7.\u2019yi evlendirdi\u011fi ve t\u00fcm masraflar\u0131n\u0131 \u00fcstlendi\u011fi ortaya \u00e7\u0131kt\u0131. \u0130\u015fadam\u0131n\u0131n k\u0131z istemeye bile giderek Fatih \u00c7. i\u00e7in \u201cBen ona kefilim\u201d dedi\u011fi \u00f6\u011frenildi"},"content":{"rendered":"<p><strong>sosial mediyada dola\u015fan laflara g\u00f6re\u00a0ailenin 12 y\u0131ll\u0131k \u015fof\u00f6r\u00fc olan Fatih \u00c7. kimli\u011fni de\u011fi\u015fmi\u015f ermeni\u00a0<a href=\"http:\/\/hocalihaber.com\/wp-content\/uploads\/2015\/07\/ermen1.jpeg\"><img loading=\"lazy\" decoding=\"async\" class=\"aligncenter size-medium wp-image-1018\" src=\"http:\/\/hocalihaber.com\/wp-content\/uploads\/2015\/07\/ermen1-300x168.jpeg\" alt=\"ermen1\" width=\"300\" height=\"168\" srcset=\"https:\/\/hocalihaber.com\/wp-content\/uploads\/2015\/07\/ermen1-300x168.jpeg 300w, https:\/\/hocalihaber.com\/wp-content\/uploads\/2015\/07\/ermen1.jpeg 606w\" sizes=\"auto, (max-width: 300px) 100vw, 300px\" \/><\/a><br \/>\n<\/strong><\/p>\n<p>Bak\u0131r Kral\u0131 C\u00fcneyt Ali Turgut\u2019un babas\u0131 ve Dost Saat\u2019in kurucusu i\u015fadam\u0131 Mehmet Turgut\u2019un fidye i\u00e7in ka\u00e7\u0131r\u0131l\u0131p \u00f6ld\u00fcr\u00fclmesiyle ilgili 17 ki\u015finin sorgusu s\u00fcr\u00fcyor. \u00c7eteye yard\u0131m etti\u011fi belirlenen ailenin \u00f6zel \u015fof\u00f6r\u00fcyle ilgili ortaya \u00e7\u0131kan ger\u00e7ekler, \u201cKoynunda y\u0131lan beslemi\u015f\u201d dedirtiyor.<\/p>\n<div id=\"inread\">\n<div id=\"inread1_26817\">\n<div id=\"inread_26817\">\n<table border=\"0\" width=\"100%\" cellspacing=\"0\" cellpadding=\"0\">\n<tbody>\n<tr id=\"zd_tr_26817\">\n<td id=\"zd_td_26817\"><iframe loading=\"lazy\" id=\"inReadMovie_26817\" src=\"http:\/\/z2.zedo.com\/client\/z2\/ff2.html?n=3077;c=61;s=6;d=85;w=426;mt=2;am=inArticle;h=340;#http:\/\/www.milliyet.com.tr\/isadaminin-kacirilip-gundem-2089280\/\" width=\"1\" height=\"1\" frameborder=\"0\" marginwidth=\"0\" marginheight=\"0\" scrolling=\"no\"><\/iframe><\/td>\n<\/tr>\n<\/tbody>\n<\/table>\n<\/div>\n<\/div>\n<\/div>\n<p>\u0130\u015fadam\u0131 Mehmet Turgut\u2019un, \u00e7eteye k\u00f6stebeklik yaparak her t\u00fcrl\u00fc bilgiyi aktaran o\u011flunun \u00f6zel \u015fof\u00f6r\u00fc Fatih \u00c7.\u2019yi evlendirdi\u011fi anla\u015f\u0131ld\u0131. Edinilen bilgilere g\u00f6re, ailenin 12 y\u0131ll\u0131k \u015fof\u00f6r\u00fc olan Fatih \u00c7.\u2019nin evlenmek istemesi \u00fczerine i\u015fadam\u0131 Turgut, bizzat k\u0131z istemeye gitmi\u015f. Bununla yetinmeyip \u201cBen ona kefilim\u201d demi\u015f. Fatih \u00c7.\u2019nin d\u00fc\u011f\u00fcn masraflar\u0131n\u0131 kar\u015f\u0131layan i\u015fadam\u0131, evinin harcamalar\u0131 i\u00e7in de yard\u0131m etmi\u015f. S\u00fcrd\u00fcr\u00fclen soru\u015fturmada \u00e7etenin bir numaral\u0131 k\u00f6stebe\u011fi \u00e7\u0131kan Fatih \u00c7.\u2019nin, ailenin polise gidip geli\u015fiyle ilgili bilgileri \u00e7eteye verdi\u011fi anla\u015f\u0131ld\u0131.<\/p>\n<p><strong>\u015eOF\u00d6RLERDEN \u015e\u00dcPHELENMEM\u0130\u015eLER<\/strong><\/p>\n<p>\u0130\u015fadam\u0131n\u0131n kay\u0131p oldu\u011fu d\u00f6nemde polisin arama yaparken aileye, \u201cMehmet Bey\u2019in ka\u00e7\u0131r\u0131lmas\u0131nda ailenizin i\u00e7inde tan\u0131d\u0131k birileri bulundu\u011funu d\u00fc\u015f\u00fcn\u00fcyoruz. \u015e\u00fcphelendi\u011finiz kimse var m\u0131?\u201d diye sordu\u011fu \u00f6\u011frenildi. Ailenin \u015f\u00fcphelendi\u011fi birilerinin olmad\u0131\u011f\u0131n\u0131 s\u00f6yledi\u011fi, \u015fof\u00f6rlerin \u00e7eteye yard\u0131m etti\u011finin ortaya \u00e7\u0131kmas\u0131n\u0131n ard\u0131ndan \u00e7ok \u015fa\u015f\u0131rd\u0131klar\u0131 ve \u201cBabam\u0131z onlara \u00e7ok iyilik yapt\u0131. \u00d6yle bir \u015feyi nas\u0131l yapt\u0131lar?\u201d diye tepki g\u00f6sterdikleri kaydedildi.<\/p>\n<p><strong>F\u0130DYEY\u0130 6 M\u0130LYON EURO\u2019YA \u00c7IKARMI\u015eLAR<\/strong><\/p>\n<p>Cinayetle ilgili di\u011fer ayr\u0131nt\u0131lara g\u00f6re; ailenin \u015fof\u00f6rleriyle irtibatl\u0131 olan \u00e7etenin lideri Rizgin B. ve adamlar\u0131n\u0131n Van\u2019a ka\u00e7mas\u0131ndan sonra polis operasyon d\u00fczenledi. \u0130\u015fadam\u0131n\u0131n sa\u011f olabilece\u011fi d\u00fc\u015f\u00fcn\u00fclerek fiziki takip yap\u0131ld\u0131. \u00c7ete, ailenin polise gitti\u011fini \u00f6\u011frenince \u201cAk\u0131ll\u0131 olun. Polise \u00e7ok gittiniz. Fidyeyi 5 milyondan 6 milyon Euro\u2019ya \u00e7\u0131kard\u0131k\u201d dedi. \u00c7ete, ailenin \u201cBabam\u0131z\u0131n sesini duymak istiyoruz\u201d s\u00f6z\u00fcne ise \u201cNe diyorsak o\u201d diyerek tehditle yan\u0131t verdi. Rizgin B.\u2019nin yakalanmas\u0131 s\u0131ras\u0131nda da apartmandan yakla\u015f\u0131k 5 bin adet uyu\u015fturucu hap\u0131n d\u0131\u015far\u0131ya at\u0131ld\u0131\u011f\u0131 \u00f6\u011frenildi.<\/p>\n<p>Adl\u0131 T\u0131p Kurumu\u2019nun \u00f6n inceleme raporunda, i\u015fadam\u0131n\u0131n b\u0131\u00e7akla veya silahla \u00f6ld\u00fcr\u00fclmedi\u011fi belirtildi. Ceset \u00e7\u00fcr\u00fcd\u00fc\u011f\u00fc i\u00e7in i\u015fadam\u0131n\u0131n nas\u0131l \u00f6ld\u00fcr\u00fcld\u00fc\u011f\u00fc y\u00f6n\u00fcnde bir ayr\u0131nt\u0131 da bulunamad\u0131. Kesin \u00f6l\u00fcm nedeni daha sonra belli olacak.<\/p>\n","protected":false},"excerpt":{"rendered":"<p>sosial mediyada dola\u015fan laflara g\u00f6re\u00a0ailenin 12 y\u0131ll\u0131k \u015fof\u00f6r\u00fc olan Fatih \u00c7. kimli\u011fni de\u011fi\u015fmi\u015f ermeni\u00a0 Bak\u0131r Kral\u0131 C\u00fcneyt Ali Turgut\u2019un babas\u0131 ve Dost Saat\u2019in kurucusu i\u015fadam\u0131 Mehmet Turgut\u2019un fidye i\u00e7in ka\u00e7\u0131r\u0131l\u0131p \u00f6ld\u00fcr\u00fclmesiyle ilgili 17 ki\u015finin sorgusu s\u00fcr\u00fcyor. \u00c7eteye yard\u0131m etti\u011fi belirlenen ailenin \u00f6zel \u015fof\u00f6r\u00fcyle ilgili ortaya \u00e7\u0131kan ger\u00e7ekler, \u201cKoynunda y\u0131lan beslemi\u015f\u201d dedirtiyor. \u0130\u015fadam\u0131 Mehmet Turgut\u2019un, \u00e7eteye [&hellip;]<\/p>\n","protected":false},"author":1,"featured_media":1018,"comment_status":"open","ping_status":"open","sticky":false,"template":"","format":"standard","meta":{"footnotes":""},"categories":[1],"tags":[],"class_list":{"0":"post-1017","1":"post","2":"type-post","3":"status-publish","4":"format-standard","5":"has-post-thumbnail","7":"category-uncategorized"},"aioseo_notices":[],"jetpack_featured_media_url":"https:\/\/hocalihaber.com\/wp-content\/uploads\/2015\/07\/ermen1.jpeg","_links":{"self":[{"href":"https:\/\/hocalihaber.com\/az\/wp-json\/wp\/v2\/posts\/1017","targetHints":{"allow":["GET"]}}],"collection":[{"href":"https:\/\/hocalihaber.com\/az\/wp-json\/wp\/v2\/posts"}],"about":[{"href":"https:\/\/hocalihaber.com\/az\/wp-json\/wp\/v2\/types\/post"}],"author":[{"embeddable":true,"href":"https:\/\/hocalihaber.com\/az\/wp-json\/wp\/v2\/users\/1"}],"replies":[{"embeddable":true,"href":"https:\/\/hocalihaber.com\/az\/wp-json\/wp\/v2\/comments?post=1017"}],"version-history":[{"count":0,"href":"https:\/\/hocalihaber.com\/az\/wp-json\/wp\/v2\/posts\/1017\/revisions"}],"wp:featuredmedia":[{"embeddable":true,"href":"https:\/\/hocalihaber.com\/az\/wp-json\/wp\/v2\/media\/1018"}],"wp:attachment":[{"href":"https:\/\/hocalihaber.com\/az\/wp-json\/wp\/v2\/media?parent=1017"}],"wp:term":[{"taxonomy":"category","embeddable":true,"href":"https:\/\/hocalihaber.com\/az\/wp-json\/wp\/v2\/categories?post=1017"},{"taxonomy":"post_tag","embeddable":true,"href":"https:\/\/hocalihaber.com\/az\/wp-json\/wp\/v2\/tags?post=1017"}],"curies":[{"name":"wp","href":"https:\/\/api.w.org\/{rel}","templated":true}]}}