{"id":10701,"date":"2016-04-07T19:09:01","date_gmt":"2016-04-07T17:09:01","guid":{"rendered":"http:\/\/hocalihaber.com\/?p=10701"},"modified":"2016-04-07T19:09:01","modified_gmt":"2016-04-07T17:09:01","slug":"azerbaycan-irevan-dram-tiyatrosu-ataturkun-erzurum-kongresini-anlatan-cumhuriyetin-ilk-sedasi-konulu-tiyatro-oyununu-sergiledi","status":"publish","type":"post","link":"https:\/\/hocalihaber.com\/az\/azerbaycan-irevan-dram-tiyatrosu-ataturkun-erzurum-kongresini-anlatan-cumhuriyetin-ilk-sedasi-konulu-tiyatro-oyununu-sergiledi\/","title":{"rendered":"Azerbaycan \u0130revan Dram Tiyatrosu, Atat\u00fcrk&#8217;\u00fcn Erzurum Kongresi&#8217;ni anlatan, &#8220;Cumhuriyet&#8217;in \u0130lk Sedas\u0131&#8221; konulu tiyatro oyununu sergiledi"},"content":{"rendered":"<div class=\"haber-baslik\"><strong>ERZURUM KONGRES\u0130&#8217;N\u0130 AZERBAYCAN T\u0130YATRO EK\u0130B\u0130 CANLANDIRDI.<\/strong><\/div>\n<p><strong>Ayd\u0131nlar oca\u011f\u0131 I\u011fd\u0131r \u015fubesi ve Kars Azerbaycan Konsoloslu\u011fu taraf\u0131ndan getirilen<a href=\"http:\/\/hocalihaber.com\/wp-content\/uploads\/2016\/04\/azerbaycan-irevan-dram-tiyatrosu-karsta-cumhuriyetin-ilk-sedasi-003.jpg\" rel=\"attachment wp-att-10702\"><br \/>\n<\/a><\/strong> Azerbaycan \u0130revan Dram Tiyatrosu, Atat\u00fcrk&#8217;\u00fcn Erzurum Kongresi&#8217;ni anlatan, &#8220;Cumhuriyet&#8217;in \u0130lk Sedas\u0131&#8221; konulu tiyatro oyununu sergiledi.<\/p>\n<p><img loading=\"lazy\" decoding=\"async\" src=\"http:\/\/www.igdirim76.com\/Images\/haberler\/erzurum-kongresini-azerbaycan-tiyatro-ekibi-canlandirdi---------.jpg\" alt=\"ERZURUM KONGRES\u0130'N\u0130 AZERBAYCAN T\u0130YATRO EK\u0130B\u0130 CANLANDIRDI.         \" width=\"620\" height=\"315\" border=\"0\" \/><\/p>\n<div class=\"ayrac\"><\/div>\n<div><\/div>\n<div id=\"iceriks\">\n<p>ERZURUM KONGRES\u0130&#8217;N\u0130 AZERBAYCAN T\u0130YATRO EK\u0130B\u0130 CANLANDIRDI.<\/p>\n<p>Ayd\u0131nlar oca\u011f\u0131\u00a0 I\u011fd\u0131r \u015fubesi ve Kars Azerbaycan Konsoloslu\u011fu taraf\u0131ndan getirilen Azerbaycan \u0130revan Dram Tiyatrosu, Atat\u00fcrk&#8217;\u00fcn Erzurum Kongresi&#8217;ni anlatan, &#8220;Cumhuriyet&#8217;in \u0130lk Sedas\u0131&#8221; konulu tiyatro oyununu sergiledi.<\/p>\n<p>K\u00fclt\u00fcr saray\u0131nda sergilenen oyuna I\u011fd\u0131r valisi Davut Haner, Garnizon Komutan\u0131\u00a0piyade \u00a0Kur. Alb. Ekrem K\u00fc\u00e7\u00fckberber Jandarma Alay komutan\u0131 Mustafa Ulus, Emniyet M\u00fcd\u00fcr\u00fc Y\u00fcksel Babal\u00a0, \u00a0Azerbaycan Kars Ba\u015fkonsoloslu\u011fu I\u011fd\u0131r Temsilcisi\u00a0Fariz\u00a0Caferov, TADDEF Genel Ba\u015fkan yard\u0131mc\u0131s\u0131 Serdar \u00dcnsal, K\u00fclt\u00fcr ve Turizim m\u00fcd\u00fc\u00fcr Osman Engindeniz.TAD I\u011fd\u0131r \u015fubesi ba\u015fkan yard\u0131mc\u0131lar\u0131 Erhan Yayc\u0131l\u0131,Tan Demirkaya,MHP Merkez il\u00e7e ba\u015fkan\u0131 Ya\u015far \u00c7ecen,Kafkas \u00c7e\u00e7en derne\u011fi ba\u015fkan\u0131 Muharrem \u00c7ecen ,\u00dclk\u00fc Ocaklar\u0131 ba\u015fkan\u0131 Arif G\u00fcrel ve vatanda\u015flar kat\u0131ld\u0131.<\/p>\n<p>\u0130revan Devlet Tiyatrosu Ba\u015fkan\u0131 \u0130ftixar Piriyev,I\u011fd\u0131r Valisi Davut Haner,Ayd\u0131nlar Oca\u011f\u0131 I\u011fd\u0131r \u015fube\u00a0 Ba\u015fkan\u0131 Murat S\u00fcrmeli,ye plaket verdi. Ayd\u0131nlar Oca\u011f\u0131 I\u011fd\u0131r \u015fube Ba\u015fkan\u0131 Murat S\u00fcrmeli,<span lang=\"EN-US\">\u2019<\/span>de K\u00fclt\u00fcrel \u00e7al\u0131\u015fmalar\u0131 nedeniyle Ara\u015ft\u0131rmac\u0131 yazarlar Nizamettin Onk ve Ziya Zakir Acar<span lang=\"EN-US\">\u2019<\/span>a\u00a0 bir plaket taktim etti.<\/p>\n<p>Ard\u0131ndan Atat\u00fcrk&#8217;\u00fcn Erzurum Kongresi&#8217;ni anlatan, &#8220;Cumhuriyet&#8217;in \u0130lk Sedas\u0131&#8221; konulu tiyatro oyununu oyuna ge\u00e7ildi.<\/p>\n<p>Vatanda\u015flar taraf\u0131ndan b\u00fcy\u00fck bir ilgiyle izlenen tiyatro oyunu sonunda oyuncular\u0131 izleyici ayakta alk\u0131\u015flad\u0131.<\/p>\n<p>\u0130zleyiciler,\u00c7ok g\u00fczel bir oyundu zevkle izledik T\u00fcrkiye cumhuriyetinin kurulu\u015fu Erzurum kongresi \u00e7ok g\u00fczel bir \u015fekilde anlat\u0131ld\u0131<span lang=\"EN-US\">\u201d<\/span>dediler.<\/p>\n<p><img loading=\"lazy\" decoding=\"async\" class=\"aligncenter  wp-image-10702\" src=\"http:\/\/hocalihaber.com\/wp-content\/uploads\/2016\/04\/azerbaycan-irevan-dram-tiyatrosu-karsta-cumhuriyetin-ilk-sedasi-003-300x199.jpg\" alt=\"azerbaycan-irevan-dram-tiyatrosu-karsta-cumhuriyetin-ilk-sedasi-003\" width=\"573\" height=\"380\" srcset=\"https:\/\/hocalihaber.com\/wp-content\/uploads\/2016\/04\/azerbaycan-irevan-dram-tiyatrosu-karsta-cumhuriyetin-ilk-sedasi-003-300x199.jpg 300w, https:\/\/hocalihaber.com\/wp-content\/uploads\/2016\/04\/azerbaycan-irevan-dram-tiyatrosu-karsta-cumhuriyetin-ilk-sedasi-003-100x65.jpg 100w, https:\/\/hocalihaber.com\/wp-content\/uploads\/2016\/04\/azerbaycan-irevan-dram-tiyatrosu-karsta-cumhuriyetin-ilk-sedasi-003-538x357.jpg 538w, https:\/\/hocalihaber.com\/wp-content\/uploads\/2016\/04\/azerbaycan-irevan-dram-tiyatrosu-karsta-cumhuriyetin-ilk-sedasi-003.jpg 670w\" sizes=\"auto, (max-width: 573px) 100vw, 573px\" \/><\/p>\n<\/div>\n","protected":false},"excerpt":{"rendered":"<p>ERZURUM KONGRES\u0130&#8217;N\u0130 AZERBAYCAN T\u0130YATRO EK\u0130B\u0130 CANLANDIRDI. Ayd\u0131nlar oca\u011f\u0131 I\u011fd\u0131r \u015fubesi ve Kars Azerbaycan Konsoloslu\u011fu taraf\u0131ndan getirilen Azerbaycan \u0130revan Dram Tiyatrosu, Atat\u00fcrk&#8217;\u00fcn Erzurum Kongresi&#8217;ni anlatan, &#8220;Cumhuriyet&#8217;in \u0130lk Sedas\u0131&#8221; konulu tiyatro oyununu sergiledi. ERZURUM KONGRES\u0130&#8217;N\u0130 AZERBAYCAN T\u0130YATRO EK\u0130B\u0130 CANLANDIRDI. Ayd\u0131nlar oca\u011f\u0131\u00a0 I\u011fd\u0131r \u015fubesi ve Kars Azerbaycan Konsoloslu\u011fu taraf\u0131ndan getirilen Azerbaycan \u0130revan Dram Tiyatrosu, Atat\u00fcrk&#8217;\u00fcn Erzurum Kongresi&#8217;ni anlatan, [&hellip;]<\/p>\n","protected":false},"author":1,"featured_media":10703,"comment_status":"open","ping_status":"open","sticky":false,"template":"","format":"standard","meta":{"footnotes":""},"categories":[1],"tags":[],"class_list":{"0":"post-10701","1":"post","2":"type-post","3":"status-publish","4":"format-standard","5":"has-post-thumbnail","7":"category-uncategorized"},"aioseo_notices":[],"jetpack_featured_media_url":"https:\/\/hocalihaber.com\/wp-content\/uploads\/2016\/04\/azerbaycan-irevan-devlet-dram-tiyatrosu-4466205_o.jpg","_links":{"self":[{"href":"https:\/\/hocalihaber.com\/az\/wp-json\/wp\/v2\/posts\/10701","targetHints":{"allow":["GET"]}}],"collection":[{"href":"https:\/\/hocalihaber.com\/az\/wp-json\/wp\/v2\/posts"}],"about":[{"href":"https:\/\/hocalihaber.com\/az\/wp-json\/wp\/v2\/types\/post"}],"author":[{"embeddable":true,"href":"https:\/\/hocalihaber.com\/az\/wp-json\/wp\/v2\/users\/1"}],"replies":[{"embeddable":true,"href":"https:\/\/hocalihaber.com\/az\/wp-json\/wp\/v2\/comments?post=10701"}],"version-history":[{"count":0,"href":"https:\/\/hocalihaber.com\/az\/wp-json\/wp\/v2\/posts\/10701\/revisions"}],"wp:featuredmedia":[{"embeddable":true,"href":"https:\/\/hocalihaber.com\/az\/wp-json\/wp\/v2\/media\/10703"}],"wp:attachment":[{"href":"https:\/\/hocalihaber.com\/az\/wp-json\/wp\/v2\/media?parent=10701"}],"wp:term":[{"taxonomy":"category","embeddable":true,"href":"https:\/\/hocalihaber.com\/az\/wp-json\/wp\/v2\/categories?post=10701"},{"taxonomy":"post_tag","embeddable":true,"href":"https:\/\/hocalihaber.com\/az\/wp-json\/wp\/v2\/tags?post=10701"}],"curies":[{"name":"wp","href":"https:\/\/api.w.org\/{rel}","templated":true}]}}