{"id":11227,"date":"2016-05-12T12:40:50","date_gmt":"2016-05-12T10:40:50","guid":{"rendered":"http:\/\/hocalihaber.com\/?p=11227"},"modified":"2016-05-12T12:40:50","modified_gmt":"2016-05-12T10:40:50","slug":"aile-ve-sosyal-politikalar-bakan-yardimcisi-mehmet-bey-ersoy-bu-konuda-kendimizi-yarginin-savcinin-hakimin-yerine-koyarak-simdiden-bazi-seyler-konusmak-dogru-olmaz","status":"publish","type":"post","link":"https:\/\/hocalihaber.com\/az\/aile-ve-sosyal-politikalar-bakan-yardimcisi-mehmet-bey-ersoy-bu-konuda-kendimizi-yarginin-savcinin-hakimin-yerine-koyarak-simdiden-bazi-seyler-konusmak-dogru-olmaz\/","title":{"rendered":"Aile ve Sosyal Politikalar Bakan Yard\u0131mc\u0131s\u0131 \u00a0Mehmet bey Ersoy:  \u2018Bu konuda kendimizi yarg\u0131n\u0131n, savc\u0131n\u0131n, hakimin yerine koyarak \u015fimdiden baz\u0131 \u015feyler konu\u015fmak do\u011fru olmaz.\u2019"},"content":{"rendered":"<p>&nbsp;<\/p>\n<p><strong>Aile ve Sosyal Politikalar Bakan Yard\u0131mc\u0131s\u0131 say\u0131n Mehmet bey Ersoy:<\/strong>\u00a0 \u00a0\u00a0\u00a0\u2018Ba\u015fta \u00e7ocuklar\u0131m\u0131z ve t\u00fcm toplumu olumsuz y\u00f6nde etkileyen \u00a0olaylarda bizim \u00f6nceli\u011fimiz \u00e7arp\u0131tma ve y\u00f6nlendirmelerle \u00e7ocuk \u00fczerinden siyaset yapan baz\u0131 \u00e7evrelerle polemi\u011fe girmek de\u011fil ma\u011fdur \u00e7ocuklar\u0131m\u0131zd\u0131r.\u2019<\/p>\n<p><em><strong>G\u00fcndemi zapt eden konulardan birincisi \u00e7ocuk cinayetleridir; taciz, istismar ve\u2026 Biz sadece sorduk; biri birini takip eden olaylara yana\u015fma ve \u00e7\u00f6z\u00fcm yetkisi olanlar da cevaplad\u0131lar. <\/strong><\/em><\/p>\n<p>&nbsp;<\/p>\n<p><strong>\u00a0<\/strong><\/p>\n<p><strong><em>&#8211; 13. \u0130slam\u00a0<\/em><\/strong><em><a href=\"http:\/\/www.haber7.com\/etiket\/zirve\"><strong>Zirve<\/strong><\/a><\/em><strong><em>si&#8217;nde yer alan 107\u00a0 hedefin \u00f6ncelikli 18\u2019i s\u0131ras\u0131nda insan bilim ve teknoloji, insan haklar\u0131 koruma yer al\u0131yor. Aile ve \u00e7ocuklara ili\u015fkin daha hangi hedefler var ve bu toplant\u0131dan sonra planlad\u0131\u011f\u0131n\u0131z \u00e7al\u0131\u015fmalar s\u0131ras\u0131na hangi ilaveler edeceksiniz?<\/em><\/strong><\/p>\n<p>&#8211; \u00a0\u00a0\u00a0\u00a0\u00a013. \u0130slam Zirvesi Toplant\u0131s\u0131, \u0130slam \u0130\u015fbirli\u011fi Te\u015fkilat\u0131\u2019n\u0131n (\u0130\u0130T) 10-15 Nisan 2016 tarihlerinde \u0130\u0130T \u00dcyesi \u00dclkeler Devlet ve H\u00fck\u00fcmet Ba\u015fkanlar\u0131n\u0131n kat\u0131l\u0131m\u0131 ile \u0130stanbul\u2019da ger\u00e7ekle\u015ftirilmi\u015ftir.<br \/>\nZirveye Bakanl\u0131\u011f\u0131m\u0131z\u0131n da M\u00fcste\u015far Yard\u0131mc\u0131s\u0131 d\u00fczeyinde kat\u0131l\u0131m sa\u011flam\u0131\u015ft\u0131r ve \u201cToplumsal cinsiyet e\u015fitli\u011fini, e\u011fitimi ve aktif vatanda\u015fl\u0131\u011f\u0131 desteklemek konusunda gen\u00e7lik eylemlerinde medya\/sosyal medya\u201d konusunda konu\u015fma yap\u0131lm\u0131\u015ft\u0131r. \u00a0Bilindi\u011fi gibi Zirve her \u00fc\u00e7 y\u0131l toplan\u0131p, ortak politik, ekonomik ve sosyal alanlarda uluslararas\u0131 durumun g\u00f6zden ge\u00e7irilmesi ve \u0130slam \u00fclkeleri \u00fczerindeki etkisini analiz etmeyi ama\u00e7lamaktad\u0131r.\u00a0 Zirve sonucunda da &#8220;\u0130stanbul Deklarasyonu&#8221; yay\u0131mlanm\u0131\u015ft\u0131r. \u00a0Zirvede yoksullukla m\u00fccadele, ter\u00f6r ve a\u015f\u0131r\u0131c\u0131l\u0131kla m\u00fccadele, yat\u0131r\u0131m ve finans, bilim ve teknoloji, iklim de\u011fi\u015fikli\u011fi ve s\u00fcrd\u00fcrebilirlik, dini topluluklar aras\u0131 ili\u015fkiler, ortak \u0130slami insani eylem, iyi y\u00f6neti\u015fim ve insan haklar\u0131 konular\u0131na ili\u015fkin 107 hedef yer alm\u0131\u015ft\u0131r. \u00a0\u00a0Alt hedefler i\u00e7erisinde Aile ve Sosyal Politikalar Bakanl\u0131\u011f\u0131m\u0131z\u0131 ilgilendiren yoksullukla m\u00fccadele ve insani yard\u0131mlar, muhta\u00e7 ve savunmas\u0131z durumda olan insanlar\u0131n korunmas\u0131 ve desteklenmesi, kad\u0131n ve aile refah\u0131n\u0131n artt\u0131r\u0131lmas\u0131 ve g\u00fc\u00e7lendirilmesi, toplumsal cinsiyet e\u015fitli\u011fi, \u00e7ocuk haklar\u0131n\u0131 koruma, ya\u015fl\u0131 ve \u00f6zel ihtiya\u00e7 sahibi insanlar\u0131n sosyal g\u00fcvenli\u011fini sa\u011flama, artt\u0131rma ve destekleme, aile, \u00e7ocuk, kad\u0131n, gen\u00e7, ya\u015fl\u0131 ve \u00f6zel ihtiya\u00e7 sahibi insanlar alan\u0131nda STK lar\u0131n rol\u00fcn\u00fcn artt\u0131r\u0131lmas\u0131 konular\u0131 bulunmaktad\u0131r.\u00a0 <strong>K\u0131sa \u00f6zetlemek gerekirse<em>; \u00a0<\/em><\/strong><em>Bakanl\u0131\u011f\u0131m\u0131z sosyal yard\u0131mlara ili\u015fkin olarak veri taban\u0131m\u0131zda yer alan bilgilerin, yerel y\u00f6netimler ve K\u0131z\u0131lay ile payla\u015f\u0131m\u0131 i\u00e7in yasal alt yap\u0131 olu\u015fturulmu\u015ftur. Veri Payla\u015f\u0131m esaslar\u0131n\u0131n tespitine y\u00f6nelik Y\u00f6netmelik de yay\u0131mlanm\u0131\u015ft\u0131r. Veri payla\u015f\u0131m\u0131n\u0131n e-devlet kap\u0131s\u0131 \u00fczerinden yap\u0131lmas\u0131na y\u00f6nelik teknik \u00e7al\u0131\u015fmalar da tamamlanm\u0131\u015ft\u0131r. \u00a0<\/em>\u00d6n\u00fcm\u00fczdeki s\u00fcre\u00e7te yoksullukla m\u00fccadele hedeflerine ula\u015fmay\u0131 sa\u011flayacak sosyal yard\u0131m sisteminin hukuki, sistemsel, kurumsal boyutuyla tesisi i\u00e7in \u201c<strong>Sosyal Yard\u0131mlarda D\u00f6n\u00fc\u015f\u00fcm Program\u0131<\/strong>\u201d haz\u0131rlanacakt\u0131r. B\u00f6ylelikle sosyal yard\u0131m t\u00fcrleri, yard\u0131mlardan yararlanma kriterleri, finansman kaynaklar\u0131, denetim usulleri ve sosyal yard\u0131m te\u015fkilat\u0131 yeni ba\u015ftan kurgulanacakt\u0131r. Ayr\u0131ca D\u00fcnya Bankas\u0131 ile i\u015fbirli\u011fi i\u00e7inde \u201c<strong>T\u00fcrkiye\u2019de Sosyal Yard\u0131m Sisteminin Kar\u015f\u0131la\u015ft\u0131rmal\u0131 Analizi\u201d<\/strong> \u00e7al\u0131\u015fmas\u0131 tamamlanarak sosyal yard\u0131m sisteminin d\u00fcnya uygulamalar\u0131 \u00e7er\u00e7evesinde kar\u015f\u0131la\u015ft\u0131rmal\u0131 g\u00f6r\u00fcn\u00fcm\u00fc ve iyile\u015ftirici \u00f6nlemler raporlanacakt\u0131r. <em>\u00a0\u00a0<\/em>Her y\u0131l 6 b\u00fcy\u00fck\u015fehirde Sosyal Sorunlar\u0131n Yo\u011funla\u015ft\u0131\u011f\u0131 Alanlarda Uyumun G\u00fc\u00e7lendirilmesi Bile\u015feni kapsam\u0131nda \u201c<strong>Sosyal Uyum Analizi<\/strong>\u201d yap\u0131larak i\u015fsizlik, yoksulluk, kamu hizmetlerine eri\u015fim problemi vs. ya\u015fayan alanlar tespit edilecektir. <em>\u00a0<\/em>AB \u0130lerleme Raporlar\u0131nda yer alan ulusal strateji eksikli\u011fi ele\u015ftirileri \u201c<strong>Ulusal Yoksullukla M\u00fccadele Stratejisi<\/strong>\u201d ile ortadan kald\u0131r\u0131lacakt\u0131r.<em>\u00a0 <\/em>Bulundu\u011fumuz co\u011frafyan\u0131n en \u00f6nemli sorunlar\u0131ndan biri olan madde ba\u011f\u0131ml\u0131l\u0131\u011f\u0131 konusunda da \u201c<strong>Madde Kullan\u0131m Riski ve Madde Ba\u011f\u0131ml\u0131l\u0131\u011f\u0131ndan Korunma\u201d <\/strong>ya ili\u015fkin \u00e7al\u0131\u015fmalar\u0131m\u0131z devam edecektir.<em>\u00a0 <\/em>Bununla birlikte \u201cAile \u0130\u00e7i \u015eiddetle M\u00fccadele Projesi\u201dnin \u2018<strong>Kad\u0131na Y\u00f6nelik \u015eiddetle M\u00fccadelede Yerel ve Ulusal STK\u2019lar\u0131n Kapasitesinin G\u00fc\u00e7lendirilmesi Hibe Program\u0131\u2019<\/strong> bile\u015feni kapsam\u0131nda yerel ve ulusal d\u00fczeyde sivil toplum kurulu\u015flar\u0131n\u0131n kad\u0131na kar\u015f\u0131 \u015fiddetle m\u00fccadelede kapasitelerinin g\u00fc\u00e7lendirilmesi sa\u011flanmaktad\u0131r.<\/p>\n<p>Bakanl\u0131k olarak her zaman ate\u015fi s\u00f6nd\u00fcrmeye, ac\u0131lar\u0131 dindirmeye gayret ettik. Her ne pahas\u0131na olursa olsun, mazlumlar\u0131n, ma\u011fdurlar\u0131n, ihtiya\u00e7 sahiplerinin yan\u0131ndayd\u0131k. Bu \u00e7er\u00e7evede yan\u0131ba\u015f\u0131m\u0131zdaki vah\u015fetten ka\u00e7arak \u00fclkemize s\u0131\u011f\u0131nan m\u00fcltecilere gerek kamp i\u00e7erisinde gerekse kamp d\u0131\u015f\u0131nda \u00e7ok \u00f6nemli destekler verdik. Sa\u011flad\u0131\u011f\u0131m\u0131z desteklerle adeta <strong>k\u00fcresel vicdan\u0131n sesi<\/strong> olduk.<strong>\u00a0 <\/strong>\u00d6n\u00fcm\u00fczdeki d\u00f6nemde de ulusal ve uluslararas\u0131 sivil toplum kurulu\u015flar\u0131 ile i\u015fbirli\u011fi halinde ihtiya\u00e7 sahiplerinin yan\u0131nda olaca\u011f\u0131z. <strong>\u00a0<\/strong>Art\u0131k d\u00fcnyadaki sosyal devlet anlay\u0131\u015f\u0131, sosyal hizmet ve yard\u0131m kavram\u0131 ve muhteviyat\u0131 olduk\u00e7a farkl\u0131 bir i\u00e7erik kazanm\u0131\u015ft\u0131r. \u00d6yle ki her ge\u00e7en g\u00fcn yeni ihtiya\u00e7 gruplar\u0131 ortaya \u00e7\u0131kmakta, bu ihtiya\u00e7 gruplar\u0131na y\u00f6nelik yeni kurumsal ve bireysel hizmet modelleri geli\u015ftirmek zaruri hale gelmektedir. Bu \u00e7er\u00e7evede \u00e7ocuk, aile, engelli, ya\u015fl\u0131 ve kad\u0131nlar\u0131m\u0131za; ayr\u0131ca yurtd\u0131\u015f\u0131nda ya\u015fanan vatanda\u015flar\u0131m\u0131za, gazilerimize ve \u015fehit yak\u0131nlar\u0131m\u0131za y\u00f6nelik hizmetlerimizde ciddi a\u00e7\u0131l\u0131mlar ger\u00e7ekle\u015ftirilmi\u015f, sosyal yard\u0131mlara artan oranda kamu kayna\u011f\u0131 tahsis edilerek yeni yard\u0131m programlar\u0131 hayata ge\u00e7irilmi\u015ftir. Bakanl\u0131\u011f\u0131m\u0131z toplumun t\u00fcm kesimleri ile ileti\u015fim ve i\u015fbirli\u011fi i\u00e7inde, uygulamalar\u0131 yerinde izleyerek, sahip oldu\u011fu kaynaklar\u0131 en etkili bi\u00e7imde kullanarak \u00e7al\u0131\u015fmaya devam edecektir.<\/p>\n<p>D\u00fcnyan\u0131n ve \u00fclkemizin de\u011fi\u015fen \u015fartlar\u0131, <strong>2023 Vizyonu\u2019muz<\/strong>, <strong>Kalk\u0131nma Planlar\u0131m\u0131z<\/strong>, <strong>64. \u00dcnc\u00fc H\u00fck\u00fcmet Program\u0131m\u0131z<\/strong> ve \u201c<strong>Aile N\u00fcfusunun Korunmas\u0131 Program\u0131<\/strong>\u201d ndaki hedeflerimiz \u00e7er\u00e7evesinde, sosyal alanda yapaca\u011f\u0131m\u0131z reformlar ile milletimizin bize verdi\u011fi emanete en g\u00fc\u00e7l\u00fc \u015fekilde sahip \u00e7\u0131kaca\u011f\u0131z. Bu anlamda sosyal yard\u0131m ve sosyal hizmete ihtiyac\u0131 olan b\u00fct\u00fcn dezavantajl\u0131 vatanda\u015flar\u0131m\u0131za ula\u015facak olan <strong>\u201cAile Sosyal Destek Program\u0131n\u0131\u201d (ASDEP)<\/strong> hayata ge\u00e7irmek \u00f6ncelikli planlar\u0131m\u0131z aras\u0131ndad\u0131r. <strong>\u00c7\u00fcnk\u00fc bizim milletimize bir s\u00f6z\u00fcm\u00fcz var ve s\u00f6z verdi\u011fimiz gibi<\/strong>, bu \u00fclkenin \u00e7ocuklar\u0131n\u0131n, kad\u0131nlar\u0131n\u0131n, engellilerinin, ya\u015fl\u0131lar\u0131n, \u015fehit yak\u0131nlar\u0131 ile gazilerinin ve yurt d\u0131\u015f\u0131nda ya\u015fayan T\u00fcrk Vatanda\u015flar\u0131n\u0131n, hi\u00e7bir sorunun kal\u0131c\u0131 ve \u00e7\u00f6z\u00fcms\u00fcz olmad\u0131\u011f\u0131n\u0131 g\u00f6rmelerini sa\u011flad\u0131k. Kimseyi sahipsiz b\u0131rakmad\u0131k. Yoksula elimizi uzatt\u0131k muhtac\u0131n yan\u0131nda oldu\u011fumuzu her zaman g\u00f6sterdik. \u00d6<strong>nceli\u011fimiz<\/strong>, etkiyi yetkide de\u011fil, \u015fefkatte, merhamette ve hikmette g\u00f6rmektir. <strong>Amac\u0131m\u0131z <\/strong>ise h\u00fck\u00fcmranl\u0131k de\u011fil milletimize hizmetk\u00e2rl\u0131kt\u0131r.<\/p>\n<p><strong><em>&#8211;\u00a0<\/em><\/strong><strong><em>\u0130nsan haklar\u0131 ve kad\u0131n cinayetleri. Paradoks nerededir? Avrupa Birli\u011fine \u00fcye olmak i\u00e7in \u00e7aba veren bir toplumda kad\u0131n cinayetleri k\u00e2busa \u00e7evrilmi\u015f.\u00a0<\/em><\/strong><em><a href=\"https:\/\/www.google.com.tr\/url?sa=t&amp;rct=j&amp;q=&amp;esrc=s&amp;source=web&amp;cd=1&amp;cad=rja&amp;uact=8&amp;sqi=2&amp;ved=0ahUKEwjdzbD45JXMAhUEXhoKHV_MDfMQFggaMAA&amp;url=http%3A%2F%2Fwww.aile.gov.tr%2F&amp;usg=AFQjCNGYHx7VmD_xXnPY8FmTXxFt3l9zhA&amp;sig2=iQDJ5MD3Oda4lqPdFGknzQ&amp;bvm=bv.119745492,d.bGg\"><strong>T.C. Aile ve Sosyal Politikalar Bakanl\u0131\u011f\u0131<\/strong><\/a><\/em><strong><em>\u00a0olarak hangi \u00e7al\u0131\u015fmalar yap\u0131l\u0131yor?<\/em><\/strong><\/p>\n<p>&#8211; \u00dclkemizde son 10 y\u0131l i\u00e7inde; hukuktan, e\u011fitime, sa\u011fl\u0131ktan, istihdama, sosyal politikalardan desteklere, \u00e7al\u0131\u015fma hayat\u0131ndan siyasal hayata kat\u0131l\u0131ma kadar, kad\u0131nlar\u0131m\u0131z i\u00e7in pozitif ayr\u0131mc\u0131l\u0131k i\u00e7eren pek \u00e7ok d\u00fczenleme hayata ge\u00e7mi\u015ftir. \u00a0Bakanl\u0131k olarak da kad\u0131na y\u00f6nelik \u015fiddetle m\u00fccadele alan\u0131nda yasal d\u00fczenlemeler, fark\u0131ndal\u0131k yaratma ve e\u011fitim \u00e7al\u0131\u015fmalar\u0131, koruyucu hizmet sunumu ve \u015fiddet ma\u011fdurlar\u0131n\u0131n g\u00fc\u00e7lendirilmesi, kurumlar aras\u0131 i\u015fbirli\u011fi ve koordinasyonu art\u0131rma, \u015fiddet ma\u011fduru kad\u0131nlar\u0131n korunmas\u0131 ve desteklenmesine y\u00f6nelik kurumsal mekanizmalar\u0131n g\u00fc\u00e7lendirilmesi ba\u015fl\u0131klar\u0131 alt\u0131nda \u00e7ok boyutlu ve t\u00fcm taraflar\u0131n katk\u0131s\u0131 ile kararl\u0131l\u0131kla \u00e7al\u0131\u015fmalar s\u00fcrd\u00fcr\u00fcyoruz. \u00a0Bu anlamda bir \u00e7eli\u015fkiden\/paradokstan bahsetmek m\u00fcmk\u00fcn g\u00f6z\u00fckm\u00fcyor.<\/p>\n<p>Bununla birlikte kad\u0131na y\u00f6nelik \u015fiddetle m\u00fccadelenin; devlet, sivil toplum, medya ve \u00f6zel sekt\u00f6r gibi bir\u00e7ok taraf\u0131n b\u00fct\u00fcnc\u00fcl yakla\u015f\u0131m\u0131yla, uzun soluklu ve kararl\u0131 bir \u015fekilde, kesintisiz s\u00fcrd\u00fcr\u00fclmesi gerekmektedir.<\/p>\n<p>Bu kapsamda, Aile ve Sosyal Politikalar Bakanl\u0131\u011f\u0131m\u0131z taraf\u0131ndan kad\u0131na y\u00f6nelik \u015fiddetle m\u00fccadele \u201c<strong>\u015fiddete s\u0131f\u0131r tolerans<\/strong>\u201d ilkesiyle \u00e7ok geni\u015f yelpazede Adalet Bakanl\u0131\u011f\u0131, \u0130\u00e7i\u015fleri Bakanl\u0131\u011f\u0131, Sa\u011fl\u0131k Bakanl\u0131\u011f\u0131 ba\u015fta olmak \u00fczere t\u00fcm taraflar\u0131n kapsaml\u0131 i\u015fbirli\u011fi ve ortak duru\u015fuyla y\u00fcr\u00fct\u00fclmektedir.<\/p>\n<p>Bakanl\u0131\u011f\u0131m\u0131z, t\u00fcm taraflar\u0131n kat\u0131l\u0131m\u0131yla mevzuat\u0131n g\u00f6zden ge\u00e7irilerek iyile\u015ftirilmesi, fark\u0131ndal\u0131k ve zihniyet d\u00f6n\u00fc\u015f\u00fcm\u00fcn\u00fcn sa\u011flanmas\u0131, koruyucu ve \u00f6nleyici hizmetlerin g\u00fc\u00e7lendirilmesi, \u015fiddet uygulayan ve \u015fiddet ma\u011fdurlar\u0131na y\u00f6nelik sa\u011fl\u0131k hizmetlerinin d\u00fczenlenmesi ve uygulanmas\u0131, kurum, kuru\u015flar aras\u0131 i\u015fbirli\u011fi ve politikalar\u0131n geli\u015ftirilmesi konusunda kapsay\u0131c\u0131 d\u00fczenlemeleri hayata ge\u00e7irmi\u015ftir. \u201c<strong>Aile \u0130\u00e7i \u015eiddetle M\u00fccadele Projesi\u201d <\/strong>bunlardan en dikkat \u00e7ekici projedir.<\/p>\n<p>Biz kad\u0131na y\u00f6nelik \u015fiddetle m\u00fccadele konusunda yap\u0131lan yasal \u00e7al\u0131\u015fmalar ve al\u0131nan tedbirler kadar <strong>zihniyet d\u00f6n\u00fc\u015f\u00fcm\u00fcn\u00fcn de <\/strong>\u00f6nemine inan\u0131yoruz. Fark\u0131ndal\u0131k yaratma ve zihniyet d\u00f6n\u00fc\u015f\u00fcm\u00fcn\u00fcn sa\u011flanmas\u0131 kapsam\u0131nda; T\u00fcrkiye\u2019de kad\u0131n erkek e\u015fitli\u011finin g\u00fc\u00e7lendirilmesi ve kad\u0131na y\u00f6nelik \u015fiddetin \u00f6nlenmesi amac\u0131yla \u00fclke genelinde kamu kurum ve kurulu\u015flar\u0131nda g\u00f6rev yapmakta olan personele ve \u00fcniversite \u00f6\u011frencilerine y\u00f6nelik kad\u0131n-erkek e\u015fitli\u011fi ve kad\u0131na y\u00f6nelik \u015fiddet konulu e\u011fitim ve seminerler ger\u00e7ekle\u015ftiriyoruz.<\/p>\n<p>Yap\u0131lanlar \u00f6nemli olmakla birlikte, elbette hala dikkat etmemiz gereken \u00e7ok yol var, bunun fark\u0131nday\u0131z. Kanun \u00e7\u0131karman\u0131n, kural koyman\u0131n yetmedi\u011fini biliyoruz.<\/p>\n<p>Ancak kad\u0131n ve aileye ili\u015fkin \u00fcretilen kavram, teori ve modellerin, hukuki d\u00fczenlemelerin ve bulunan \u00e7\u00f6z\u00fcmlerin uygulamaya ge\u00e7irmeden \u00f6nce ve uygulama a\u015famas\u0131nda <strong>kendi toplumsal yap\u0131m\u0131z, zihin d\u00fcnyam\u0131z, k\u00fclt\u00fcrel ve de\u011ferlerimiz ile uyu\u015fup uyu\u015fmad\u0131\u011f\u0131 <\/strong>konusunda hassasiyet g\u00f6stermekteyiz.<\/p>\n<p>Toplumsal bir sorun olan <strong>\u015fiddetin merkezine kad\u0131nlar\u0131m\u0131z\u0131 al\u0131p bu durum \u00fczerinden bir kesim taraf\u0131ndan aile, evlilik gibi temel kurumlar\u0131m\u0131za sald\u0131r\u0131ya da m\u00fcsamaha g\u00f6stermeyece\u011fimiz<\/strong>i bilinmesini isterim.<\/p>\n<p>Biz mazlumun, inanc\u0131na, diline, k\u00f6kenine, fikrine bakmad\u0131\u011f\u0131m\u0131z gibi cinsiyetine de bakmay\u0131z.<\/p>\n<p>Ayn\u0131 \u015fekilde ma\u011fdur edenin de cinsiyetine bakmaz, erkek oldu\u011fu i\u00e7in onu ho\u015f g\u00f6rmeyiz. Zira bizim i\u00e7in <strong>her can Allah\u2019\u0131n bir emanetidir ve t\u00fcm imk\u00e2nlar\u0131m\u0131zla, t\u00fcm g\u00fcc\u00fcm\u00fczle ona sahip \u00e7\u0131kmak mecburiyetindeyiz.<\/strong><\/p>\n<p>Gerek sorunun te\u015fhisini, gerekse \u00e7\u00f6z\u00fcm\u00fcn\u00fc, \u201c<strong>farkl\u0131l\u0131klar\u0131\u201d yads\u0131madan<\/strong>, \u201c<strong>e\u015fit haklar<\/strong>\u201d temelinde ve \u201c<strong>aile<\/strong>\u201d gibi <strong>ortak de\u011ferlerimizi merkeze alarak kurgulayan arg\u00fcmanlar\u0131n g\u00fc\u00e7lendirilmesinin<\/strong> sosyal politikalar\u0131m\u0131z\u0131n temelini olu\u015fturdu\u011funu ifade etmek isterim.<a href=\"http:\/\/hocalihaber.com\/wp-content\/uploads\/2016\/05\/cocuk.jpg\"><img loading=\"lazy\" decoding=\"async\" class=\"aligncenter  wp-image-11222\" src=\"http:\/\/hocalihaber.com\/wp-content\/uploads\/2016\/05\/cocuk-300x153.jpg\" alt=\"cocuk\" width=\"610\" height=\"311\" srcset=\"https:\/\/hocalihaber.com\/wp-content\/uploads\/2016\/05\/cocuk-300x153.jpg 300w, https:\/\/hocalihaber.com\/wp-content\/uploads\/2016\/05\/cocuk-768x392.jpg 768w, https:\/\/hocalihaber.com\/wp-content\/uploads\/2016\/05\/cocuk-1024x523.jpg 1024w, https:\/\/hocalihaber.com\/wp-content\/uploads\/2016\/05\/cocuk-700x357.jpg 700w, https:\/\/hocalihaber.com\/wp-content\/uploads\/2016\/05\/cocuk-699x357.jpg 699w, https:\/\/hocalihaber.com\/wp-content\/uploads\/2016\/05\/cocuk-945x483.jpg 945w, https:\/\/hocalihaber.com\/wp-content\/uploads\/2016\/05\/cocuk.jpg 960w\" sizes=\"auto, (max-width: 610px) 100vw, 610px\" \/><\/a><\/p>\n<p>&nbsp;<\/p>\n<p><strong>\u2018Bu konuda kendimizi yarg\u0131n\u0131n, savc\u0131n\u0131n, hakimin yerine koyarak \u015fimdiden baz\u0131 \u015feyler konu\u015fmak do\u011fru olmaz.\u2019<\/strong><\/p>\n<ul>\n<li><strong><em>Son g\u00fcnler g\u00fcndem olan olaylardan biri de yat\u0131l\u0131 \u00e7ocuk yurtlar\u0131nda tecav\u00fcz cinayetleridir. En k\u00fc\u00e7\u00fck a\u00e7\u0131klaman\u0131n bile medyada man\u015fete\u00a0 \u00e7evrilmesi bu konuyu takip eden toplumun hakl\u0131 hassasiyetini sergiliyor. \u00a0<\/em><\/strong><\/li>\n<\/ul>\n<p>&nbsp;<\/p>\n<ul>\n<li>Tecav\u00fcz, \u015fiddet, istismar, suiistimal gibi toplumsal vicdan\u0131 ve insanl\u0131k onurunu rencide eden konular ve Bakanl\u0131\u011f\u0131m\u0131z\u0131n en hassas oldu\u011fu meseleler. \u00a0Bunlar\u0131 yapan, alet olan, vesile olan veya ihmalde bulunanlar\u0131n tespit edilmesi halinde herkesin en a\u011f\u0131r cezay\u0131 almas\u0131 i\u00e7in konunun d\u00fcn oldu\u011fu gibi bug\u00fcn de takip\u00e7isi olup Bakanl\u0131k olarak davalara m\u00fcdahil olmaktay\u0131z.\u00a0 Bakanl\u0131\u011f\u0131m\u0131z \u00e7al\u0131\u015fmalar\u0131 kapsam\u0131nda, cinsel istismara u\u011frayan \u00e7ocuklar\u0131n ya\u015fad\u0131klar\u0131 travmatik deneyimi en az zararla atlatmalar\u0131na y\u00f6nelik olarak \u00e7ocuklarla ve aile ile mesleki \u00e7al\u0131\u015fmalar y\u00fcr\u00fct\u00fclmektedir. \u00a0\u0130stismar ma\u011fduru \u00e7ocuklar\u0131n gerekli psikolojik ve sosyal destek hizmetlerinden yararlanmas\u0131 sa\u011flanmaktad\u0131r. \u00a0Aile ve \u00e7evrenin \u00e7ocu\u011fa yakla\u015f\u0131m\u0131 da de\u011ferlendirilerek s\u00fcrecin \u00e7ocu\u011fun y\u00fcksek yarar\u0131 \u00e7er\u00e7evesinde y\u00f6netilebilmesi ve \u00e7ocu\u011fa do\u011fru destekleme y\u00f6ntemlerinin uygulanabilmesi i\u00e7in aileye de dan\u0131\u015fmanl\u0131k hizmetleri verilmektedir. \u00a0\u00c7ocuk, aile, okul ve yak\u0131n \u00e7evre ile \u00e7al\u0131\u015fmalar y\u00fcr\u00fct\u00fclerek \u00e7ocuklar\u0131n ihtiya\u00e7lar\u0131 tespit edilmekte, bu ihtiya\u00e7lar\u0131na y\u00f6nelik bir m\u00fcdahale program\u0131 olu\u015fturulmaktad\u0131r. \u00c7ocuklar\u0131n ihtiya\u00e7lar\u0131na g\u00f6re 5395 Say\u0131l\u0131 \u00c7ocuk Koruma Kanunu \u00e7er\u00e7evesinde d\u00fczenlenmi\u015f olan tedbir kararlar\u0131 ile de \u00e7ocuklar\u0131n durumu, ilgili kurumlarla koordinasyon halinde izlenmektedir. Ba\u015fta \u00e7ocuklar\u0131m\u0131z ve t\u00fcm toplumu olumsuz y\u00f6nde etkileyen b\u00f6ylesi olaylarda bizim \u00f6nceli\u011fimiz \u00e7arp\u0131tma ve y\u00f6nlendirmelerle \u00e7ocuk \u00fczerinden siyaset yapan baz\u0131 \u00e7evrelerle polemi\u011fe girmek de\u011fil ma\u011fdur \u00e7ocuklar\u0131m\u0131zd\u0131r.<\/li>\n<\/ul>\n<p><strong>\u00a0<\/strong><\/p>\n<p><strong>\u00a0<\/strong><\/p>\n<ul>\n<li><em><strong>Milli E\u011fitim Bakanl\u0131\u011f\u0131\u2019n\u0131n \u00e7\u0131kard\u0131\u011f\u0131 \u00f6zel \u00f6\u011frenci yurtlar\u0131 y\u00f6netmeli\u011fine g\u00f6re, vak\u0131flar ve t\u00fczel ki\u015filiklerin ilk\u00f6\u011fretim d\u00fczeyindeki \u00f6\u011frenciler i\u00e7in yurt ya da pansiyon kurmalar\u0131 yasak. \u0130lk\u00f6\u011frenim d\u00fczeyindeki \u00e7ocuklar i\u00e7in sadece devlet taraf\u0131ndan yurt ya da pansiyon kurulabiliyor. \u0130simleri g\u00fcndem olan pansiyon ve yurtlarla ilgili ne d\u00fc\u015f\u00fcnceleriniz var?<\/strong><\/em><\/li>\n<\/ul>\n<p>&nbsp;<\/p>\n<ul>\n<li><\/li>\n<li>\u0130simleri g\u00fcndemde olan sivil toplum kurulu\u015flar\u0131yla ilgili olay \u015fu anda yarg\u0131ya intikal etti. Hem yarg\u0131 s\u00fcreci devam ediyor hem de Milli E\u011fitim Bakanl\u0131\u011f\u0131 olarak kurumu ilgilendiren y\u00f6n\u00fcyle idari soru\u015fturmalar bildi\u011fim kadar\u0131yla devam ediyor. Bu konuda kendimizi yarg\u0131n\u0131n, savc\u0131n\u0131n, hakimin yerine koyarak \u015fimdiden baz\u0131 \u015feyler konu\u015fmak do\u011fru olmaz. \u00a0Bakanl\u0131klar kanunlar\u0131n verdi\u011fi yetkiye istinaden pek \u00e7ok sivil toplum kurulu\u015fuyla kendi g\u00f6rev alanlar\u0131na ili\u015fkin i\u015fbirli\u011fi yapmaktad\u0131r. Bu anlamda sivil toplum kurulu\u015flar\u0131 ve hay\u0131rseverlerin deste\u011fiyle \u00e7ok ba\u015far\u0131l\u0131 i\u015fler yap\u0131ld\u0131\u011f\u0131n\u0131 da g\u00f6rmezden gelemeyiz. Herhangi bir ki\u015finin, o kurulu\u015fla ili\u015fkisinin ne d\u00fczeyde oldu\u011funu bilmedi\u011fimiz bir ki\u015finin, i\u015fledi\u011fi iddia edilen su\u00e7 veya su\u00e7lardan \u00f6t\u00fcr\u00fc topyek\u00fbn bir kurulu\u015fu zan alt\u0131nda b\u0131rakman\u0131n do\u011fru olmad\u0131\u011f\u0131n\u0131 bununla birlikte bu \u00fcz\u00fcc\u00fc olayda ihmali olan kim varsa hukuk \u00f6n\u00fcnde en a\u011f\u0131r cezay\u0131 almas\u0131 gerekti\u011fini d\u00fc\u015f\u00fcn\u00fcyorum.<\/li>\n<\/ul>\n<p><strong><em>\u00a0<\/em><\/strong><\/p>\n<p><strong><em>&#8211; Aile bakanl\u0131\u011f\u0131 ve Aileye y\u00f6nelik problemler s\u00f6ylendi mi hemen \u00e7ocuk ve kad\u0131nlar geliyor g\u00f6z \u00f6n\u00fcne. Taciz, istismar ve katiller de salt bu kesimde yap\u0131l\u0131yor. Nas\u0131l d\u00fc\u015f\u00fcn\u00fcyorsunuz, bilimsel e\u011fitim i\u00e7in erkeklerden ba\u015flamak daha faydal\u0131 olmaz m\u0131? Yani ulusal programlar ve projeler hep \u00e7ocuk ve kad\u0131nlar i\u00e7in yap\u0131l\u0131yor ama erkeklere ili\u015fkin neler var.<\/em><\/strong><\/p>\n<p><a href=\"http:\/\/hocalihaber.com\/wp-content\/uploads\/2016\/05\/1-uk-nc-davasi.jpg\"><img loading=\"lazy\" decoding=\"async\" class=\"aligncenter  wp-image-11223\" src=\"http:\/\/hocalihaber.com\/wp-content\/uploads\/2016\/05\/1-uk-nc-davasi-300x199.jpg\" alt=\"1-uk-nc-davasi\" width=\"647\" height=\"429\" srcset=\"https:\/\/hocalihaber.com\/wp-content\/uploads\/2016\/05\/1-uk-nc-davasi-300x199.jpg 300w, https:\/\/hocalihaber.com\/wp-content\/uploads\/2016\/05\/1-uk-nc-davasi.jpg 700w, https:\/\/hocalihaber.com\/wp-content\/uploads\/2016\/05\/1-uk-nc-davasi-100x65.jpg 100w, https:\/\/hocalihaber.com\/wp-content\/uploads\/2016\/05\/1-uk-nc-davasi-537x357.jpg 537w\" sizes=\"auto, (max-width: 647px) 100vw, 647px\" \/><\/a><\/p>\n<ul>\n<li>Aile ve Sosyal Politikalar Bakanl\u0131\u011f\u0131m\u0131z\u0131n sosyal ve k\u00fclt\u00fcrel dokudaki a\u015f\u0131nmalara kar\u015f\u0131 aile yap\u0131s\u0131n\u0131n ve de\u011ferlerinin korunarak gelecek nesillere sa\u011fl\u0131kl\u0131 bi\u00e7imde aktar\u0131lmas\u0131n\u0131 sa\u011flamak \u00fczere; sosyal hizmet ve yard\u0131m faaliyetlerini \u00f6zverili \u015fekilde y\u00fcr\u00fctmektedir.<br \/>\n\u201cE\u011fitim ailede ba\u015flar\u201d ilkesinden hareketle Bakanl\u0131\u011f\u0131m\u0131z taraf\u0131ndan, aile bireylerinin kar\u015f\u0131la\u015ft\u0131klar\u0131 sorunlar\u0131n en aza indirilebilmeleri ve sorunlar\u0131n aile oda\u011f\u0131nda \u00e7\u00f6z\u00fclmesine y\u00f6nelik olarak Aile E\u011fitim Program\u0131 (AEP) haz\u0131rlanm\u0131\u015ft\u0131r. Aile E\u011fitimi Program\u0131; aileleri bilgilendirmeye ve bilin\u00e7lendirerek ya\u015fam kalitelerini artt\u0131rmaya d\u00f6n\u00fck \u00f6nemli bir ad\u0131md\u0131r. Bu program, aile \u00fcyesi bireylerin \u00e7a\u011f\u0131n gerektirdi\u011fi temel aile ya\u015fam becerilerine y\u00f6nelik bilgi, beceri ve tutumlar\u0131 kapsaml\u0131 olarak edinebilmeleri i\u00e7in g\u00fcndelik ya\u015fam\u0131n b\u00fct\u00fcn\u00fcn\u00fc ku\u015fatan e\u011fitim ve ileti\u015fim, hukuk, iktisat, medya ve sa\u011fl\u0131k alanlar\u0131nda olmak \u00fczere 26 mod\u00fclden olu\u015fmaktad\u0131r. S\u00f6z konusu e\u011fitimimiz kad\u0131n veya erkek ayr\u0131m\u0131 g\u00f6zetmeksizin toplumun her kesimine hitap eden bir yeti\u015fkin e\u011fitimidir. Bakanl\u0131\u011f\u0131m\u0131z\u0131n \u00fccretsiz sundu\u011fu bu e\u011fitimlere herhangi bir cinsiyet ayr\u0131m\u0131 g\u00f6zetilmeksizin toplumun her kesimi davet edilmektedir. E\u011fitimlerde kat\u0131l\u0131mc\u0131lar\u0131n yakla\u015f\u0131k yar\u0131s\u0131n\u0131n erkeklerin olu\u015ftu\u011fu da g\u00f6zlenen bir ger\u00e7ektir. Aile ve Sosyal Politikalar Bakanl\u0131\u011f\u0131n\u0131n E\u011fitim ve Dan\u0131\u015fmanl\u0131k Hizmetleri kapsam\u0131nda geli\u015ftirmi\u015f oldu\u011fu programlardan bir tanesi olan \u201c<strong>Evlilik \u00d6ncesi E\u011fitim Program\u0131<\/strong>\u201d ile evlilik \u00e7a\u011f\u0131na gelmi\u015f ve aile kurmak i\u00e7in bir araya gelen \u00e7iftlerin, evlilik hayat\u0131na haz\u0131rlanmalar\u0131 ama\u00e7lanmaktad\u0131r. Evlilik \u00d6ncesi E\u011fitim Program\u0131 sadece evlenmek \u00fczere gelen \u00e7iftlere de\u011fil, silahalt\u0131ndaki er ve erba\u015flara, polis okullar\u0131 ve \u00fcniversitelerin son s\u0131n\u0131f \u00f6\u011frencilerine de verilmektedir. \u00a0Evlilik ya\u015fant\u0131s\u0131na bilin\u00e7li bireyler olarak girilmesini sa\u011flamak amac\u0131yla d\u00fczenlenen Evlilik \u00d6ncesi E\u011fitim Program\u0131na \u00f6zellikle er ve erba\u015flar\u0131n ilgisi ve kat\u0131l\u0131m\u0131 yo\u011fun olmaktad\u0131r.\u00a0 2013 y\u0131l\u0131ndan bug\u00fcne kadar 298.959 er ve erba\u015fa <strong>evlilik \u00f6ncesi e\u011fitim<\/strong> verilmi\u015ftir.\u00a0 \u00a0Evlilik \u00d6ncesi E\u011fitim Program\u0131 kapsam\u0131nda verilen \u00f6rneklerde kad\u0131n ve erke\u011fin aile ve toplum i\u00e7indeki rol\u00fc ve sorumluluklar\u0131 ile ilgili herhangi bir basmakal\u0131p yakla\u015f\u0131m ve kal\u0131p de\u011fer yarg\u0131lar\u0131 kullan\u0131lmam\u0131\u015f, toplumsal cinsiyet e\u015fitli\u011fi \u00e7er\u00e7evesinde hareket edilmi\u015ftir. E\u011fitim s\u00fcresince \u201ce\u015fler\u201d veya \u201ce\u015flerden biri\u201d tan\u0131mlamalar\u0131 kullan\u0131larak evlilikte i\u015fb\u00f6l\u00fcm\u00fc, sorumluluklar\u0131n e\u015fler aras\u0131nda anla\u015farak payla\u015f\u0131lmas\u0131, bireylerin haklar\u0131n\u0131n fark\u0131na varmas\u0131 gibi hususlar vurgulanmaktad\u0131r. AEP d\u00e2hilinde yer alan t\u00fcm mod\u00fcllerde toplumun farkl\u0131 kesimlerindeki kal\u0131pla\u015fm\u0131\u015f yarg\u0131lar\u0131 destekleyici ifadelerden \u00f6zellikle ka\u00e7\u0131n\u0131lm\u0131\u015f, \u201ckad\u0131n-erkek\u201d\u00a0 t\u00fcm bireylerin toplumun ba\u015fat unsurlar\u0131 oldu\u011fu kabul edilmi\u015ftir.<\/li>\n<\/ul>\n<p>Aile ve Sosyal Politikalar Bakanl\u0131\u011f\u0131 olarak, kad\u0131na y\u00f6nelik \u015fiddetle m\u00fccadelede erkeklerin bilin\u00e7lendirilmeleri ve s\u00fcrece d\u00e2hil edilmeleri noktas\u0131nda \u00f6nemli bir yeri T\u00fcrk Silahl\u0131 Kuvvetleri ve Diyanet \u0130\u015fleri Ba\u015fkanl\u0131\u011f\u0131yla i\u015fbirli\u011fi protokollerimiz olu\u015fturmaktad\u0131r.<br \/>\nBug\u00fcne kadar protokol kapsam\u0131nda ger\u00e7ekle\u015ftirilen e\u011fitimler ile toplamda 7.177 ki\u015finin e\u011fitici e\u011fitimi ger\u00e7ekle\u015ftirilmi\u015f, bu e\u011fiticiler ile 463.694 erba\u015f ve ere y\u00f6nelik e\u011fitimler tamamlanm\u0131\u015ft\u0131r.<br \/>\nKad\u0131na Y\u00f6nelik \u015eiddetle M\u00fccadelede toplumda \u00f6nc\u00fcl\u00fck rol\u00fc bulunup vatanda\u015flarla s\u00fcrekli diyalog halinde bulunan ve erkeklerin bilin\u00e7lendirilmesi noktas\u0131nda cami ve cami d\u0131\u015f\u0131 mek\u00e2nlarda \u00e7ok \u00f6nemli rol\u00fc bulunan din g\u00f6revlilerine(vaiz, imam-hatip, m\u00fcezzin-kayy\u0131m ve Kur\u2019an kursu \u00f6\u011freticileri) y\u00f6nelik olarak Bakanl\u0131\u011f\u0131m\u0131z ve Diyanet \u0130\u015fleri Ba\u015fkanl\u0131\u011f\u0131 aras\u0131nda imzalanan \u201cAilenin Korunmas\u0131 ve Kad\u0131na Y\u00f6nelik \u015eiddetin \u00d6nlenmesinde Din G\u00f6revlilerinin Katk\u0131s\u0131n\u0131n Sa\u011flanmas\u0131 \u0130\u015fbirli\u011fi Protokol\u00fc\u201d kapsam\u0131nda \u201caile i\u00e7i \u015fiddet, kad\u0131na y\u00f6nelik \u015fiddet, \u00e7ocu\u011fa y\u00f6nelik \u015fiddet, \u015fiddet ma\u011fdurlar\u0131na yakla\u015f\u0131m tarz\u0131, 6284 say\u0131l\u0131 Ailenin Korunmas\u0131 ve Kad\u0131na Kar\u015f\u0131 \u015eiddetin \u00d6nlenmesine\u00a0\u00a0\u00a0\u00a0\u00a0\u00a0\u00a0\u00a0\u00a0 Dair Kanun ve ilgili di\u011fer kanunlar\u0131n uygulanmas\u0131na y\u00f6nelik\u201d konular\u0131n yer ald\u0131\u011f\u0131 e\u011fitimler ile T\u00fcrkiye genelinde 537 e\u011fitici yeti\u015ftirilmi\u015f ve 47.566 personelin alan e\u011fitimleri tamamlanm\u0131\u015ft\u0131r. Ayr\u0131ca Bakanl\u0131\u011f\u0131m\u0131z e\u015fine \u015fiddet uygulam\u0131\u015f erkeklere y\u00f6nelik de \u00e7e\u015fitli programlar y\u00fcr\u00fctmektedir. 6284 Say\u0131l\u0131 Kanun kapsam\u0131nda \u00f6nleyici tedbir karar\u0131 verilen ki\u015filere y\u00f6nelik \u201c<strong>\u00d6fke Kontrol\u00fc ve \u015eiddet Konusunda Fark\u0131ndal\u0131k Sa\u011flanmas\u0131\u201d <\/strong>amac\u0131yla Ankara ili genelinde haklar\u0131nda \u00f6nleyici tedbir kararlar\u0131 kapsam\u0131nda \u00f6fke kontrol e\u011fitimi almas\u0131 y\u00f6n\u00fcnde mahkeme karar\u0131 bulunan 103 e\u015fine \u015fiddet uygulam\u0131\u015f erkek (fail) bireyle psiko-sosyal destek sa\u011flanm\u0131\u015ft\u0131r. Faillerle yap\u0131lan g\u00f6r\u00fc\u015fmelerde ba\u015flang\u0131\u00e7ta \u015fiddeti uygulad\u0131\u011f\u0131n\u0131 ink\u00e2r eden failin, ald\u0131\u011f\u0131 psiko-sosyal destekten sonra hatas\u0131n\u0131 kabul etti\u011fi, fark\u0131ndal\u0131\u011f\u0131n\u0131n artt\u0131\u011f\u0131 ve verilen Aile Dan\u0131\u015fmanl\u0131\u011f\u0131 hizmetleri ile de hayat\u0131n\u0131n normalle\u015fti\u011fi g\u00f6zlemlenmi\u015ftir.<\/p>\n","protected":false},"excerpt":{"rendered":"<p>&nbsp; Aile ve Sosyal Politikalar Bakan Yard\u0131mc\u0131s\u0131 say\u0131n Mehmet bey Ersoy:\u00a0 \u00a0\u00a0\u00a0\u2018Ba\u015fta \u00e7ocuklar\u0131m\u0131z ve t\u00fcm toplumu olumsuz y\u00f6nde etkileyen \u00a0olaylarda bizim \u00f6nceli\u011fimiz \u00e7arp\u0131tma ve y\u00f6nlendirmelerle \u00e7ocuk \u00fczerinden siyaset yapan baz\u0131 \u00e7evrelerle polemi\u011fe girmek de\u011fil ma\u011fdur \u00e7ocuklar\u0131m\u0131zd\u0131r.\u2019 G\u00fcndemi zapt eden konulardan birincisi \u00e7ocuk cinayetleridir; taciz, istismar ve\u2026 Biz sadece sorduk; biri birini takip eden olaylara yana\u015fma [&hellip;]<\/p>\n","protected":false},"author":5,"featured_media":11228,"comment_status":"open","ping_status":"open","sticky":false,"template":"","format":"standard","meta":{"footnotes":""},"categories":[6,3,14],"tags":[],"class_list":{"0":"post-11227","1":"post","2":"type-post","3":"status-publish","4":"format-standard","5":"has-post-thumbnail","7":"category-gundm","8":"category-3","9":"category-roportaj"},"aioseo_notices":[],"jetpack_featured_media_url":"https:\/\/hocalihaber.com\/wp-content\/uploads\/2016\/05\/13227890_858409580949206_465252869_n-1.jpg","_links":{"self":[{"href":"https:\/\/hocalihaber.com\/az\/wp-json\/wp\/v2\/posts\/11227","targetHints":{"allow":["GET"]}}],"collection":[{"href":"https:\/\/hocalihaber.com\/az\/wp-json\/wp\/v2\/posts"}],"about":[{"href":"https:\/\/hocalihaber.com\/az\/wp-json\/wp\/v2\/types\/post"}],"author":[{"embeddable":true,"href":"https:\/\/hocalihaber.com\/az\/wp-json\/wp\/v2\/users\/5"}],"replies":[{"embeddable":true,"href":"https:\/\/hocalihaber.com\/az\/wp-json\/wp\/v2\/comments?post=11227"}],"version-history":[{"count":0,"href":"https:\/\/hocalihaber.com\/az\/wp-json\/wp\/v2\/posts\/11227\/revisions"}],"wp:featuredmedia":[{"embeddable":true,"href":"https:\/\/hocalihaber.com\/az\/wp-json\/wp\/v2\/media\/11228"}],"wp:attachment":[{"href":"https:\/\/hocalihaber.com\/az\/wp-json\/wp\/v2\/media?parent=11227"}],"wp:term":[{"taxonomy":"category","embeddable":true,"href":"https:\/\/hocalihaber.com\/az\/wp-json\/wp\/v2\/categories?post=11227"},{"taxonomy":"post_tag","embeddable":true,"href":"https:\/\/hocalihaber.com\/az\/wp-json\/wp\/v2\/tags?post=11227"}],"curies":[{"name":"wp","href":"https:\/\/api.w.org\/{rel}","templated":true}]}}