{"id":11290,"date":"2016-05-16T14:34:51","date_gmt":"2016-05-16T12:34:51","guid":{"rendered":"http:\/\/hocalihaber.com\/?p=11290"},"modified":"2016-05-16T14:34:51","modified_gmt":"2016-05-16T12:34:51","slug":"erdogandan-jamalaya-eurovision-tebrigi","status":"publish","type":"post","link":"https:\/\/hocalihaber.com\/az\/erdogandan-jamalaya-eurovision-tebrigi\/","title":{"rendered":"Erdo\u011fan&#8217;dan Jamala&#8217;ya Eurovision Tebri\u011fi"},"content":{"rendered":"<h1><\/h1>\n<h2>Cumhurba\u015fkan\u0131 Erdo\u011fan, Ukrayna&#8217;y\u0131 temsilen kat\u0131ld\u0131\u011f\u0131 yar\u0131\u015fmada birinci olan K\u0131r\u0131ml\u0131 Tatar sanat\u00e7\u0131 Jamala&#8217;y\u0131 telefonla arayarak kutlad\u0131<\/h2>\n<div class=\"imagewrapper\"><img loading=\"lazy\" decoding=\"async\" class=\"\" src=\"http:\/\/img1.aksam.com.tr\/imgsdisk\/2016\/05\/16\/160520161316542638504_2.jpg\" alt=\"Cumhurba%C5%9Fkan%C4%B1+Erdo%C4%9Fan%E2%80%99dan+Jamala%E2%80%99ya+Eurovision+tebri%C4%9Fi\" width=\"1017\" height=\"570\" \/><\/p>\n<div id=\"kskd9129235\" class=\"kskdDiv kskdCls\">\n<div class=\"kskdDiv\" data-kioskid=\"9129235\">\n<div class=\"kskdDiv\" data-komp-komponent-id=\"6a5qv1o4\"><\/div>\n<div class=\"kskdDiv\"><\/div>\n<\/div>\n<\/div>\n<div class=\"bothclear\"><\/div>\n<\/div>\n<div id=\"cdxhd_bpid_142807_0\" class=\"cdxhd_142807 cdxhd_slot\"><\/div>\n<div id=\"textalan\">\n<p>Cumhurba\u015fkan\u0131 Recep Tayyip Erdo\u011fan, Ukrayna&#8217;y\u0131 temsilen kat\u0131ld\u0131\u011f\u0131 Eurovision \u015eark\u0131 Yar\u0131\u015fmas\u0131&#8217;nda birinci olan K\u0131r\u0131ml\u0131 Tatar sanat\u00e7\u0131 Jamala&#8217;y\u0131 bu sabah telefonla arayarak kutlad\u0131.<\/p>\n<p>Cumhurba\u015fkanl\u0131\u011f\u0131 kaynaklar\u0131ndan edinilen bilgiye g\u00f6re Erdo\u011fan, Ukrayna&#8217;y\u0131 temsilen kat\u0131ld\u0131\u011f\u0131 yar\u0131\u015fmada birinci olan K\u0131r\u0131ml\u0131 Tatar sanat\u00e7\u0131 Jamala&#8217;y\u0131 bu sabah telefonla arayarak kutlad\u0131.<\/p>\n<p>Cumhurba\u015fkan\u0131 Erdo\u011fan&#8217;\u0131n K\u0131r\u0131m Tatarlar\u0131n\u0131n trajedisini anlatan &#8220;1944&#8221; adl\u0131 \u015fark\u0131s\u0131yla Eurovision&#8217;da birinci olan Jamala&#8217;ya bundan sonraki sanat ya\u015fam\u0131nda da ba\u015far\u0131 dile\u011finde bulundu\u011fu kaydedildi.<\/p>\n<p>K\u0131r\u0131ml\u0131 Tatar sanat\u00e7\u0131 Jamala&#8217;n\u0131n da Cumhurba\u015fkan\u0131 Erdo\u011fan&#8217;a tebrik telefonunun kendisini \u00e7ok duyguland\u0131rd\u0131\u011f\u0131n\u0131 belirterek, te\u015fekk\u00fcrlerini iletti\u011fi \u00f6\u011frenildi. <strong>AA<\/strong><\/p>\n<\/div>\n","protected":false},"excerpt":{"rendered":"<p>Cumhurba\u015fkan\u0131 Erdo\u011fan, Ukrayna&#8217;y\u0131 temsilen kat\u0131ld\u0131\u011f\u0131 yar\u0131\u015fmada birinci olan K\u0131r\u0131ml\u0131 Tatar sanat\u00e7\u0131 Jamala&#8217;y\u0131 telefonla arayarak kutlad\u0131 Cumhurba\u015fkan\u0131 Recep Tayyip Erdo\u011fan, Ukrayna&#8217;y\u0131 temsilen kat\u0131ld\u0131\u011f\u0131 Eurovision \u015eark\u0131 Yar\u0131\u015fmas\u0131&#8217;nda birinci olan K\u0131r\u0131ml\u0131 Tatar sanat\u00e7\u0131 Jamala&#8217;y\u0131 bu sabah telefonla arayarak kutlad\u0131. Cumhurba\u015fkanl\u0131\u011f\u0131 kaynaklar\u0131ndan edinilen bilgiye g\u00f6re Erdo\u011fan, Ukrayna&#8217;y\u0131 temsilen kat\u0131ld\u0131\u011f\u0131 yar\u0131\u015fmada birinci olan K\u0131r\u0131ml\u0131 Tatar sanat\u00e7\u0131 Jamala&#8217;y\u0131 bu sabah telefonla [&hellip;]<\/p>\n","protected":false},"author":1,"featured_media":11291,"comment_status":"open","ping_status":"open","sticky":false,"template":"","format":"standard","meta":{"footnotes":""},"categories":[6,39,3],"tags":[],"class_list":{"0":"post-11290","1":"post","2":"type-post","3":"status-publish","4":"format-standard","5":"has-post-thumbnail","7":"category-gundm","8":"category-kultur","9":"category-3"},"aioseo_notices":[],"jetpack_featured_media_url":"https:\/\/hocalihaber.com\/wp-content\/uploads\/2016\/05\/camala.jpg","_links":{"self":[{"href":"https:\/\/hocalihaber.com\/az\/wp-json\/wp\/v2\/posts\/11290","targetHints":{"allow":["GET"]}}],"collection":[{"href":"https:\/\/hocalihaber.com\/az\/wp-json\/wp\/v2\/posts"}],"about":[{"href":"https:\/\/hocalihaber.com\/az\/wp-json\/wp\/v2\/types\/post"}],"author":[{"embeddable":true,"href":"https:\/\/hocalihaber.com\/az\/wp-json\/wp\/v2\/users\/1"}],"replies":[{"embeddable":true,"href":"https:\/\/hocalihaber.com\/az\/wp-json\/wp\/v2\/comments?post=11290"}],"version-history":[{"count":0,"href":"https:\/\/hocalihaber.com\/az\/wp-json\/wp\/v2\/posts\/11290\/revisions"}],"wp:featuredmedia":[{"embeddable":true,"href":"https:\/\/hocalihaber.com\/az\/wp-json\/wp\/v2\/media\/11291"}],"wp:attachment":[{"href":"https:\/\/hocalihaber.com\/az\/wp-json\/wp\/v2\/media?parent=11290"}],"wp:term":[{"taxonomy":"category","embeddable":true,"href":"https:\/\/hocalihaber.com\/az\/wp-json\/wp\/v2\/categories?post=11290"},{"taxonomy":"post_tag","embeddable":true,"href":"https:\/\/hocalihaber.com\/az\/wp-json\/wp\/v2\/tags?post=11290"}],"curies":[{"name":"wp","href":"https:\/\/api.w.org\/{rel}","templated":true}]}}