{"id":11502,"date":"2016-06-03T14:33:12","date_gmt":"2016-06-03T12:33:12","guid":{"rendered":"http:\/\/hocalihaber.com\/?p=11502"},"modified":"2016-06-03T14:34:32","modified_gmt":"2016-06-03T12:34:32","slug":"almanya-soykirim-kararinda-gulen-izi","status":"publish","type":"post","link":"https:\/\/hocalihaber.com\/az\/almanya-soykirim-kararinda-gulen-izi\/","title":{"rendered":"Almanya Soyk\u0131r\u0131m karar\u0131nda G\u00fclen \u0130zi"},"content":{"rendered":"<p><a href=\"http:\/\/hocalihaber.com\/wp-content\/uploads\/2016\/06\/g\u00fclen-mek.jpg\"><img loading=\"lazy\" decoding=\"async\" class=\"aligncenter  wp-image-11503\" src=\"http:\/\/hocalihaber.com\/wp-content\/uploads\/2016\/06\/g\u00fclen-mek-300x113.jpg\" alt=\"g\u00fclen mek\" width=\"799\" height=\"301\" srcset=\"https:\/\/hocalihaber.com\/wp-content\/uploads\/2016\/06\/g\u00fclen-mek-300x113.jpg 300w, https:\/\/hocalihaber.com\/wp-content\/uploads\/2016\/06\/g\u00fclen-mek-768x290.jpg 768w, https:\/\/hocalihaber.com\/wp-content\/uploads\/2016\/06\/g\u00fclen-mek-700x264.jpg 700w, https:\/\/hocalihaber.com\/wp-content\/uploads\/2016\/06\/g\u00fclen-mek-947x357.jpg 947w, https:\/\/hocalihaber.com\/wp-content\/uploads\/2016\/06\/g\u00fclen-mek.jpg 960w\" sizes=\"auto, (max-width: 799px) 100vw, 799px\" \/><\/a><a href=\"http:\/\/hocalihaber.com\/wp-content\/uploads\/2016\/06\/g\u00fclen-mek-2.jpg\"><img loading=\"lazy\" decoding=\"async\" class=\"aligncenter  wp-image-11504\" src=\"http:\/\/hocalihaber.com\/wp-content\/uploads\/2016\/06\/g\u00fclen-mek-2-192x300.jpg\" alt=\"g\u00fclen mek 2\" width=\"610\" height=\"958\" \/><\/a><a href=\"http:\/\/hocalihaber.com\/wp-content\/uploads\/2016\/06\/g\u00fclen-mek-1.jpg\"><br \/>\n<\/a>Almanya Parlamentosu&#8217;nda oylanan 1915 olaylar\u0131 s\u00f6zde Ermeni Soyk\u0131r\u0131m\u0131 olarak tan\u0131yan tasar\u0131ni \u00a0Ye\u015filler Partisi E\u015fba\u015fkan\u0131 Cem \u00d6zdemir Haz\u0131rlad\u0131. \u00a0Cem \u00d6zdemir&#8217;in kimli\u011fini tart\u0131lanlara; Cem \u00d6zdemir &#8216;Gezi&#8217; eylemcisi. Yani Almanya&#8217;dan T\u00fcrkiye&#8217;ye transfer edilmi\u015f katalizat\u00f6r. Zaman gazetesi yazar; yani Fetullah G\u00fclen&#8217;in kadrosu. Bu da Fatullah G\u00fclen&#8217;in Yazd\u0131\u011f\u0131 mektub. Cem \u00d6zdemir&#8217;i \u00a0tart\u0131\u015fmay\u0131n, Adam milletine misilsiz bir hizmet g\u00f6stermi\u015f.<\/p>\n","protected":false},"excerpt":{"rendered":"<p>Almanya Parlamentosu&#8217;nda oylanan 1915 olaylar\u0131 s\u00f6zde Ermeni Soyk\u0131r\u0131m\u0131 olarak tan\u0131yan tasar\u0131ni \u00a0Ye\u015filler Partisi E\u015fba\u015fkan\u0131 Cem \u00d6zdemir Haz\u0131rlad\u0131. \u00a0Cem \u00d6zdemir&#8217;in kimli\u011fini tart\u0131lanlara; Cem \u00d6zdemir &#8216;Gezi&#8217; eylemcisi. Yani Almanya&#8217;dan T\u00fcrkiye&#8217;ye transfer edilmi\u015f katalizat\u00f6r. Zaman gazetesi yazar; yani Fetullah G\u00fclen&#8217;in kadrosu. Bu da Fatullah G\u00fclen&#8217;in Yazd\u0131\u011f\u0131 mektub. Cem \u00d6zdemir&#8217;i \u00a0tart\u0131\u015fmay\u0131n, Adam milletine misilsiz bir hizmet g\u00f6stermi\u015f.<\/p>\n","protected":false},"author":5,"featured_media":11493,"comment_status":"open","ping_status":"open","sticky":false,"template":"","format":"standard","meta":{"footnotes":""},"categories":[6,3,1],"tags":[],"class_list":{"0":"post-11502","1":"post","2":"type-post","3":"status-publish","4":"format-standard","5":"has-post-thumbnail","7":"category-gundm","8":"category-3","9":"category-uncategorized"},"aioseo_notices":[],"jetpack_featured_media_url":"https:\/\/hocalihaber.com\/wp-content\/uploads\/2016\/06\/\u00e7em.jpe","_links":{"self":[{"href":"https:\/\/hocalihaber.com\/az\/wp-json\/wp\/v2\/posts\/11502","targetHints":{"allow":["GET"]}}],"collection":[{"href":"https:\/\/hocalihaber.com\/az\/wp-json\/wp\/v2\/posts"}],"about":[{"href":"https:\/\/hocalihaber.com\/az\/wp-json\/wp\/v2\/types\/post"}],"author":[{"embeddable":true,"href":"https:\/\/hocalihaber.com\/az\/wp-json\/wp\/v2\/users\/5"}],"replies":[{"embeddable":true,"href":"https:\/\/hocalihaber.com\/az\/wp-json\/wp\/v2\/comments?post=11502"}],"version-history":[{"count":0,"href":"https:\/\/hocalihaber.com\/az\/wp-json\/wp\/v2\/posts\/11502\/revisions"}],"wp:featuredmedia":[{"embeddable":true,"href":"https:\/\/hocalihaber.com\/az\/wp-json\/wp\/v2\/media\/11493"}],"wp:attachment":[{"href":"https:\/\/hocalihaber.com\/az\/wp-json\/wp\/v2\/media?parent=11502"}],"wp:term":[{"taxonomy":"category","embeddable":true,"href":"https:\/\/hocalihaber.com\/az\/wp-json\/wp\/v2\/categories?post=11502"},{"taxonomy":"post_tag","embeddable":true,"href":"https:\/\/hocalihaber.com\/az\/wp-json\/wp\/v2\/tags?post=11502"}],"curies":[{"name":"wp","href":"https:\/\/api.w.org\/{rel}","templated":true}]}}