{"id":11624,"date":"2016-06-11T19:17:22","date_gmt":"2016-06-11T17:17:22","guid":{"rendered":"http:\/\/hocalihaber.com\/?p=11624"},"modified":"2016-06-11T19:18:12","modified_gmt":"2016-06-11T17:18:12","slug":"avrasya-tuneli-20-aralikta-aciliyor","status":"publish","type":"post","link":"https:\/\/hocalihaber.com\/az\/avrasya-tuneli-20-aralikta-aciliyor\/","title":{"rendered":"Avrasya T\u00fcneli 20 Aral\u0131k&#8217;ta A\u00e7\u0131l\u0131yor"},"content":{"rendered":"<table style=\"height: 2308px;\" width=\"675\" cellspacing=\"0\" cellpadding=\"0\">\n<tbody>\n<tr>\n<td><strong><span id=\"ctl00_ctl12_g_eb553115_2339_4638_afce_272a85013b61_ctl00_lblBaslik\">BAKIRK\u00d6Y-BAH\u00c7EL\u0130EVLER-K\u0130RAZLI METROSU\u2019NUN TEMEL\u0130 ATILDI<\/span><\/strong><\/td>\n<\/tr>\n<tr>\n<td><\/td>\n<\/tr>\n<tr>\n<td><span id=\"ctl00_ctl12_g_eb553115_2339_4638_afce_272a85013b61_ctl00_lblKisaAciklama\">Bak\u0131rk\u00f6y-Bah\u00e7elievler-Kirazl\u0131 Metro Hatt\u0131 Temel Atma T\u00f6reni; Ba\u015fbakan Binali Y\u0131ld\u0131r\u0131m, Ula\u015ft\u0131rma Bakan\u0131 Ahmet Arslan ve \u0130stanbul B\u00fcy\u00fck\u015fehir Belediye Ba\u015fkan\u0131 Kadir Topba\u015f\u2019\u0131n kat\u0131l\u0131m\u0131yla at\u0131ld\u0131.<\/span><\/td>\n<\/tr>\n<tr>\n<td>\n<table>\n<tbody>\n<tr>\n<td id=\"newsContentCell\">\n<div>\n<p>Kirazl\u0131&#8217;dan Bak\u0131rk\u00f6y \u0130DO \u0130skelesi istikametine 9 kilometrelik 9 istasyonlu metro hatt\u0131n\u0131n temel atma t\u00f6reninde AK Parti Genel Ba\u015fkan Yard\u0131mc\u0131s\u0131 Hayati Yaz\u0131c\u0131, Ula\u015ft\u0131rma Denizcilik ve Haberle\u015fme Bakanl\u0131\u011f\u0131 M\u00fcste\u015far\u0131 \u00d6zkan Poyraz&#8217;\u0131n yan\u0131 s\u0131ra \u00e7ok say\u0131da milletvekili de yer ald\u0131.<\/p>\n<p><img loading=\"lazy\" decoding=\"async\" class=\"\" src=\"http:\/\/www.ibb.istanbul\/tr-TR\/SiteImages\/Haber\/haziran2016\/bakirkoy_kirazli2016_11.jpg\" width=\"682\" height=\"509\" border=\"0\" \/><\/p>\n<\/div>\n<div><\/div>\n<div><\/div>\n<div><\/div>\n<div>Ba\u015fbakan Binali Y\u0131ld\u0131r\u0131m, Bak\u0131rk\u00f6y-Bah\u00e7elievler-Kirazl\u0131 Metro Hatt\u0131 Temel Atma T\u00f6reni&#8217;nde yapt\u0131\u011f\u0131 konu\u015fmada, m\u00fcbarek bir ayda, m\u00fcbarek bir \u015fehre g\u00fczel bir hizmetin ba\u015flang\u0131c\u0131nda vatanda\u015flarla bir arada olmaktan mutluluk duydu\u011funu belirterek, \u201cHay\u0131rl\u0131 u\u011furlu olsun. 2018&#8217;in en ge\u00e7 sonunda, art\u0131k Bak\u0131rk\u00f6y \u0130DO \u0130skelesi&#8217;nden Kirazl\u0131&#8217;ya kadar, Bak\u0131rk\u00f6y \u00d6zg\u00fcrl\u00fck Meydan\u0131, Bah\u00e7elievler ve Kirazl\u0131&#8217;ya kadar, tam 9 kilometre metro yerin alt\u0131ndan, 40-50 dakikada buraya geliyordunuz, \u015fimdi art\u0131k 10 dakikada geleceksiniz, 10 dakikada da gideceksiniz. \u0130stanbul, T\u00fcrkiye&#8217;nin \u00f6zetidir ve mozai\u011fidir. \u0130stanbul&#8217;a hizmet etmek adeta ibadet gibidir. Halka hizmet Hakk&#8217;a hizmettir. \u0130stanbul, medeniyet, k\u00fclt\u00fcr, tarih, ilim, irfan ve ticaret \u015fehridir\u201d dedi.<\/div>\n<div><\/div>\n<div>Osmanl\u0131&#8217;n\u0131n planlad\u0131\u011f\u0131n\u0131 Marmaray\u2019\u0131 ger\u00e7e\u011fe d\u00f6n\u00fc\u015ft\u00fcrd\u00fcklerini ve Marmaray&#8217;dan bug\u00fcne kadar 142 milyon yolcunun ge\u00e7ti\u011fini ifade eden Y\u0131ld\u0131r\u0131m, \u201cBununla bitmiyor. \u0130stanbul&#8217;a ne yaparsak ne projeler kazand\u0131r\u0131rsak azd\u0131r. \u00c7\u00fcnk\u00fc \u0130stanbul&#8217;a borcumuz var. Gen\u00e7li\u011fimiz, en g\u00fczel ya\u015flar\u0131m\u0131z ve hat\u0131ralar\u0131m\u0131z bu \u015fehirde ge\u00e7ti. Onun i\u00e7in \u0130stanbul&#8217;a daha \u00e7ok ama \u00e7ok eserler kazand\u0131raca\u011f\u0131z. Yedi tepeli \u0130stanbul&#8217;a, yedi y\u0131ld\u0131z gibi eser yap\u0131yoruz\u201d diye konu\u015ftu.<\/div>\n<div><\/div>\n<div>Marmaray\u2019\u0131n hemen yan\u0131na \u015fimdi arabalar i\u00e7in bir t\u00fcnel yapt\u0131klar\u0131n\u0131 hat\u0131rlatan Y\u0131ld\u0131r\u0131m, \u015f\u00f6yle konu\u015ftu; \u201c20 Aral\u0131k&#8217;ta da onun a\u00e7\u0131l\u0131\u015f\u0131n\u0131 hep birlikte Cumhurba\u015fkan\u0131m\u0131zla beraber yapaca\u011f\u0131z. Hay\u0131rl\u0131 u\u011furlu olsun. Yetmedi Yavuz Sultan Selim K\u00f6pr\u00fcs\u00fc. D\u00fcnyan\u0131n \u00fczerinden tren yolu da ge\u00e7en en geni\u015f k\u00f6pr\u00fcs\u00fcn\u00fc bu g\u00fczel \u015fehre \u0130stanbul&#8217;a kazand\u0131rd\u0131k. 26 A\u011fustos&#8217;ta da b\u00fcy\u00fck bir co\u015fkuyla Yavuz Sultan Selim K\u00f6pr\u00fcs\u00fc&#8217;n\u00fc beraber a\u00e7aca\u011f\u0131z. \u0130stanbul ve \u0130zmir&#8217;i kom\u015fu kap\u0131s\u0131 yapacak \u0130stanbul-\u0130zmir Otoyolu ve Osmangazi K\u00f6pr\u00fcs\u00fc&#8230; D\u00fcnyan\u0131n 4. b\u00fcy\u00fck k\u00f6pr\u00fcs\u00fc. Bunun a\u00e7\u0131l\u0131\u015f\u0131n\u0131 da bu ay\u0131n 30&#8217;unda yapaca\u011f\u0131z. A\u00e7\u0131l\u0131\u015fa hepinizi bekliyorum. K\u00f6pr\u00fcy\u00fc a\u00e7aca\u011f\u0131z, iftar\u0131 da beraber yapaca\u011f\u0131z. Hay\u0131rl\u0131 olsun. Be\u015f, \u0130stanbul-Ankara h\u0131zl\u0131 treni yapt\u0131k m\u0131? Hizmete ald\u0131k m\u0131? Hay\u0131rl\u0131 olsun. Alt\u0131, d\u00fcnyan\u0131n en b\u00fcy\u00fck havaliman\u0131 nereye yak\u0131\u015f\u0131r? 26 \u015eubat 2018&#8217;de de d\u00fcnyan\u0131n en b\u00fcy\u00fck havaliman\u0131n\u0131 \u0130stanbullulara kazand\u0131r\u0131yoruz. Yedinci, Kanalistanbul&#8230; \u0130stanbul ikinci bo\u011faza kavu\u015fuyor. \u0130stanbul&#8217;a bir bo\u011faz yetmez. \u0130kinci bo\u011faz da Kanalistanbul geliyor.\u201d<\/div>\n<div><\/div>\n<div><strong>\u201c\u0130stanbul&#8217;a hizmet boynumuzun borcu\u201d<\/strong><\/div>\n<div><\/div>\n<div>\u201c\u0130stanbul&#8217;da trafik s\u0131k\u0131\u015f\u0131kl\u0131\u011f\u0131n\u0131 rahatlatmak i\u00e7in \u0130stanbul B\u00fcy\u00fck\u015fehir Belediyesiyle beraber \u00f6nemli bir eylem plan\u0131n\u0131 yak\u0131nda a\u00e7\u0131klayaca\u011f\u0131z, \u0130stanbullulara da buradan duyuruyorum\u201d diyen Y\u0131ld\u0131r\u0131m, temeli at\u0131lan yeni hatla birlikte metronun \u00f6r\u00fcmcek a\u011f\u0131 gibi \u00f6n\u00fcm\u00fczdeki 5-6 y\u0131l i\u00e7erisinde 400 kilometreyi bulaca\u011f\u0131n\u0131 dile getirdi.<\/div>\n<div>Y\u0131ld\u0131r\u0131m, \u201cBa\u015fkan Kadir Topba\u015f a\u00e7\u0131klad\u0131. &#8216;Bu yetmez&#8217; dedi, eninde sonunda 999 kilometre metroya sahip olacak d\u00fcnya \u015fehri \u0130stanbul. Ba\u015fkan, \u015funu gel bin yapal\u0131m. Bir kilometre de benden olsun. Bin olsun d\u00fcz olsun, hay\u0131rl\u0131, u\u011furlu olsun\u201d ifadelerini kullanan Y\u0131ld\u0131r\u0131m, Yavuz Sultan Selim K\u00f6pr\u00fcs\u00fc, Avrasya T\u00fcneli ve \u0130zmit Osmangazi K\u00f6pr\u00fcs\u00fc tamamland\u0131\u011f\u0131nda \u0130stanbul trafi\u011finin ciddi bir rahatlama ya\u015fayaca\u011f\u0131n\u0131 kaydetti.<\/div>\n<div><\/div>\n<div>Binali Y\u0131ld\u0131r\u0131m, \u0130stanbul&#8217;un d\u00fcnyan\u0131n en g\u00fczel \u015fehri oldu\u011funu, belediye ba\u015fkan\u0131 Kadir Topba\u015f\u2019\u0131n da \u0130stanbullulara \u00e7ok g\u00fczel hizmetler sundu\u011funun alt\u0131n\u0131 \u00e7izerek, metro, metrob\u00fcs, t\u00fcnel \u00e7al\u0131\u015fmalar\u0131n\u0131 \u00f6rnek g\u00f6sterdi. \u015eehrin sokaklar\u0131na, ana caddelerine bak\u0131l\u0131nca her taraf\u0131n yemye\u015fil ve \u00e7i\u00e7eklerle bezendi\u011fini, bunun d\u00fcnyan\u0131n hi\u00e7bir yerinde olmad\u0131\u011f\u0131n\u0131 vurgulayan Y\u0131ld\u0131r\u0131m, temeli at\u0131lan metronun kent i\u00e7in ne ilk ne de son olaca\u011f\u0131n\u0131, bir yandan rayl\u0131 sistemlerin tamamlanaca\u011f\u0131n\u0131, di\u011fer yandan ak\u0131ll\u0131 ula\u015f\u0131m sistemlerinin daha fazla devreye girece\u011fini s\u00f6yledi.<\/div>\n<div><\/div>\n<div><strong>Bakan Arslan: \u201cTempoyu h\u0131zland\u0131raca\u011f\u0131z\u201d<\/strong><\/div>\n<div><\/div>\n<div>Ula\u015ft\u0131rma Denizcilik ve Haberle\u015fme Bakan\u0131 Arslan da konu\u015fmas\u0131nda \u201cSay\u0131n Cumhurba\u015fkan\u0131m\u0131z Recep Tayyip Erdo\u011fan&#8217;\u0131n ortaya koydu\u011fu vizyon, Ba\u015fbakan\u0131m\u0131z\u0131n hem \u00f6rnek olmas\u0131, hem yol g\u00f6stermesi, hem de talimatlar\u0131yla T\u00fcrkiye&#8217;nin her yerinde oldu\u011fu gibi, \u0130stanbul&#8217;da da b\u00fcy\u00fck projeleri bir bir hizmete sokmak ad\u0131na b\u00fct\u00fcn gayretlerimizi ortaya koyaca\u011f\u0131z\u201d ifadelerini kulland\u0131.<\/div>\n<div><\/div>\n<div>Y\u0131ld\u0131r\u0131m&#8217;\u0131n kendilerine talimat\u0131n\u0131n &#8220;Ayn\u0131 tempo yetmez, tempoyu daha da h\u0131zland\u0131rman\u0131z gerekir&#8221; \u015feklinde oldu\u011funu aktaran Arslan, Cumhurba\u015fkan\u0131 Recep Tayyip Erdo\u011fan&#8217;\u0131n ortaya koydu\u011fu vizyon, Ba\u015fbakan\u0131n hem \u00f6rnek olmas\u0131, hem yol g\u00f6stermesi, hem de talimatlar\u0131yla T\u00fcrkiye&#8217;nin her yerinde oldu\u011fu gibi, \u0130stanbul&#8217;da da b\u00fcy\u00fck projeleri bir bir hizmete sokmak ad\u0131na b\u00fct\u00fcn gayretlerini ortaya koyacaklar\u0131n\u0131 kaydetti.<\/div>\n<div><\/div>\n<div><strong>Ba\u015fkan Topba\u015f: \u201c2019\u2019da rayl\u0131 sistemde 400 kilometreyi ge\u00e7ece\u011fiz\u201d<\/strong><\/div>\n<div><\/div>\n<div>\u0130stanbul B\u00fcy\u00fck\u015fehir Belediye Ba\u015fkan\u0131 Kadir Topba\u015f ise, bug\u00fcn itibar\u0131yla \u0130stanbul&#8217;a 146 kilometre rayl\u0131 sistem hizmet verdi\u011fini belirterek, 76 kilometre metro in\u015faat\u0131n\u0131n devam etti\u011fini ve toplam 102 kilometrelik 8 ayr\u0131 hat ihale a\u015famas\u0131na geldi\u011fini a\u00e7\u0131klad\u0131.<\/div>\n<div><\/div>\n<div>\u201cArzumuz; 2019&#8217;a vard\u0131\u011f\u0131m\u0131zda rayl\u0131 sistemde 400 kilometreyi ge\u00e7mek\u201d diyen Kadir Topba\u015f, b\u00fct\u00fcn d\u00fcnya kentlerinin ula\u015f\u0131mla ilgili m\u00fccadele etti\u011fine dikkat \u00e7ekti ve &#8220;Her yere metro&#8221; diyerek \u0130stanbul\u2019daki rayl\u0131 sitsem a\u011flar\u0131n\u0131 45,1 kilometreden 146 kilometreye \u00e7\u0131kard\u0131klar\u0131n\u0131 s\u00f6yledi.<\/div>\n<div><\/div>\n<div>En fazla yar\u0131m saat y\u00fcr\u00fcme mesafesinde metro istasyonlar\u0131n\u0131n oldu\u011fu bir kent ortaya \u00e7\u0131karmak istediklerini dile getiren Topba\u015f, \u201cHalen 76 kilometre metro in\u015faat\u0131 devam ediyor. 8 ayr\u0131 hatta ihale a\u015famas\u0131na gelindi. Arzumuz; 2019&#8217;a vard\u0131\u011f\u0131m\u0131zda 400 kilometreyi ge\u00e7mek. Nihai olarak \u0130stanbul&#8217;daki rayl\u0131 sistemler toplam\u0131n\u0131n uzunluk olarak 999 kilometreye varacak. B\u00f6ylelikle \u0130stanbul d\u00fcnyan\u0131n en uzun rayl\u0131 sistemine sahip kentlerinden birisi olacak.<\/div>\n<div><\/div>\n<div>Topba\u015f, Ula\u015ft\u0131rma Bakanl\u0131\u011f\u0131n\u0131n verilerine g\u00f6re \u0130stanbul&#8217;daki g\u00fcnl\u00fck hareketlili\u011fin 28,5 milyon oldu\u011funu belirterek, gelecekte \u0130stanbul 40-50 milyon g\u00fcnl\u00fck hareketi ya\u015fayaca\u011f\u0131n\u0131 ifade ederek, s\u00f6zlerini \u015f\u00f6yle s\u00fcrd\u00fcrd\u00fc;<\/div>\n<div><\/div>\n<div>\u201c\u0130BB olarak y\u0131ll\u0131k yat\u0131r\u0131m b\u00fct\u00e7emizin y\u00fczde 50&#8217;den fazlas\u0131n\u0131 ula\u015f\u0131ma harcad\u0131k. Bu y\u0131l b\u00fct\u00e7eden ula\u015f\u0131ma ay\u0131rd\u0131klar\u0131 pay\u0131n 8 milyar lira civar\u0131nda. Maa\u015f \u00f6deyemeyen belediyeden bu noktaya gelen bir yerel y\u00f6netim var \u0130stanbul\u2019da. Bu da Say\u0131n Cumhurba\u015fkan\u0131m\u0131z Recep Tayyip Erdo\u011fan&#8217;\u0131n ba\u015flatt\u0131\u011f\u0131 belediyecilik anlay\u0131\u015f\u0131n\u0131n yans\u0131mas\u0131d\u0131r.\u201d<\/div>\n<div><\/div>\n<div>T\u00f6rende \u00a0konu\u015fmalar\u0131n ard\u0131ndan Ba\u015fbakan Binali Y\u0131ld\u0131r\u0131m, Ula\u015ft\u0131rma Bakan\u0131 Ahmet Arslan ve \u0130stanbul B\u00fcy\u00fck\u015fehir Belediye Ba\u015fkan\u0131 Kadir Topba\u015f ile di\u011fer protokol \u00fcyeleri butona basarak Bak\u0131rk\u00f6y-Bah\u00e7elievler-Kirazl\u0131 Metro Hatt\u0131\u2019n\u0131n temelini att\u0131.<\/div>\n<\/td>\n<\/tr>\n<\/tbody>\n<\/table>\n<\/td>\n<\/tr>\n<\/tbody>\n<\/table>\n","protected":false},"excerpt":{"rendered":"<p>BAKIRK\u00d6Y-BAH\u00c7EL\u0130EVLER-K\u0130RAZLI METROSU\u2019NUN TEMEL\u0130 ATILDI Bak\u0131rk\u00f6y-Bah\u00e7elievler-Kirazl\u0131 Metro Hatt\u0131 Temel Atma T\u00f6reni; Ba\u015fbakan Binali Y\u0131ld\u0131r\u0131m, Ula\u015ft\u0131rma Bakan\u0131 Ahmet Arslan ve \u0130stanbul B\u00fcy\u00fck\u015fehir Belediye Ba\u015fkan\u0131 Kadir Topba\u015f\u2019\u0131n kat\u0131l\u0131m\u0131yla at\u0131ld\u0131. Kirazl\u0131&#8217;dan Bak\u0131rk\u00f6y \u0130DO \u0130skelesi istikametine 9 kilometrelik 9 istasyonlu metro hatt\u0131n\u0131n temel atma t\u00f6reninde AK Parti Genel Ba\u015fkan Yard\u0131mc\u0131s\u0131 Hayati Yaz\u0131c\u0131, Ula\u015ft\u0131rma Denizcilik ve Haberle\u015fme Bakanl\u0131\u011f\u0131 M\u00fcste\u015far\u0131 \u00d6zkan Poyraz&#8217;\u0131n [&hellip;]<\/p>\n","protected":false},"author":1,"featured_media":11625,"comment_status":"open","ping_status":"open","sticky":false,"template":"","format":"standard","meta":{"footnotes":""},"categories":[3],"tags":[],"class_list":{"0":"post-11624","1":"post","2":"type-post","3":"status-publish","4":"format-standard","5":"has-post-thumbnail","7":"category-3"},"aioseo_notices":[],"jetpack_featured_media_url":"https:\/\/hocalihaber.com\/wp-content\/uploads\/2016\/06\/metro1.jpg","_links":{"self":[{"href":"https:\/\/hocalihaber.com\/az\/wp-json\/wp\/v2\/posts\/11624","targetHints":{"allow":["GET"]}}],"collection":[{"href":"https:\/\/hocalihaber.com\/az\/wp-json\/wp\/v2\/posts"}],"about":[{"href":"https:\/\/hocalihaber.com\/az\/wp-json\/wp\/v2\/types\/post"}],"author":[{"embeddable":true,"href":"https:\/\/hocalihaber.com\/az\/wp-json\/wp\/v2\/users\/1"}],"replies":[{"embeddable":true,"href":"https:\/\/hocalihaber.com\/az\/wp-json\/wp\/v2\/comments?post=11624"}],"version-history":[{"count":0,"href":"https:\/\/hocalihaber.com\/az\/wp-json\/wp\/v2\/posts\/11624\/revisions"}],"wp:featuredmedia":[{"embeddable":true,"href":"https:\/\/hocalihaber.com\/az\/wp-json\/wp\/v2\/media\/11625"}],"wp:attachment":[{"href":"https:\/\/hocalihaber.com\/az\/wp-json\/wp\/v2\/media?parent=11624"}],"wp:term":[{"taxonomy":"category","embeddable":true,"href":"https:\/\/hocalihaber.com\/az\/wp-json\/wp\/v2\/categories?post=11624"},{"taxonomy":"post_tag","embeddable":true,"href":"https:\/\/hocalihaber.com\/az\/wp-json\/wp\/v2\/tags?post=11624"}],"curies":[{"name":"wp","href":"https:\/\/api.w.org\/{rel}","templated":true}]}}