{"id":11629,"date":"2016-06-11T20:49:21","date_gmt":"2016-06-11T18:49:21","guid":{"rendered":"http:\/\/hocalihaber.com\/?p=11629"},"modified":"2016-06-11T20:49:21","modified_gmt":"2016-06-11T18:49:21","slug":"basbakan-binali-yildirim-kemal-kilicdarogluna-sehit-cenazesinde-mermi-atan-sahsi-sehit-yakini-diye-benimle-tanistirdilar-o-sirada-da-fotograf-cekilmis","status":"publish","type":"post","link":"https:\/\/hocalihaber.com\/az\/basbakan-binali-yildirim-kemal-kilicdarogluna-sehit-cenazesinde-mermi-atan-sahsi-sehit-yakini-diye-benimle-tanistirdilar-o-sirada-da-fotograf-cekilmis\/","title":{"rendered":"Ba\u015fbakan Binali Y\u0131ld\u0131r\u0131m: &#8220;Kemal K\u0131l\u0131\u00e7daro\u011flu&#8217;na \u015fehit cenazesinde mermi atan \u015fahs\u0131 &#8216;\u015eehit yak\u0131n\u0131&#8217; diye benimle tan\u0131\u015ft\u0131rd\u0131lar. O s\u0131rada da foto\u011fraf \u00e7ekilmi\u015f."},"content":{"rendered":"<div class=\"panel-heading\">\n<div class=\"caption\">\n<h1 id=\"haber_baslik\">Ba\u015fbakan Binali Y\u0131ld\u0131r\u0131m: <a href=\"http:\/\/hocalihaber.com\/wp-content\/uploads\/2016\/06\/basbakan_binali_yildirim_duyunca_kan_beynime_sicradi_h106773_da59c.jpg\"><img loading=\"lazy\" decoding=\"async\" class=\"aligncenter  wp-image-11630\" src=\"http:\/\/hocalihaber.com\/wp-content\/uploads\/2016\/06\/basbakan_binali_yildirim_duyunca_kan_beynime_sicradi_h106773_da59c-300x173.jpg\" alt=\"basbakan_binali_yildirim_duyunca_kan_beynime_sicradi_h106773_da59c\" width=\"616\" height=\"355\" srcset=\"https:\/\/hocalihaber.com\/wp-content\/uploads\/2016\/06\/basbakan_binali_yildirim_duyunca_kan_beynime_sicradi_h106773_da59c-300x173.jpg 300w, https:\/\/hocalihaber.com\/wp-content\/uploads\/2016\/06\/basbakan_binali_yildirim_duyunca_kan_beynime_sicradi_h106773_da59c-621x357.jpg 621w, https:\/\/hocalihaber.com\/wp-content\/uploads\/2016\/06\/basbakan_binali_yildirim_duyunca_kan_beynime_sicradi_h106773_da59c.jpg 680w\" sizes=\"auto, (max-width: 616px) 100vw, 616px\" \/><\/a>Duyunca kan beynime s\u0131\u00e7rad\u0131<\/h1>\n<\/div>\n<\/div>\n<div class=\"panel-body\">\n<div class=\"summary\">\n<h2><q>Ba\u015fbakan Y\u0131ld\u0131r\u0131m, \u015eanl\u0131urfa Suru\u00e7&#8217;ta PKK&#8217;l\u0131 ter\u00f6ristin isminin parka verilmesiyle ilgili konu\u015ftu, &#8220;Bunu duyunca kan beynime s\u0131\u00e7rad\u0131. Hemen Efkan Ala&#8217;y\u0131 arad\u0131m. &#8216;Bu tabela bu ak\u015fam s\u00f6k\u00fccelek&#8217; talimat\u0131n\u0131 verdim&#8221; dedi.<\/q><\/h2>\n<\/div>\n<figure class=\"row\">\n<div class=\"news-overlay\"><\/div><figcaption class=\"tools\"><\/figcaption><\/figure>\n<div id=\"newstext\" class=\"text\">\n<p>Posta&#8217;dan Canda\u015f Tolga I\u015f\u0131k&#8217;a konu\u015fan Ba\u015fbakan\u00a0Binali Y\u0131ld\u0131r\u0131m, <strong>&#8220;Ter\u00f6r \u00f6rg\u00fctleri uluslararas\u0131 baz\u0131 odaklarla T\u00fcrkiye&#8217;yi ku\u015fatma alt\u0131na ald\u0131. Devlet tehlikenin fark\u0131nda, millet de olmal\u0131&#8221;<\/strong> dedi.<\/p>\n<p><strong>\u0130\u015fte Y\u0131ld\u0131r\u0131m&#8217;\u0131n o rop\u00f6rtaj\u0131ndan sat\u0131r ba\u015flar\u0131:<\/strong><\/p>\n<p><strong>&#8220;BU OYUNU B\u0130RL\u0130KTE BOZARIZ&#8221;<\/strong><\/p>\n<p>&#8220;D\u0131\u015far\u0131da T\u00fcrkiye \u00fczerine oyunlar oynan\u0131rken i\u00e7eride en \u00f6nemli i\u015f birbirimize s\u0131ms\u0131k\u0131 sar\u0131lmak, kenetlenmek olmal\u0131. Bu milleti bir arada tutan ortak de\u011ferler var. de\u011ferlerimizi g\u00fc\u00e7lendirmeliyiz. Bu oyunu ancak birbirimize sar\u0131l\u0131rsak bozar\u0131z.&#8221;<\/p>\n<p><strong>&#8220;TAL\u0130MAT VERD\u0130M S\u00d6KT\u00dcRD\u00dcM&#8221;<\/strong><\/p>\n<p>&#8220;\u015eanl\u0131urfa&#8217;da suru\u00e7 Belediyesi, eli kanl\u0131 bir ter\u00f6ristin ismini parka asm\u0131\u015f. Bunu <a class=\"klink\" title=\"duyunca kan beynime s\u0131\u00e7rad\u0131\" href=\"http:\/\/www.ulusalkanal.com.tr\/haberleri\/duyunca+kan+beynime+s%C4%B1%C3%A7rad%C4%B1\" target=\"_blank\">duyunca kan beynime s\u0131\u00e7rad\u0131<\/a>. Hemen \u0130\u00e7i\u015fleri Bakan\u0131 Efkan ala&#8217;y\u0131 aray\u0131p &#8220;O tabela bu ak\u015fam derhal s\u00f6k\u00fclecek&#8221; talimat\u0131n\u0131 verdim. Bakan\u0131m da talimat\u0131m\u0131 an\u0131nda uygulad\u0131.&#8221;<\/p>\n<p><strong>&#8220;TEHD\u0130D\u0130 HO\u015e KAR\u015eILAMAYIZ&#8221;<\/strong><\/p>\n<p>&#8220;Kemal K\u0131l\u0131\u00e7daro\u011flu&#8217;na \u015fehit cenazesinde mermi atan \u015fahs\u0131 &#8216;\u015eehit yak\u0131n\u0131&#8217; diye benimle tan\u0131\u015ft\u0131rd\u0131lar. O s\u0131rada da foto\u011fraf \u00e7ekilmi\u015f. say\u0131n K\u0131l\u0131\u00e7daro\u011flu&#8217;na y\u00f6nelik b\u00f6yle bir tehdidi ho\u015f kar\u015f\u0131lamam\u0131z asla m\u00fcmk\u00fcn de\u011fil. Konu adli y\u00f6nden inceleniyor.&#8221;<\/p>\n<p><strong>&#8220;HEDEF\u0130M TER\u00d6R\u00dc B\u0130T\u0130RMEK&#8221;<\/strong><\/p>\n<p>&#8220;Ba\u015fbakan olarak en \u00f6nemli hedefim ter\u00f6r belas\u0131n\u0131 bitirmek. sonra ba\u015fkanl\u0131k sistemini getirmek. Bu \u00fclkenin, bu milletin tek lideri var. O da say\u0131n Cumhurba\u015fkan\u0131m\u0131z Erdo\u011fan&#8217;d\u0131r. 22 milyon oy alan bir cumhurba\u015fkan\u0131na &#8216;sen i\u015fe kar\u0131\u015fma&#8217; denebilir mi?&#8221;<\/p>\n<p><strong>ulusalkanal.com.tr<\/strong><\/p>\n<\/div>\n<\/div>\n","protected":false},"excerpt":{"rendered":"<p>Ba\u015fbakan Binali Y\u0131ld\u0131r\u0131m: Duyunca kan beynime s\u0131\u00e7rad\u0131 Ba\u015fbakan Y\u0131ld\u0131r\u0131m, \u015eanl\u0131urfa Suru\u00e7&#8217;ta PKK&#8217;l\u0131 ter\u00f6ristin isminin parka verilmesiyle ilgili konu\u015ftu, &#8220;Bunu duyunca kan beynime s\u0131\u00e7rad\u0131. Hemen Efkan Ala&#8217;y\u0131 arad\u0131m. &#8216;Bu tabela bu ak\u015fam s\u00f6k\u00fccelek&#8217; talimat\u0131n\u0131 verdim&#8221; dedi. Posta&#8217;dan Canda\u015f Tolga I\u015f\u0131k&#8217;a konu\u015fan Ba\u015fbakan\u00a0Binali Y\u0131ld\u0131r\u0131m, &#8220;Ter\u00f6r \u00f6rg\u00fctleri uluslararas\u0131 baz\u0131 odaklarla T\u00fcrkiye&#8217;yi ku\u015fatma alt\u0131na ald\u0131. Devlet tehlikenin fark\u0131nda, millet [&hellip;]<\/p>\n","protected":false},"author":1,"featured_media":11604,"comment_status":"open","ping_status":"open","sticky":false,"template":"","format":"standard","meta":{"footnotes":""},"categories":[6,3],"tags":[],"class_list":{"0":"post-11629","1":"post","2":"type-post","3":"status-publish","4":"format-standard","5":"has-post-thumbnail","7":"category-gundm","8":"category-3"},"aioseo_notices":[],"jetpack_featured_media_url":"https:\/\/hocalihaber.com\/wp-content\/uploads\/2016\/06\/binali.jpg","_links":{"self":[{"href":"https:\/\/hocalihaber.com\/az\/wp-json\/wp\/v2\/posts\/11629","targetHints":{"allow":["GET"]}}],"collection":[{"href":"https:\/\/hocalihaber.com\/az\/wp-json\/wp\/v2\/posts"}],"about":[{"href":"https:\/\/hocalihaber.com\/az\/wp-json\/wp\/v2\/types\/post"}],"author":[{"embeddable":true,"href":"https:\/\/hocalihaber.com\/az\/wp-json\/wp\/v2\/users\/1"}],"replies":[{"embeddable":true,"href":"https:\/\/hocalihaber.com\/az\/wp-json\/wp\/v2\/comments?post=11629"}],"version-history":[{"count":0,"href":"https:\/\/hocalihaber.com\/az\/wp-json\/wp\/v2\/posts\/11629\/revisions"}],"wp:featuredmedia":[{"embeddable":true,"href":"https:\/\/hocalihaber.com\/az\/wp-json\/wp\/v2\/media\/11604"}],"wp:attachment":[{"href":"https:\/\/hocalihaber.com\/az\/wp-json\/wp\/v2\/media?parent=11629"}],"wp:term":[{"taxonomy":"category","embeddable":true,"href":"https:\/\/hocalihaber.com\/az\/wp-json\/wp\/v2\/categories?post=11629"},{"taxonomy":"post_tag","embeddable":true,"href":"https:\/\/hocalihaber.com\/az\/wp-json\/wp\/v2\/tags?post=11629"}],"curies":[{"name":"wp","href":"https:\/\/api.w.org\/{rel}","templated":true}]}}