{"id":11638,"date":"2016-06-12T10:01:18","date_gmt":"2016-06-12T08:01:18","guid":{"rendered":"http:\/\/hocalihaber.com\/?p=11638"},"modified":"2016-06-12T10:01:18","modified_gmt":"2016-06-12T08:01:18","slug":"seri-katil-atalay-filiz-yakalandi","status":"publish","type":"post","link":"https:\/\/hocalihaber.com\/az\/seri-katil-atalay-filiz-yakalandi\/","title":{"rendered":"Seri katil  Atalay Filiz yakaland\u0131"},"content":{"rendered":"<header>\n<div class=\"container center \">\n<div class=\"super-cuff hidden-xs\">\n<div class=\"swiper-container swiper-container-vertical\">\n<div class=\"swiper-wrapper\">\n<div class=\"swiper-slide next\"><\/div>\n<\/div>\n<\/div>\n<\/div>\n<\/div>\n<\/header>\n<div class=\"row\">\n<div class=\"col-md-8 col-xs-12\">\n<section class=\"panel panel-default panel-bittersweet\">\n<article id=\"haber\">\n<div class=\"panel-body\">\n<div class=\"summary\">\n<h2><q>STANBUL ve Ankara&#8217;da \u00f6ld\u00fcr\u00fclen 3 ki\u015finin katil zanl\u0131s\u0131 olarak aranan Atalay Filiz, \u0130zmir&#8217;in Menderes \u0130l\u00e7esi&#8217;nde bir parkta yakaland\u0131.<\/q><\/h2>\n<\/div>\n<figure class=\"row\">\n<div class=\"news-overlay\"><\/div>\n<p><img decoding=\"async\" class=\"img-responsive center-block\" src=\"http:\/\/www.ulusalkanal.com.tr\/images\/haberler\/2016\/06\/seri_cinayet_zanlisi_atalay_filiz_yakalandi_h106883_f4d48.gif\" alt=\"Seri cinayet zanl\u0131s\u0131 Atalay Filiz yakaland\u0131\" \/><figcaption class=\"tools\"><\/figcaption><\/figure>\n<hr \/>\n<div class=\"pull-left reklam reklam131 reklam-m-r no-pd_left m-b-xs\"><\/div>\n<div id=\"newstext\" class=\"text\">\u0130stanbul ve Ankara&#8217;daki 3 cinayetin zanl\u0131s\u0131 olarak aranan Atalay Filiz, \u0130zmir&#8217;in Menderes il\u00e7esinde yakaland\u0131.<\/p>\n<p>Al\u0131nan bilgiye g\u00f6re, Menderes \u0130l\u00e7e Emniyet M\u00fcd\u00fcrl\u00fc\u011f\u00fc ekipleri, Atalay Filiz&#8217;e benzeyen bir ki\u015finin, Menderes il\u00e7esinden \u0130zmir y\u00f6n\u00fcne giden\u00a0bir yolcu minib\u00fcs\u00fcne bindi\u011fi y\u00f6n\u00fcndeki ihbar \u00fczerine \u00e7al\u0131\u015fma ba\u015flatt\u0131.<\/p>\n<p>Menderes \u0130l\u00e7e Emniyet M\u00fcd\u00fcrl\u00fc\u011f\u00fc yak\u0131n\u0131nda\u00a0minib\u00fcs\u00fc\u00a0durduran ekipler, ara\u00e7taki\u00a0Atalay Filiz&#8217;e benzeyen s\u0131rt \u00e7antal\u0131 ki\u015fiyi, kimlik tespiti ve parmak izi i\u015flemleri i\u00e7in emniyete g\u00f6t\u00fcrd\u00fc.<\/p>\n<p>Yap\u0131lan incelemede \u015f\u00fcphelinin\u00a03 cinayetin zanl\u0131s\u0131 olarak aranan Atalay Filiz oldu\u011fu tespit edildi.<\/p>\n<p>Filiz&#8217;in 3 cinayetin zanl\u0131s\u0131 olarak arand\u0131\u011f\u0131 haberlerinin ard\u0131ndan\u00a0bir\u00e7ok kentten bu ki\u015finin g\u00f6r\u00fcnd\u00fc\u011f\u00fcne dair polise ihbarlar yap\u0131lm\u0131\u015ft\u0131.<\/p>\n<p>Tuzla Yal\u0131boyu Caddesi Postane Mahallesi&#8217;nde oturan tarih \u00f6\u011fretmeni, 2 \u00e7ocuk annesi Fatma Kay\u0131k\u00e7\u0131&#8217;n\u0131n cesedi, 28 May\u0131s&#8217;ta evinin yak\u0131n\u0131ndaki \u00e7al\u0131l\u0131klar\u0131n aras\u0131nda bulunmu\u015ftu. Kay\u0131k\u00e7\u0131&#8217;y\u0131 \u00f6ld\u00fcrd\u00fc\u011f\u00fc iddia edilen Atalay Filiz&#8217;in, 16 Eyl\u00fcl 2013&#8217;te o d\u00f6nem t\u00fcmgeneral olan Hasan H\u00fcseyin Demirarslan&#8217;\u0131n T\u00dcB\u0130TAK&#8217;ta \u00e7al\u0131\u015fan o\u011flu G\u00f6ktu\u011f Demirarslan ve onu ziyarete gelen k\u0131z arkada\u015f\u0131 Elena Radchikova&#8217;n\u0131n \u00f6ld\u00fcr\u00fclmesi olay\u0131na kar\u0131\u015ft\u0131\u011f\u0131 bildirilmi\u015fti.<\/p>\n<p>Ankara&#8217;daki cinayetlerle ilgili yakla\u015f\u0131k 3 y\u0131ld\u0131r aranan Atalay Filiz&#8217;in, sahte kimlikle yurt d\u0131\u015f\u0131na ka\u00e7t\u0131\u011f\u0131 ve bir s\u00fcre sonra geldi\u011fi \u0130stanbul&#8217;da ya\u015famaya ba\u015flad\u0131\u011f\u0131, \u00e7evresine kendisini farkl\u0131 kimlikle tan\u0131tt\u0131\u011f\u0131 belirtilmi\u015fti.<\/p>\n<p>Kaynak: Anadolu Ajanas\u0131<\/p>\n<p><strong>MENDERES BELED\u0130YE BA\u015eKANI&#8217;NDAN A\u00c7IKLAMA<\/strong><\/p>\n<p>Do\u011fan Haber Ajans\u0131&#8217;n\u0131n haberine g\u00f6re, Menderes Belediye Ba\u015fkan\u0131 Ak Partili B\u00fclent Soylu, 3 ki\u015finin katili olarak aranan Atalay Filiz&#8217;in, Menderes&#8217;e ba\u011fl\u0131 eski belde G\u00fcm\u00fcld\u00fcr&#8217;den bindi\u011fi G\u00fcm\u00fcld\u00fcr- \u0130zmir dolmu\u015funda bir yolcunun kendisini tan\u0131y\u0131p polise ihbar etmesi sonucu, olay\u0131 fark edip de\u011fi\u015ftirdi\u011fi dolmu\u015fta yakaland\u0131\u011f\u0131n\u0131 s\u00f6yledi.<\/p>\n<p><strong>ulusalkanal.com.tr<\/strong><\/div>\n<\/div>\n<\/article>\n<\/section>\n<\/div>\n<\/div>\n","protected":false},"excerpt":{"rendered":"<p>STANBUL ve Ankara&#8217;da \u00f6ld\u00fcr\u00fclen 3 ki\u015finin katil zanl\u0131s\u0131 olarak aranan Atalay Filiz, \u0130zmir&#8217;in Menderes \u0130l\u00e7esi&#8217;nde bir parkta yakaland\u0131. \u0130stanbul ve Ankara&#8217;daki 3 cinayetin zanl\u0131s\u0131 olarak aranan Atalay Filiz, \u0130zmir&#8217;in Menderes il\u00e7esinde yakaland\u0131. Al\u0131nan bilgiye g\u00f6re, Menderes \u0130l\u00e7e Emniyet M\u00fcd\u00fcrl\u00fc\u011f\u00fc ekipleri, Atalay Filiz&#8217;e benzeyen bir ki\u015finin, Menderes il\u00e7esinden \u0130zmir y\u00f6n\u00fcne giden\u00a0bir yolcu minib\u00fcs\u00fcne bindi\u011fi y\u00f6n\u00fcndeki ihbar [&hellip;]<\/p>\n","protected":false},"author":1,"featured_media":11639,"comment_status":"open","ping_status":"open","sticky":false,"template":"","format":"standard","meta":{"footnotes":""},"categories":[6,3],"tags":[],"class_list":{"0":"post-11638","1":"post","2":"type-post","3":"status-publish","4":"format-standard","5":"has-post-thumbnail","7":"category-gundm","8":"category-3"},"aioseo_notices":[],"jetpack_featured_media_url":"https:\/\/hocalihaber.com\/wp-content\/uploads\/2016\/06\/katil.jpg","_links":{"self":[{"href":"https:\/\/hocalihaber.com\/az\/wp-json\/wp\/v2\/posts\/11638","targetHints":{"allow":["GET"]}}],"collection":[{"href":"https:\/\/hocalihaber.com\/az\/wp-json\/wp\/v2\/posts"}],"about":[{"href":"https:\/\/hocalihaber.com\/az\/wp-json\/wp\/v2\/types\/post"}],"author":[{"embeddable":true,"href":"https:\/\/hocalihaber.com\/az\/wp-json\/wp\/v2\/users\/1"}],"replies":[{"embeddable":true,"href":"https:\/\/hocalihaber.com\/az\/wp-json\/wp\/v2\/comments?post=11638"}],"version-history":[{"count":0,"href":"https:\/\/hocalihaber.com\/az\/wp-json\/wp\/v2\/posts\/11638\/revisions"}],"wp:featuredmedia":[{"embeddable":true,"href":"https:\/\/hocalihaber.com\/az\/wp-json\/wp\/v2\/media\/11639"}],"wp:attachment":[{"href":"https:\/\/hocalihaber.com\/az\/wp-json\/wp\/v2\/media?parent=11638"}],"wp:term":[{"taxonomy":"category","embeddable":true,"href":"https:\/\/hocalihaber.com\/az\/wp-json\/wp\/v2\/categories?post=11638"},{"taxonomy":"post_tag","embeddable":true,"href":"https:\/\/hocalihaber.com\/az\/wp-json\/wp\/v2\/tags?post=11638"}],"curies":[{"name":"wp","href":"https:\/\/api.w.org\/{rel}","templated":true}]}}