{"id":11657,"date":"2016-06-13T06:53:08","date_gmt":"2016-06-13T04:53:08","guid":{"rendered":"http:\/\/hocalihaber.com\/?p=11657"},"modified":"2016-06-13T06:53:08","modified_gmt":"2016-06-13T04:53:08","slug":"ab-fonuyla-terore-tesvik","status":"publish","type":"post","link":"https:\/\/hocalihaber.com\/az\/ab-fonuyla-terore-tesvik\/","title":{"rendered":"AB fonuyla ter\u00f6re te\u015fvik"},"content":{"rendered":"<p><strong>Diyarbak\u0131r\u2019dan AB fonuyla mesleki e\u011fitim i\u00e7in Almanya\u2019ya giden bir grup \u00f6\u011frenci, PKK\u2019ya ait dernekleri ziyaret edip, zafer i\u015fareti yaparak \u00f6rg\u00fct\u00fc simgeleyen pa\u00e7avra \u00f6n\u00fcnde poz verdi.<\/strong><\/p>\n<p>Avrupa Birli\u011fi mesleki e\u011fetim program\u0131 olan Leonardo da Vinci Prgram\u0131 kapsam\u0131nda \u00fc\u00e7\u00fc \u0130zmir biri Diyarbak\u0131r olmak \u00fczere 4 Teknik ve End\u00fcstri Meslek Lisesinin 11. ile 12. s\u0131n\u0131f \u00f6\u011frencileri iki haftal\u0131k yurt d\u0131\u015f\u0131 e\u011fitim i\u00e7in Almanya, Hollanda ile \u0130sve\u00e7\u2019e g\u00f6nderildi. Proje kapsam\u0131nda M\u0130G-MAG kayna\u011f\u0131 ile kaynak d\u00fcnyas\u0131ndaki geli\u015fmelerin e\u011fitimi ve incelenmesi i\u00e7in iki haftal\u0131k yurt d\u0131\u015f\u0131 e\u011fitim s\u00fcrecini tamamlayan \u00f6\u011frenciler sertifikalar\u0131n\u0131 ald\u0131ktan sonra T\u00fcrkiye\u2019ye geri d\u00f6nd\u00fc. Ancak proje kapsam\u0131nda Berlin\u2019e g\u00f6t\u00fcr\u00fclen Diyarbak\u0131r Burhanettin Y\u0131ld\u0131z Mesleki ve Teknik Anadolu Lisesi \u00f6\u011frencilerinin PKK\u2019n\u0131n kontrol\u00fcndeki derneklere g\u00f6t\u00fcr\u00fcld\u00fc\u011f\u00fc ortaya \u00e7\u0131kt\u0131.<\/p>\n<p>\u00d6\u011frencilerin toplu halde PKK flamalar\u0131n\u0131n \u00f6n\u00fcnde poz verdi\u011fi PKK b\u00fcrosunun duvarlar\u0131 ter\u00f6ristba\u015f\u0131 \u00d6calan ile g\u00fcvenlik g\u00fc\u00e7leriyle girdikleri \u00e7at\u0131\u015fmlarda hayat\u0131n\u0131 kaybeden ter\u00f6ristlerin foto\u011fraflar\u0131yla dolu. B\u00fcroda dikkat \u00e7eken bir ayr\u0131nt\u0131 ise \u00f6\u011frencilerin \u00f6n\u00fcnde hat\u0131ra foto\u011fraf\u0131 \u00e7ektirdi\u011fi bir harita. K\u00fcrdistan yaz\u0131l\u0131 haritan\u0131n i\u00e7inde T\u00fcrkiye\u2019nin do\u011fu ve g\u00fcneydo\u011fusunun da yer ald\u0131\u011f\u0131 g\u00f6r\u00fcl\u00fcyor.<\/p>\n<p>Star\u2019\u0131n ula\u015ft\u0131\u011f\u0131 g\u00f6r\u00fcnt\u00fclerde \u00f6\u011frencilerin Atat\u00fcrk Hava Limam\u0131\u2019nda sigara i\u00e7tikleri, Berlin\u2019de de bol bol alkol al\u0131p, alkol \u015fi\u015felerinin \u00f6n\u00fcnde hat\u0131ra foto\u011fraf\u0131 \u00e7ektirdikleri g\u00f6r\u00fcld\u00fc.<\/p>\n<p><strong>SORU\u015eTURMA A\u00c7ILDI<\/strong><\/p>\n<p>Skandal \u00f6\u011frencilerin \u00e7ektirdikleri foto\u011fraflar\u0131 sosyal medya hesaplar\u0131ndan payla\u015fmas\u0131 \u00fczerine g\u00fcn y\u00fcz\u00fcne \u00e7\u0131kt\u0131. Okul m\u00fcd\u00fcr\u00fc Fethi Ero\u011flu ile \u00f6\u011fretmenler hakk\u0131nda soru\u015fturma a\u00e7\u0131ld\u0131. \u0130l Milli E\u011fitim M\u00fcd\u00fcrl\u00fc\u011f\u00fc\u2019nce g\u00f6revlendirilen m\u00fcfetti\u015fler geziye kat\u0131lan \u00f6\u011frenci ve \u00f6\u011fretmenlerin bilgisine ba\u015fvurdu. M\u00fcd\u00fcr \u00f6\u011frencilerin bilgisi d\u0131\u015f\u0131nda PKK\u2019n\u0131n derneklerine gitti\u011fini iddia etti. \u00d6\u011frenciler ise tek ba\u015flar\u0131na gittiklerini s\u00f6yledi.<\/p>\n<p>M\u00fcfetti\u015fler, k\u0131nama cezas\u0131 verilmesi teklif edilen raporlar\u0131 milli e\u011fitimden sorumlu Vali Yard\u0131mc\u0131s\u0131 Remzi Katta\u015f\u2019a sundu. Ancak iddiaya g\u00f6re Ero\u011flu i\u00e7in istenilen k\u0131nama cezas\u0131 teklifi de kald\u0131r\u0131larak skandal\u0131n \u00fcst\u00fc \u00f6rt\u00fcld\u00fc.<\/p>\n<p><strong>B\u0130R SKANDAL DAHA<\/strong><\/p>\n<p>Burhanettin Y\u0131ld\u0131z Mesleki ve Teknik Anadolu Lisesi\u2019ndeki skandallar bununla da bitmiyor. Okulun 2014\u2019te kay\u0131plara kar\u0131\u015fan 2 \u00f6\u011frencisinin PKK\u2019ya kat\u0131ld\u0131\u011f\u0131 \u00f6\u011frenildi.<\/p>\n<p>Okulun bir di\u011fer \u00f6\u011frencisi S\u00fcleyman G\u00fczel de Sur\u2019da \u00e7at\u0131\u015fmalar devam etti\u011fi d\u00f6nemde Ba\u011flar\u2019da \u00e7\u0131kan olaylarda \u00f6ld\u00fcr\u00fcld\u00fc. \u0130ddiaya g\u00f6re okul y\u00f6netimi G\u00fczel\u2019in cenaze t\u00f6renine kat\u0131lmalar\u0131 i\u00e7in \u00f6\u011frenci ve \u00f6\u011fretmenleri organize etti.<\/p>\n<p><strong>AB\u0130 PKK\u2019YA KATILDI<\/strong><\/p>\n<p>Okulun M\u00fcd\u00fcr\u00fc Fethi Ero\u011flu\u2019nun a\u011fabeyinin de PKK\u2019ya kat\u0131ld\u0131\u011f\u0131 ortaya \u00e7\u0131kt\u0131. A\u011fabeyinin 1993 y\u0131l\u0131nda \u00f6rg\u00fcte kat\u0131ld\u0131\u011f\u0131n\u0131 kabul eden Ero\u011flu gitti\u011fi g\u00fcnden beri kendisinden haber alamad\u0131klar\u0131n\u0131 s\u00f6yledi.<\/p>\n<p><strong>HAR\u00c7LAR EKS\u0130K \u00d6DEND\u0130 \u0130DD\u0130ASI<\/strong><\/p>\n<p>Bir di\u011fer iddia yurt d\u0131\u015f\u0131 gezilerinde \u00f6\u011fretmenlerin yolluk ve har\u00e7 \u00fccretlerinin eksik \u00f6dendi\u011fi \u015feklinde. \u0130ddiaya g\u00f6re, Almanya ve \u0130talya gezilerinde 280 bin, Romanya ve Polonya gezilerinde 70 bin euro yolluk ve ia\u015fe bedeli al\u0131nd\u0131. Al\u0131nan paralar\u0131n \u00f6\u011fretmenlere eksik \u00f6dendi\u011finin iftira oldu\u011funu savunan Ero\u011flu yapt\u0131klar\u0131 t\u00fcm harcamlar\u0131n kay\u0131tl\u0131 oldu\u011funu ve faturaland\u0131r\u0131ld\u0131\u011f\u0131n\u0131 s\u00f6yledi.<\/p>\n<p><strong>M\u00dcD\u00dcR: G\u0130TT\u0130KLER\u0130N\u0130 B\u0130LM\u0130YORUM<\/strong><\/p>\n<p>Burhanettin Y\u0131ld\u0131z Mesleki ve Teknik Anadolu Lisesi M\u00fcd\u00fcr\u00fc Fethi Ero\u011flu, Berlin\u2019e 2014 Mart\u2019\u0131nda 10 \u00f6\u011frenci ve 3 refakat\u00e7i \u00f6\u011fretmen ile gittiklerini ancak \u00f6\u011frencilerin PKK\u2019n\u0131n derneklerine kendisinden habersiz gittiklerini s\u00f6yledi. \u015eubat 2016\u2019daki soru\u015fturmayla olaydan haberdar oldu\u011funu belirten Ero\u011flu, \u201cDaha sonra \u00f6\u011frencilerle konu\u015ftuk. Bir ak\u015fam d\u00f6rt ki\u015fi bir ayara gelip oraya gitmi\u015fler. Bize otelin yan\u0131nda tan\u0131\u015ft\u0131klar\u0131 T\u00fcrkiyeli birka\u00e7 ki\u015fiyle gittiklerini s\u00f6ylediler\u201d dedi. Alt\u0131 y\u0131l i\u00e7inde sadece iki \u00f6\u011frencilerinin PKK\u2019ya kat\u0131ld\u0131\u011f\u0131n\u0131 belirten Ero\u011flu, \u201cSanki bizim okuldan PKK\u2019ya \u00f6\u011frenci kazand\u0131r\u0131lm\u0131\u015f gibi konu\u015fuluyor. Di\u011fer okullar\u0131n oranlar\u0131yla kar\u015f\u0131la\u015ft\u0131r\u0131ld\u0131\u011f\u0131nda bizim okul en son s\u0131rada yer al\u0131r\u201d diye konu\u015ftu.<\/p>\n<p><strong>http:\/\/haber.star.com.tr\/<\/strong><\/p>\n","protected":false},"excerpt":{"rendered":"<p>Diyarbak\u0131r\u2019dan AB fonuyla mesleki e\u011fitim i\u00e7in Almanya\u2019ya giden bir grup \u00f6\u011frenci, PKK\u2019ya ait dernekleri ziyaret edip, zafer i\u015fareti yaparak \u00f6rg\u00fct\u00fc simgeleyen pa\u00e7avra \u00f6n\u00fcnde poz verdi. Avrupa Birli\u011fi mesleki e\u011fetim program\u0131 olan Leonardo da Vinci Prgram\u0131 kapsam\u0131nda \u00fc\u00e7\u00fc \u0130zmir biri Diyarbak\u0131r olmak \u00fczere 4 Teknik ve End\u00fcstri Meslek Lisesinin 11. ile 12. s\u0131n\u0131f \u00f6\u011frencileri iki haftal\u0131k [&hellip;]<\/p>\n","protected":false},"author":1,"featured_media":11658,"comment_status":"open","ping_status":"open","sticky":false,"template":"","format":"standard","meta":{"footnotes":""},"categories":[1],"tags":[],"class_list":{"0":"post-11657","1":"post","2":"type-post","3":"status-publish","4":"format-standard","5":"has-post-thumbnail","7":"category-uncategorized"},"aioseo_notices":[],"jetpack_featured_media_url":"https:\/\/hocalihaber.com\/wp-content\/uploads\/2016\/06\/ss.jpg","_links":{"self":[{"href":"https:\/\/hocalihaber.com\/az\/wp-json\/wp\/v2\/posts\/11657","targetHints":{"allow":["GET"]}}],"collection":[{"href":"https:\/\/hocalihaber.com\/az\/wp-json\/wp\/v2\/posts"}],"about":[{"href":"https:\/\/hocalihaber.com\/az\/wp-json\/wp\/v2\/types\/post"}],"author":[{"embeddable":true,"href":"https:\/\/hocalihaber.com\/az\/wp-json\/wp\/v2\/users\/1"}],"replies":[{"embeddable":true,"href":"https:\/\/hocalihaber.com\/az\/wp-json\/wp\/v2\/comments?post=11657"}],"version-history":[{"count":0,"href":"https:\/\/hocalihaber.com\/az\/wp-json\/wp\/v2\/posts\/11657\/revisions"}],"wp:featuredmedia":[{"embeddable":true,"href":"https:\/\/hocalihaber.com\/az\/wp-json\/wp\/v2\/media\/11658"}],"wp:attachment":[{"href":"https:\/\/hocalihaber.com\/az\/wp-json\/wp\/v2\/media?parent=11657"}],"wp:term":[{"taxonomy":"category","embeddable":true,"href":"https:\/\/hocalihaber.com\/az\/wp-json\/wp\/v2\/categories?post=11657"},{"taxonomy":"post_tag","embeddable":true,"href":"https:\/\/hocalihaber.com\/az\/wp-json\/wp\/v2\/tags?post=11657"}],"curies":[{"name":"wp","href":"https:\/\/api.w.org\/{rel}","templated":true}]}}