{"id":11706,"date":"2016-06-14T16:53:28","date_gmt":"2016-06-14T14:53:28","guid":{"rendered":"http:\/\/hocalihaber.com\/?p=11706"},"modified":"2016-06-14T16:53:28","modified_gmt":"2016-06-14T14:53:28","slug":"zulfu-livaneliden-yeni-ihanet","status":"publish","type":"post","link":"https:\/\/hocalihaber.com\/az\/zulfu-livaneliden-yeni-ihanet\/","title":{"rendered":"Z\u00fclf\u00fc Livaneli&#8217;den yeni ihanet"},"content":{"rendered":"<div class=\"ozet\">\n<h2>\u201cT\u00fcrkiye Sur\u2019da katliam yap\u0131yor\u201d yalan\u0131 ile UNESCO iyi niyet el\u00e7ili\u011fi grevini b\u0131rakan Z\u00fclf\u00fc Livaneli \u015fimdi de PKK\u2019n\u0131n ajans\u0131na konu\u015farak T\u00fcrkiye\u2019nin darbe d\u00f6nemlerinden daha k\u00f6t\u00fc bir s\u00fcrece girdi\u011fi yalan\u0131n\u0131 ortaya att\u0131.<\/h2>\n<\/div>\n<div class=\"fotovideo\"><\/div>\n<div class=\"HaberDetayiText SelectionSharer selectionShareable\">\n<p><strong><img decoding=\"async\" src=\"http:\/\/haberbak.biz\/Resimler\/Editor\/images\/zulfu-livaneliden-yeni-ihanet-h.jpg\" alt=\"\" \/><\/p>\n<p>\u201cT\u00fcrkiye Sur\u2019da katliam yap\u0131yor\u201d yalan\u0131 ile UNESCO iyi niyet el\u00e7ili\u011finden istifa etti\u011fini a\u00e7\u0131klayan ve bu a\u00e7\u0131klamay\u0131 \u0130stanbul\u2019da BM \u0130nsani Yard\u0131m Zirvesi yap\u0131ld\u0131\u011f\u0131 g\u00fcn kamuoyu ile payla\u015fan sanat\u00e7\u0131 Z\u00fclf\u00fc Livaneli \u015fimdi de PKK\u2019n\u0131n ajans\u0131na konu\u015farak T\u00fcrkiye\u2019yi yerden yere vurdu. Ge\u00e7ti\u011fimiz ay PKK\u2019y\u0131 aklayarak g\u00fcvenlik kuvvetlerini katliamc\u0131 ilan eden Livaneli, \u015fimdi de PKK\u2019n\u0131n ajans\u0131 ANF\u2019ye konu\u015farak, T\u00fcrkiye\u2019nin darbe d\u00f6nemlerinden daha k\u00f6t\u00fc bir s\u00fcrece girdi\u011fi yalan\u0131n\u0131 ortaya att\u0131.<\/strong><\/p>\n<p>Ge\u00e7en hafta Rus sitesi Sputnik&#8217;e konu\u015farak T\u00fcrkiye&#8217;nin Rusya&#8217;dan \u00f6z\u00fcr dilemesi gerekti\u011fini s\u00f6yleyen Z\u00fclf\u00fc Livaneli bu kez de PKK&#8217;n\u0131n haber ajans\u0131 ANF&#8217;ye T\u00fcrkiye&#8217;yi k\u00f6t\u00fcleyerek darbe d\u00f6neminden daha k\u00f6t\u00fc g\u00fcnler ya\u015fand\u0131\u011f\u0131n\u0131 belirtti. Bir d\u00f6nem CHP&#8217;de siyaset yapan Z\u00fclf\u00fc Livaneli&#8217;nin PKK ter\u00f6r \u00f6rg\u00fct\u00fc ve hendeklerin mimari HDP&#8217;li siyaset\u00e7ilerden hi\u00e7 bahsetmemesi dikkatlerden ka\u00e7mad\u0131.<\/p>\n<p><strong>DARBE D\u00d6NEM\u0130NDEN DAHA K\u00d6T\u00dc<\/strong><\/p>\n<p>Livaneli r\u00f6portaj\u0131nda,\u00a0<strong>&#8220;Bu \u00fclkede her d\u00f6nem haks\u0131zl\u0131klara, zul\u00fcmlere tan\u0131k olduk. Askeri cezaevlerinde ve i\u015fkencehanelerde insanl\u0131kla ba\u011fda\u015fmayacak muameleler g\u00f6rd\u00fck. \u00d6zellikle &#8217;80 Darbesi&#8217;ndeki Diyarbak\u0131r Cezaevi zul\u00fcmleri, insan akl\u0131n\u0131 zorlar nitelikteydi. Ne yaz\u0131k ki bunlar ve hukuk ihlalleri, bi\u00e7im de\u011fi\u015ftirerek devam ediyor. Ama hi\u00e7 olmazsa onlar demokrasi iddias\u0131nda de\u011fillerdi!&#8221;<\/strong>\u00a0dedi.<\/p>\n<p><strong>DAHA B\u00dcY\u00dcK KATL\u0130AMLAR YA\u015eAYACA\u011eIZ<\/strong><\/p>\n<p>T\u00fcrk devletinin silaha sar\u0131lmak i\u00e7in \u00f6z y\u00f6netimleri &#8216;bahane&#8217; etti\u011fini belirten Livaneli, bu minvaldeki endi\u015fesini ise\u00a0<strong>&#8220;Hukuki sorumluluktan kurtulan g\u00fc\u00e7ler, daha da sertle\u015fecek ve daha b\u00fcy\u00fck katliamlar ya\u015fayaca\u011f\u0131z&#8221;<\/strong>\u00a0dedi.<\/p>\n<\/div>\n<div class=\"haberKaynak\">Kaynak : yeniakit<\/div>\n","protected":false},"excerpt":{"rendered":"<p>\u201cT\u00fcrkiye Sur\u2019da katliam yap\u0131yor\u201d yalan\u0131 ile UNESCO iyi niyet el\u00e7ili\u011fi grevini b\u0131rakan Z\u00fclf\u00fc Livaneli \u015fimdi de PKK\u2019n\u0131n ajans\u0131na konu\u015farak T\u00fcrkiye\u2019nin darbe d\u00f6nemlerinden daha k\u00f6t\u00fc bir s\u00fcrece girdi\u011fi yalan\u0131n\u0131 ortaya att\u0131. \u201cT\u00fcrkiye Sur\u2019da katliam yap\u0131yor\u201d yalan\u0131 ile UNESCO iyi niyet el\u00e7ili\u011finden istifa etti\u011fini a\u00e7\u0131klayan ve bu a\u00e7\u0131klamay\u0131 \u0130stanbul\u2019da BM \u0130nsani Yard\u0131m Zirvesi yap\u0131ld\u0131\u011f\u0131 g\u00fcn kamuoyu ile [&hellip;]<\/p>\n","protected":false},"author":1,"featured_media":11707,"comment_status":"open","ping_status":"open","sticky":false,"template":"","format":"standard","meta":{"footnotes":""},"categories":[3],"tags":[],"class_list":{"0":"post-11706","1":"post","2":"type-post","3":"status-publish","4":"format-standard","5":"has-post-thumbnail","7":"category-3"},"aioseo_notices":[],"jetpack_featured_media_url":"https:\/\/hocalihaber.com\/wp-content\/uploads\/2016\/06\/zulfu-livaneli-den-yeni-ihanet.png","_links":{"self":[{"href":"https:\/\/hocalihaber.com\/az\/wp-json\/wp\/v2\/posts\/11706","targetHints":{"allow":["GET"]}}],"collection":[{"href":"https:\/\/hocalihaber.com\/az\/wp-json\/wp\/v2\/posts"}],"about":[{"href":"https:\/\/hocalihaber.com\/az\/wp-json\/wp\/v2\/types\/post"}],"author":[{"embeddable":true,"href":"https:\/\/hocalihaber.com\/az\/wp-json\/wp\/v2\/users\/1"}],"replies":[{"embeddable":true,"href":"https:\/\/hocalihaber.com\/az\/wp-json\/wp\/v2\/comments?post=11706"}],"version-history":[{"count":0,"href":"https:\/\/hocalihaber.com\/az\/wp-json\/wp\/v2\/posts\/11706\/revisions"}],"wp:featuredmedia":[{"embeddable":true,"href":"https:\/\/hocalihaber.com\/az\/wp-json\/wp\/v2\/media\/11707"}],"wp:attachment":[{"href":"https:\/\/hocalihaber.com\/az\/wp-json\/wp\/v2\/media?parent=11706"}],"wp:term":[{"taxonomy":"category","embeddable":true,"href":"https:\/\/hocalihaber.com\/az\/wp-json\/wp\/v2\/categories?post=11706"},{"taxonomy":"post_tag","embeddable":true,"href":"https:\/\/hocalihaber.com\/az\/wp-json\/wp\/v2\/tags?post=11706"}],"curies":[{"name":"wp","href":"https:\/\/api.w.org\/{rel}","templated":true}]}}