{"id":11806,"date":"2016-06-19T12:00:56","date_gmt":"2016-06-19T10:00:56","guid":{"rendered":"http:\/\/hocalihaber.com\/?p=11806"},"modified":"2016-06-19T12:01:28","modified_gmt":"2016-06-19T10:01:28","slug":"kayip-turkler","status":"publish","type":"post","link":"https:\/\/hocalihaber.com\/az\/kayip-turkler\/","title":{"rendered":"KAYIP T\u00dcRKLER"},"content":{"rendered":"<div id=\"js_190\" class=\"_5pbx userContent\" data-ft=\"{&quot;tn&quot;:&quot;K&quot;}\">\n<div id=\"id_576663788523a8895565539\" class=\"text_exposed_root text_exposed\">\n<p><strong>Dukha T\u00fcrkleri<\/strong><\/p>\n<p>Mo\u011folistan&#8217;\u0131n orta kuzey b\u00f6lgesinde ya\u015fayan ve soyu tehlike alt\u0131nda olan Dukha T\u00fcrkleri, &#8220;Kay\u0131p T\u00fcrkler&#8221; olarak an\u0131l\u0131yor. 2010 senesinde sadece 282 ki\u015filik n\u00fcfusuyla dikkat \u00e7eken Dukhalar, \u015fimdilerde 600&#8217;\u00fc g\u00f6rd\u00fc. G\u00f6\u00e7ebe bir ya\u015fam s\u00fcren Dukhalar, en \u00e7ok da nesillerin tamemen yok olmas\u0131ndan korkuyor. Dukha k\u00fclt\u00fcr\u00fcn\u00fcn yok olmamas\u0131 ve gelecek neslin de bu k\u00fclt\u00fcr\u00fc devam ettirmesi i\u00e7in Ulziisaikhan Sodov adl\u0131 bir Dukha T\u00fcrk\u00fc, kollar\u0131 s\u0131vayarak harekete ge\u00e7ti. N\u00fcfusla<span class=\"text_exposed_show\">r\u0131n\u0131n \u015fu an i\u00e7in az oldu\u011funu fakat git gide y\u00fckseldi\u011fini belirten Sodov, i\u015fe \u00f6nce bir dernek kurup radyo a\u00e7makla ba\u015flam\u0131\u015f. Dukha T\u00fcrklerinin ge\u00e7mi\u015fini kendilerinin bile tam olarak bilmedi\u011fini ve bu nedenle ge\u00e7mi\u015flerini ara\u015ft\u0131raca\u011f\u0131n\u0131 s\u00f6yleyen Sodov, &#8220;Dukhalar\u0131n bu kadar az kalmas\u0131n\u0131n alt\u0131nda yatan di\u011fer sebepleri de ara\u015ft\u0131rmak istiyorum. Bu ara\u015ft\u0131rma epeyce bir zaman alacak. Bu saatten sonra tarih yazamayaca\u011f\u0131z ama ben kendi \u00e7abalar\u0131mla yazaca\u011f\u0131m. K\u00fclt\u00fcrlerini unutan \u00e7ocuklar, b\u00f6ylelikle tarihini bilecek&#8221; diyor.<br \/>\nN\u00dcFUSUMUZ G\u0130T G\u0130DE Y\u00dcKSEL\u0130YOR<br \/>\nUlziisaikhan Sodov bir Dukha T\u00fcrk\u00fc. Evli ve iki \u00e7ocuk sahibi olan Sodov, Mo\u011folistan&#8217;\u0131n kuzey b\u00f6lgesinde yer alan Tsagaan Nuur il\u00e7esinde ya\u015f\u0131yor. Ge\u00e7ti\u011fimiz haftalarda Dukha T\u00fcrklerinin herkes taraf\u0131ndan tan\u0131nmas\u0131 i\u00e7in bir dernek kurduklar\u0131n\u0131 s\u00f6yleyen Sodov, ayn\u0131 zamanda bu derne\u011fin ba\u015fkanl\u0131\u011f\u0131n\u0131 da y\u00fcr\u00fct\u00fcyor. Tsagaan Nuur \u00e7evresinde ve d\u00fcnyan\u0131n pek \u00e7ok yerinde Dukha T\u00fcrklerinin varl\u0131\u011f\u0131n\u0131n bilinmedi\u011fini dile getiren Sodov &#8220;Ben bunun i\u00e7in bir radyo kurdum. Bu radyoyla kendi k\u00fclt\u00fcr\u00fcm\u00fcz\u00fc d\u00fcnyaya tan\u0131tmak istiyorum. &#8216;Dukha T\u00fcrkleri kimlerdir, neler yapar?&#8217; bunlar\u0131 herkes bilsin istiyorum&#8221; diyor. 1960&#8217;l\u0131 y\u0131llarda Tuva Cumhuriyeti&#8217;nde ya\u015fayan Dukha T\u00fcrkleri&#8217;nin Mo\u011folistan s\u0131n\u0131r\u0131nda kald\u0131klar\u0131n\u0131 ve zamanla asimile olduklar\u0131n\u0131 ifade eden Sodov &#8220;Dukhalar tarih boyunca s\u00fcrekli ba\u015fka k\u00fclt\u00fcrlerin bask\u0131s\u0131 alt\u0131nda kalm\u0131\u015f. \u00c7o\u011fu Rusya&#8217;ya giderek asimile olmu\u015f. \u015eimdi bizlerden sadece 600 tane kald\u0131. Ama n\u00fcfusumuz azalm\u0131yor. \u015eu anda y\u00fckseliyor&#8221; \u015feklinde konu\u015fuyor.<\/span><\/p>\n<div class=\"text_exposed_show\">\n<p>* Dukhalar\u0131n toplam n\u00fcfusu sadece 600<br \/>\n* Dilleri Tuvaca ve Mo\u011folcan\u0131n kar\u0131\u015f\u0131m\u0131ndan olu\u015fuyor.<br \/>\n* G\u00f6\u00e7ebe bir ya\u015fam s\u00fcr\u00fcyorlar.<br \/>\n* Da\u011fl\u0131k alanlarda ve ma\u011faralarda ya\u015f\u0131yorlar.<br \/>\n* \u201cGeyik\u00e7i bir millet&#8221; olarak an\u0131l\u0131yorlar. Ula\u015f\u0131m\u0131 geyiklerle sa\u011fl\u0131yorlar. Geyiklerin etinden, s\u00fct\u00fcnden faydalan\u0131yorlar.<br \/>\n* En me\u015fhur yemekleri \u201chungen&#8221; adl\u0131 ekmekleri<br \/>\n* \u00dclkeleri so\u011fuk iklime sahip oldu\u011fu i\u00e7in sebze yeti\u015ftiremiyorlar.<\/p>\n<\/div>\n<\/div>\n<div class=\"_5wpt\"><\/div>\n<\/div>\n<div class=\"_3x-2\">\n<div data-ft=\"{&quot;tn&quot;:&quot;H&quot;}\">\n<div class=\"mtm\">\n<div class=\"_2a2q\">\n<div class=\"uiScaledImageContainer\"><img loading=\"lazy\" decoding=\"async\" class=\"scaledImageFitHeight img\" src=\"https:\/\/scontent-frt3-1.xx.fbcdn.net\/v\/t1.0-0\/p320x320\/13428475_1014153695347179_1198663444650377613_n.jpg?oh=10af57dbf98e0e6f06fb7bb2bf57b8ce&amp;oe=57D87A96\" alt=\"Topkap\u0131 T\u00fcrk D\u00fcnyas\u0131'n\u0131n foto\u011fraf\u0131.\" width=\"921\" height=\"516\" \/><\/div>\n<div class=\"uiScaledImageContainer\"><img loading=\"lazy\" decoding=\"async\" class=\"scaledImageFitHeight img\" src=\"https:\/\/scontent-frt3-1.xx.fbcdn.net\/v\/t1.0-0\/p160x160\/13494773_1014153738680508_4291154932983940683_n.jpg?oh=18e2c1b8fb36e7ca69536267e47b9c29&amp;oe=57D11F7C\" alt=\"Topkap\u0131 T\u00fcrk D\u00fcnyas\u0131'n\u0131n foto\u011fraf\u0131.\" width=\"807\" height=\"473\" \/><\/div>\n<div class=\"uiScaledImageContainer\"><img loading=\"lazy\" decoding=\"async\" class=\"scaledImageFitHeight img\" src=\"https:\/\/scontent-frt3-1.xx.fbcdn.net\/v\/t1.0-0\/s261x260\/13450797_1014153688680513_93447735844706338_n.jpg?oh=d412e6ebce80618ab5af2e45bbe3f130&amp;oe=57E674A7\" alt=\"Topkap\u0131 T\u00fcrk D\u00fcnyas\u0131'n\u0131n foto\u011fraf\u0131.\" width=\"634\" height=\"385\" \/><\/div>\n<div class=\"uiScaledImageContainer\"><img loading=\"lazy\" decoding=\"async\" class=\"scaledImageFitHeight img\" src=\"https:\/\/scontent-frt3-1.xx.fbcdn.net\/v\/t1.0-0\/p160x160\/13450831_1014153692013846_5459100855288927816_n.jpg?oh=342af4898f663e1ac39d0261a19a3f81&amp;oe=57CADA64\" alt=\"Topkap\u0131 T\u00fcrk D\u00fcnyas\u0131'n\u0131n foto\u011fraf\u0131.\" width=\"681\" height=\"408\" \/><\/div>\n<\/div>\n<\/div>\n<\/div>\n<\/div>\n","protected":false},"excerpt":{"rendered":"<p>Dukha T\u00fcrkleri Mo\u011folistan&#8217;\u0131n orta kuzey b\u00f6lgesinde ya\u015fayan ve soyu tehlike alt\u0131nda olan Dukha T\u00fcrkleri, &#8220;Kay\u0131p T\u00fcrkler&#8221; olarak an\u0131l\u0131yor. 2010 senesinde sadece 282 ki\u015filik n\u00fcfusuyla dikkat \u00e7eken Dukhalar, \u015fimdilerde 600&#8217;\u00fc g\u00f6rd\u00fc. G\u00f6\u00e7ebe bir ya\u015fam s\u00fcren Dukhalar, en \u00e7ok da nesillerin tamemen yok olmas\u0131ndan korkuyor. Dukha k\u00fclt\u00fcr\u00fcn\u00fcn yok olmamas\u0131 ve gelecek neslin de bu k\u00fclt\u00fcr\u00fc devam ettirmesi [&hellip;]<\/p>\n","protected":false},"author":1,"featured_media":11807,"comment_status":"open","ping_status":"open","sticky":false,"template":"","format":"standard","meta":{"footnotes":""},"categories":[10,39,3,37,1],"tags":[],"class_list":{"0":"post-11806","1":"post","2":"type-post","3":"status-publish","4":"format-standard","5":"has-post-thumbnail","7":"category-dunya","8":"category-kultur","9":"category-3","10":"category-turk-dunyasi","11":"category-uncategorized"},"aioseo_notices":[],"jetpack_featured_media_url":"https:\/\/hocalihaber.com\/wp-content\/uploads\/2016\/06\/dukha.jpg","_links":{"self":[{"href":"https:\/\/hocalihaber.com\/az\/wp-json\/wp\/v2\/posts\/11806","targetHints":{"allow":["GET"]}}],"collection":[{"href":"https:\/\/hocalihaber.com\/az\/wp-json\/wp\/v2\/posts"}],"about":[{"href":"https:\/\/hocalihaber.com\/az\/wp-json\/wp\/v2\/types\/post"}],"author":[{"embeddable":true,"href":"https:\/\/hocalihaber.com\/az\/wp-json\/wp\/v2\/users\/1"}],"replies":[{"embeddable":true,"href":"https:\/\/hocalihaber.com\/az\/wp-json\/wp\/v2\/comments?post=11806"}],"version-history":[{"count":0,"href":"https:\/\/hocalihaber.com\/az\/wp-json\/wp\/v2\/posts\/11806\/revisions"}],"wp:featuredmedia":[{"embeddable":true,"href":"https:\/\/hocalihaber.com\/az\/wp-json\/wp\/v2\/media\/11807"}],"wp:attachment":[{"href":"https:\/\/hocalihaber.com\/az\/wp-json\/wp\/v2\/media?parent=11806"}],"wp:term":[{"taxonomy":"category","embeddable":true,"href":"https:\/\/hocalihaber.com\/az\/wp-json\/wp\/v2\/categories?post=11806"},{"taxonomy":"post_tag","embeddable":true,"href":"https:\/\/hocalihaber.com\/az\/wp-json\/wp\/v2\/tags?post=11806"}],"curies":[{"name":"wp","href":"https:\/\/api.w.org\/{rel}","templated":true}]}}