{"id":12083,"date":"2016-07-15T06:53:21","date_gmt":"2016-07-15T04:53:21","guid":{"rendered":"http:\/\/hocalihaber.com\/?p=12083"},"modified":"2016-07-15T06:53:21","modified_gmt":"2016-07-15T04:53:21","slug":"en-az-73-kisi-fransada-teror","status":"publish","type":"post","link":"https:\/\/hocalihaber.com\/az\/en-az-73-kisi-fransada-teror\/","title":{"rendered":"En az 73  ki\u015fi&#8230; Fransa&#8217;da Ter\u00f6r"},"content":{"rendered":"<table border=\"0\" width=\"100%\" cellspacing=\"0\" cellpadding=\"0\">\n<tbody>\n<tr>\n<td class=\"anabaslik\" align=\"left\" height=\"30\"><\/td>\n<\/tr>\n<tr>\n<td>\n<table border=\"0\" width=\"98%\" cellspacing=\"0\" cellpadding=\"0\" align=\"center\">\n<tbody>\n<tr>\n<td><\/td>\n<td width=\"30\"><a href=\"http:\/\/newsaze.com\/yazi_yazdir.php?id=347412&amp;f=b3ecbd88df4a4e7e5b20541bf20a9fb0\" target=\"_blank\"><img decoding=\"async\" src=\"http:\/\/newsaze.com\/images\/printer.gif\" border=\"0\" \/><\/a><\/td>\n<td width=\"10\"><a href=\"http:\/\/newsaze.com\/yazi_yazdir.php?id=347412&amp;f=b3ecbd88df4a4e7e5b20541bf20a9fb0\" target=\"_blank\">Yazd\u0131r<\/a><\/td>\n<\/tr>\n<\/tbody>\n<\/table>\n<table border=\"0\" width=\"98%\" cellspacing=\"1\" cellpadding=\"1\" align=\"center\">\n<tbody>\n<tr>\n<td><img decoding=\"async\" src=\"http:\/\/d22o2takvld2ec.cloudfront.net\/images2\/img\/10005\/AnaResim\/manset347411-france_terror_150716_4-2342.jpg\" width=\"300\" align=\"left\" border=\"0\" hspace=\"10\" \/><\/p>\n<h2>Fransa&#8217;n\u0131n Nice kentindeki Bastille G\u00fcn\u00fc kutlamalar\u0131 s\u0131ras\u0131nda bir kamyonet, kalabal\u0131\u011f\u0131n ortas\u0131na dalarak ter\u00f6r sald\u0131r\u0131s\u0131 yapt\u0131. Nice Ba\u015fsavc\u0131l\u0131\u011f\u0131 olayda en az 73 \u00a0ki\u015finin hayat\u0131n\u0131 kaybetti\u011fini a\u00e7\u0131klad\u0131.<\/h2>\n<p>ransa&#8217;n\u0131n g\u00fcneyindeki Nice kentinde bir kamyon, Promenade Des Anglais Caddesi&#8217;nde saat 22.30 s\u0131ralar\u0131nda 14 Temmuz Bastille G\u00fcn\u00fc&#8217;n\u00fc kutlayan ve havai fi\u015fek g\u00f6sterisini izleyen kalabal\u0131\u011f\u0131n i\u00e7ine dalarak insanlar\u0131 ezdi. B\u00f6lge Valisi Alpes Maritime, kamyonun i\u00e7indekilerin halk\u0131n \u00fczerine ate\u015f a\u00e7t\u0131\u011f\u0131n\u0131 bildirdi. Nice Ba\u015fsav\u00e7\u0131l\u0131\u011f\u0131\u00a0olayda 73 ki\u015finin hayat\u0131n\u0131 kaybetti\u011fini a\u00e7\u0131klad\u0131. G\u00f6rg\u00fc tan\u0131klar\u0131, etrafta \u00e7ok say\u0131da cans\u0131z beden oldu\u011funu anlatt\u0131. Yaral\u0131 say\u0131s\u0131n\u0131n da 100&#8217;den fazla oldu\u011fu belirtiliyor.<\/p>\n<p>KAMYON S\u00dcR\u00dcC\u00dcS\u00dc \u00d6LD\u00dcR\u00dcLD\u00dc<\/p>\n<p>Nice Belediyesi olay\u0131n bir ter\u00f6r sald\u0131r\u0131s\u0131n\u0131 oldu\u011funu duyururken Frans\u0131z BFM Televizyonu&#8217;na konu\u015fan kaymakam, 100&#8217;den fazla yaral\u0131 oldu\u011funu s\u00f6yledi. Sald\u0131r\u0131y\u0131 d\u00fczenleyen s\u00fcr\u00fcc\u00fcn\u00fcn de \u00f6ld\u00fcr\u00fcld\u00fc\u011f\u00fc a\u00e7\u0131kland\u0131.<\/p>\n<p>Nice Belediye Ba\u015fkan\u0131 Christian Estrosi, Twitter\u00a0hesab\u0131nda yapt\u0131\u011f\u0131 payla\u015f\u0131mda, &#8220;onlarca&#8221; ki\u015finin \u00f6ld\u00fc\u011f\u00fcn\u00fc belirterek, vatanda\u015flara evlerinden \u00e7\u0131kmamalar\u0131 uyar\u0131s\u0131 yapt\u0131.<\/p>\n<p>EVLER\u0130N\u0130ZDEN \u00c7IKMAYIN ANONSU<\/p>\n<p>Olay kentte b\u00fcy\u00fck pani\u011fe neden oldu. Polis\u00a0anons yaparak kent sakinlerine gerekmedik\u00e7e evlerinden \u00e7\u0131kmama uyar\u0131s\u0131nda bulundu. Ayn\u0131 uyar\u0131, Valilik taraf\u0131ndan da tekrarland\u0131. Olay\u0131n ard\u0131ndan polis ve valilik geni\u015f \u00e7apl\u0131 operasyon ba\u015flatt\u0131.<\/p>\n<p>CUMHURBA\u015eKANI TAT\u0130L\u0130N\u0130 YARIDA KEST\u0130<\/p>\n<p>Fransa \u00a0Cumhurba\u015fkan\u0131 Fran\u00e7ois Hollande, Nice&#8217;deki geli\u015fmeler \u00fczerine Avignon&#8217;daki tatilini k\u0131sa kesip ba\u015fkent Paris&#8217;e d\u00f6nme karar\u0131 ald\u0131.<\/p>\n<p>Fran\u00e7ois Hollande g\u00fcn\u00fcn ilk saatlerinde \u00fclkenin \u00fcst d\u00fczey g\u00fcvenlik yetkilileriyle bir araya gelecek.<\/p>\n<p>OLA\u011eAN\u00dcST\u00dc HAL UZATILMI\u015eTI<\/p>\n<p>Fransa&#8217;da, 13 Kas\u0131m&#8217;da d\u00fczenlenen ve 130 ki\u015finin \u00f6ld\u00fc\u011f\u00fc Paris\u00a0\u00a0sald\u0131r\u0131lar\u0131n\u0131n ard\u0131ndan \u00fclkede ola\u011fan\u00fcst\u00fc hal ilan edilmi\u015fti.<\/p>\n<p>Ola\u011fan\u00fcst\u00fc hal daha sonra Temmuz ay\u0131 sonuna kadar uzat\u0131lm\u0131\u015ft\u0131.<\/p>\n<p>TER\u00d6R SALDIRISI T\u00dcRK\u0130YE&#8217;DE BEKLEN\u0130YORDU<\/p>\n<p>Fransa, Ankara\u00a0B\u00fcy\u00fckel\u00e7ili\u011fi ve \u0130stanbul\u00a0\u00a0Ba\u015fkonsoloslu\u011fu&#8217;nu g\u00fcvenlik endi\u015fesiyle ikinci bir emre kadar kapatma karar\u0131 alm\u0131\u015ft\u0131.<\/p>\n<div id=\"haberDetaySolVideo\">\n<div data-flowplayer-instance-id=\"0\" data-key=\"$117125321810380\">\n<div><\/div>\n<\/div>\n<\/div>\n<\/td>\n<\/tr>\n<\/tbody>\n<\/table>\n<\/td>\n<\/tr>\n<\/tbody>\n<\/table>\n","protected":false},"excerpt":{"rendered":"<p>Yazd\u0131r Fransa&#8217;n\u0131n Nice kentindeki Bastille G\u00fcn\u00fc kutlamalar\u0131 s\u0131ras\u0131nda bir kamyonet, kalabal\u0131\u011f\u0131n ortas\u0131na dalarak ter\u00f6r sald\u0131r\u0131s\u0131 yapt\u0131. Nice Ba\u015fsavc\u0131l\u0131\u011f\u0131 olayda en az 73 \u00a0ki\u015finin hayat\u0131n\u0131 kaybetti\u011fini a\u00e7\u0131klad\u0131. ransa&#8217;n\u0131n g\u00fcneyindeki Nice kentinde bir kamyon, Promenade Des Anglais Caddesi&#8217;nde saat 22.30 s\u0131ralar\u0131nda 14 Temmuz Bastille G\u00fcn\u00fc&#8217;n\u00fc kutlayan ve havai fi\u015fek g\u00f6sterisini izleyen kalabal\u0131\u011f\u0131n i\u00e7ine dalarak insanlar\u0131 ezdi. B\u00f6lge [&hellip;]<\/p>\n","protected":false},"author":1,"featured_media":12084,"comment_status":"open","ping_status":"open","sticky":false,"template":"","format":"standard","meta":{"footnotes":""},"categories":[10,3],"tags":[],"class_list":{"0":"post-12083","1":"post","2":"type-post","3":"status-publish","4":"format-standard","5":"has-post-thumbnail","7":"category-dunya","8":"category-3"},"aioseo_notices":[],"jetpack_featured_media_url":"https:\/\/hocalihaber.com\/wp-content\/uploads\/2016\/07\/fransa-da-sok-saldiri-fabrika-basan-saldirgan_x_7452642_84.jpg","_links":{"self":[{"href":"https:\/\/hocalihaber.com\/az\/wp-json\/wp\/v2\/posts\/12083","targetHints":{"allow":["GET"]}}],"collection":[{"href":"https:\/\/hocalihaber.com\/az\/wp-json\/wp\/v2\/posts"}],"about":[{"href":"https:\/\/hocalihaber.com\/az\/wp-json\/wp\/v2\/types\/post"}],"author":[{"embeddable":true,"href":"https:\/\/hocalihaber.com\/az\/wp-json\/wp\/v2\/users\/1"}],"replies":[{"embeddable":true,"href":"https:\/\/hocalihaber.com\/az\/wp-json\/wp\/v2\/comments?post=12083"}],"version-history":[{"count":0,"href":"https:\/\/hocalihaber.com\/az\/wp-json\/wp\/v2\/posts\/12083\/revisions"}],"wp:featuredmedia":[{"embeddable":true,"href":"https:\/\/hocalihaber.com\/az\/wp-json\/wp\/v2\/media\/12084"}],"wp:attachment":[{"href":"https:\/\/hocalihaber.com\/az\/wp-json\/wp\/v2\/media?parent=12083"}],"wp:term":[{"taxonomy":"category","embeddable":true,"href":"https:\/\/hocalihaber.com\/az\/wp-json\/wp\/v2\/categories?post=12083"},{"taxonomy":"post_tag","embeddable":true,"href":"https:\/\/hocalihaber.com\/az\/wp-json\/wp\/v2\/tags?post=12083"}],"curies":[{"name":"wp","href":"https:\/\/api.w.org\/{rel}","templated":true}]}}