{"id":12172,"date":"2016-07-19T17:22:40","date_gmt":"2016-07-19T15:22:40","guid":{"rendered":"http:\/\/hocalihaber.com\/?p=12172"},"modified":"2016-07-19T17:22:40","modified_gmt":"2016-07-19T15:22:40","slug":"otizmin-belirtileri-neler","status":"publish","type":"post","link":"https:\/\/hocalihaber.com\/az\/otizmin-belirtileri-neler\/","title":{"rendered":"Otizmin belirtileri neler?"},"content":{"rendered":"<p>Otizmin belirtileri neler? Uzman Fizyoterapist \u0130mran Erkanat Toylan, erken te\u015fhisin \u00f6nemli oldu\u011fu otizmin belirtileri konusunda aileleri uyard\u0131.Bebe\u011fin do\u011fumundan itibaren ilk bir y\u0131l\u0131 i\u00e7erisinde belirtilerinin g\u00f6zlemlenebildi\u011fi otizm spektrum bozuklu\u011fu, anne karn\u0131nda, do\u011fumdan hemen sonra ya da genetik \u00f6zellikler sebebi ile ortaya \u00e7\u0131kan bir sorundur. Konu ile ilgili bilgiler veren Duyu Evi Fizyoterapi Hizmetleri Kurucu M\u00fcd\u00fcr\u00fc Uzman Fizyoterapist \u0130mran Erkanat Toylan otizmin, s\u00f6zel olan yada s\u00f6zel olmayan ileti\u015fimde, sosyal etkile\u015fimde ve \u00f6z bak\u0131m becerilerinde bozuklu\u011fa yol a\u00e7an, tekrarlay\u0131c\u0131 davran\u0131\u015flar ve k\u0131s\u0131tl\u0131y\u0131c\u0131 sosyal aktiviteye sebep olan bir beyin geli\u015fimini engelleyen bir rahats\u0131zl\u0131k oldu\u011funu belirtti.<br \/>\n1 YA\u015eINA KADARK\u0130 OT\u0130ZM BEL\u0130RT\u0130LER\u0130:<br \/>\n*ilk 3 ay i\u00e7inde g\u00f6z konta\u011f\u0131n\u0131n olmamas\u0131<br \/>\n*sosyal g\u00fcl\u00fcmsemenin olmamas\u0131<br \/>\n*oyuncaklara ilginin azl\u0131\u011f\u0131 ya da olmamas\u0131<br \/>\n*sakinle\u015ftirilmekte zorlan\u0131lan bebekler<br \/>\n*ce-ee gibi oyunlara kar\u015f\u0131 tepkisizlik<br \/>\n*y\u00fcz mimiklerini ve jestleri taklit etme becerisindeki yetersizlik- yoksunluk<br \/>\n*bab\u0131ldama- agulaman\u0131n olmamas\u0131<br \/>\n*ismi seslenildi\u011finde tepki vermeme<br \/>\n*oyunu \u00e7e\u015fitlendirememe, s\u00fcrekli ayn\u0131 oyuncak \u00fczerine yo\u011funla\u015fma<br \/>\n1-3 YA\u015e ARASI OT\u0130ZM BEL\u0130RT\u0130LER\u0130:<br \/>\n*ayn\u0131 k\u0131yafeti yada benzer k\u0131yafeti giymek isteme, farkl\u0131 dokudaki materyallere kar\u015f\u0131 hassasiyet<br \/>\n*yemek yeme ile ilgili sorunlar<br \/>\n*\u00e7evreye kar\u015f\u0131 ilgisizlik<br \/>\n*ak\u0131c\u0131 konu\u015fman\u0131n olmamas\u0131<br \/>\n*ileti\u015fimi ba\u015flatamada ve kendini ifade etmede ya\u015fanan zorluklar, bunlara ba\u011fl\u0131 olarak agresif davran\u0131\u015flar<br \/>\n\u0130lk 3 ya\u015f i\u00e7inde ba\u015flanan erken tan\u0131 ve e\u011fitim s\u00fcreci \u00e7ocu\u011fun sosyal hayata adaptasyonu sa\u011flamak ve \u00f6\u011frenme becerilerinin geli\u015ftirilmesi a\u00e7\u0131s\u0131ndan \u00e7ok \u00f6nemlidir.<br \/>\nTedavi s\u00fcreci i\u00e7inde \u00e7ocu\u011fun yap\u0131lan de\u011ferlendirmesi \u00e7er\u00e7evesinde tamamen bireysel haz\u0131rlanm\u0131\u015f yo\u011fun bir e\u011fitim plan\u0131yla oyun terapisi, duyu b\u00fct\u00fcnleme, uygulamal\u0131 davran\u0131\u015f analizi temelli terapi y\u00f6ntemleri ile \u00e7ocu\u011fun bili\u015fsel, duyusal ve fiziksel olarak desteklenmesi \u00f6nerilir. s\u00f6zc\u00fc<\/p>\n","protected":false},"excerpt":{"rendered":"<p>Otizmin belirtileri neler? Uzman Fizyoterapist \u0130mran Erkanat Toylan, erken te\u015fhisin \u00f6nemli oldu\u011fu otizmin belirtileri konusunda aileleri uyard\u0131.Bebe\u011fin do\u011fumundan itibaren ilk bir y\u0131l\u0131 i\u00e7erisinde belirtilerinin g\u00f6zlemlenebildi\u011fi otizm spektrum bozuklu\u011fu, anne karn\u0131nda, do\u011fumdan hemen sonra ya da genetik \u00f6zellikler sebebi ile ortaya \u00e7\u0131kan bir sorundur. Konu ile ilgili bilgiler veren Duyu Evi Fizyoterapi Hizmetleri Kurucu M\u00fcd\u00fcr\u00fc Uzman [&hellip;]<\/p>\n","protected":false},"author":447,"featured_media":12173,"comment_status":"open","ping_status":"open","sticky":false,"template":"","format":"standard","meta":{"footnotes":""},"categories":[1],"tags":[],"class_list":{"0":"post-12172","1":"post","2":"type-post","3":"status-publish","4":"format-standard","5":"has-post-thumbnail","7":"category-uncategorized"},"aioseo_notices":[],"jetpack_featured_media_url":"https:\/\/hocalihaber.com\/wp-content\/uploads\/2016\/07\/otizm-1.jpg","_links":{"self":[{"href":"https:\/\/hocalihaber.com\/az\/wp-json\/wp\/v2\/posts\/12172","targetHints":{"allow":["GET"]}}],"collection":[{"href":"https:\/\/hocalihaber.com\/az\/wp-json\/wp\/v2\/posts"}],"about":[{"href":"https:\/\/hocalihaber.com\/az\/wp-json\/wp\/v2\/types\/post"}],"author":[{"embeddable":true,"href":"https:\/\/hocalihaber.com\/az\/wp-json\/wp\/v2\/users\/447"}],"replies":[{"embeddable":true,"href":"https:\/\/hocalihaber.com\/az\/wp-json\/wp\/v2\/comments?post=12172"}],"version-history":[{"count":0,"href":"https:\/\/hocalihaber.com\/az\/wp-json\/wp\/v2\/posts\/12172\/revisions"}],"wp:featuredmedia":[{"embeddable":true,"href":"https:\/\/hocalihaber.com\/az\/wp-json\/wp\/v2\/media\/12173"}],"wp:attachment":[{"href":"https:\/\/hocalihaber.com\/az\/wp-json\/wp\/v2\/media?parent=12172"}],"wp:term":[{"taxonomy":"category","embeddable":true,"href":"https:\/\/hocalihaber.com\/az\/wp-json\/wp\/v2\/categories?post=12172"},{"taxonomy":"post_tag","embeddable":true,"href":"https:\/\/hocalihaber.com\/az\/wp-json\/wp\/v2\/tags?post=12172"}],"curies":[{"name":"wp","href":"https:\/\/api.w.org\/{rel}","templated":true}]}}