{"id":12438,"date":"2016-08-16T10:06:40","date_gmt":"2016-08-16T08:06:40","guid":{"rendered":"http:\/\/hocalihaber.com\/?p=12438"},"modified":"2016-08-16T10:42:02","modified_gmt":"2016-08-16T08:42:02","slug":"bu-vatani-canlarini-ve-asklarini-feda-edebilenlere-borcluyuz","status":"publish","type":"post","link":"https:\/\/hocalihaber.com\/az\/bu-vatani-canlarini-ve-asklarini-feda-edebilenlere-borcluyuz\/","title":{"rendered":"BU VATANI CANLARINI VE A\u015eKLARINI FEDA EDEB\u0130LENLERE BOR\u00c7LUYUZ."},"content":{"rendered":"<p>Bir han\u0131mefendi diyor ki;<br \/>\n1919 y\u0131l\u0131 idi. \u0130stanbul ba\u015ftan a\u015fa\u011f\u0131 \u0130ngilizlerin i\u015fgali alt\u0131ndayd\u0131. Liseyi yeni bitirmi\u015ftim.<br \/>\nG\u00fczel bir k\u0131zd\u0131m.<br \/>\nD\u00fcn\u00fcr gelmeye ba\u015flad\u0131lar.<br \/>\nBiri avukatm\u0131\u015f.<br \/>\nG\u00f6sterdiler uzaktan, boylu poslu yak\u0131\u015f\u0131kl\u0131 bir delikanl\u0131yd\u0131, be\u011fendim. Ni\u015fanland\u0131k. Ni\u015fanl\u0131m\u0131 seviyordum. Mutlu bir yuva kurmak hevesi ile lamba \u0131\u015f\u0131\u011f\u0131n\u0131n alt\u0131nda sabahlara kadar oyalar \u00f6r\u00fcyor, \u00e7eyizler haz\u0131rl\u0131yordum. Ama \u00e7ok ge\u00e7medi ki mahallede bir dedikodu yay\u0131ld\u0131.(Ay\u015fe\u2019nin ni\u015fanl\u0131s\u0131 avukat de\u011filmi\u015f, ipsizin biriymi\u015f, \u00fcstelik cami \u00f6nlerinden tabut ta\u015f\u0131yarak karn\u0131n\u0131 doyuruyormu\u015f) dediler. Alt \u00fcst oldum. Babam g\u00f6t\u00fcrd\u00fc, uzaktan izledik, ger\u00e7ekten de tabut ta\u015f\u0131yordu\u2026 Y\u0131k\u0131ld\u0131m. Ni\u015fan\u0131 at\u0131p, ayr\u0131ld\u0131k. Aradan 5 y\u0131l ge\u00e7ti. Evlenmi\u015ftim, Bir de \u00e7ocu\u011fum olmu\u015ftu. 1924 y\u0131l\u0131yd\u0131. Art\u0131k \u00fclkemiz \u00f6zg\u00fcrd\u00fc. Bir g\u00fcn Beyo\u011flu\u2019nda rastlad\u0131m ona. O\u011flum yan\u0131mdayd\u0131. Beni g\u00f6r\u00fcnce titredi, \u00e7eketini d\u00fc\u011fmeledi. Sayg\u0131 g\u00f6stererek durdu \u00f6n\u00fcmde. Vaktiniz varsa size bir \u00e7ay ikram etmek isterim, dedi. Olur, dedim. Bir b\u00fcroya girdik. Buras\u0131 bir avukatl\u0131k b\u00fcrosuydu ve kap\u0131da ad\u0131 yaz\u0131yordu. \u0130\u00e7erde yard\u0131mc\u0131lar\u0131 \u00e7al\u0131\u015f\u0131yordu. Siz ger\u00e7ekten avukat m\u0131s\u0131n\u0131z, dedim. Evet, dedi. Peki, avukats\u0131n\u0131z da neden cami \u00f6nlerinden tabut ta\u015f\u0131yordunuz, diye sordum. Durdu, ba\u015f\u0131 \u00f6ne e\u011fildi. Beni affedin,dedi. \u0130stanbul i\u015fgal alt\u0131ndayd\u0131. Her taraf \u0130ngiliz askeri kayn\u0131yordu. Her \u015feyi didik didik ar\u0131yorlard\u0131. Biz de Anadoluya ,Milli kuvvetlere ancak,cenaze s\u00fcs\u00fc vererek tabutlarla silah ka\u00e7\u0131r\u0131yorduk. Bu \u00fclke i\u00e7in hayati bir i\u015fti. Bunu size bile s\u00f6yleyemezdim&#8230;<\/p>\n<p>BU VATANI CANLARINI VE A\u015eKLARINI FEDA EDEB\u0130LENLERE BOR\u00c7LUYUZ.<\/p>\n","protected":false},"excerpt":{"rendered":"<p>Bir han\u0131mefendi diyor ki; 1919 y\u0131l\u0131 idi. \u0130stanbul ba\u015ftan a\u015fa\u011f\u0131 \u0130ngilizlerin i\u015fgali alt\u0131ndayd\u0131. Liseyi yeni bitirmi\u015ftim. G\u00fczel bir k\u0131zd\u0131m. D\u00fcn\u00fcr gelmeye ba\u015flad\u0131lar. Biri avukatm\u0131\u015f. G\u00f6sterdiler uzaktan, boylu poslu yak\u0131\u015f\u0131kl\u0131 bir delikanl\u0131yd\u0131, be\u011fendim. Ni\u015fanland\u0131k. Ni\u015fanl\u0131m\u0131 seviyordum. Mutlu bir yuva kurmak hevesi ile lamba \u0131\u015f\u0131\u011f\u0131n\u0131n alt\u0131nda sabahlara kadar oyalar \u00f6r\u00fcyor, \u00e7eyizler haz\u0131rl\u0131yordum. Ama \u00e7ok ge\u00e7medi ki mahallede [&hellip;]<\/p>\n","protected":false},"author":447,"featured_media":12439,"comment_status":"open","ping_status":"open","sticky":false,"template":"","format":"standard","meta":{"footnotes":""},"categories":[3],"tags":[],"class_list":{"0":"post-12438","1":"post","2":"type-post","3":"status-publish","4":"format-standard","5":"has-post-thumbnail","7":"category-3"},"aioseo_notices":[],"jetpack_featured_media_url":"https:\/\/hocalihaber.com\/wp-content\/uploads\/2016\/08\/11401178_10207251257987923_3326376897757324688_n.jpg","_links":{"self":[{"href":"https:\/\/hocalihaber.com\/az\/wp-json\/wp\/v2\/posts\/12438","targetHints":{"allow":["GET"]}}],"collection":[{"href":"https:\/\/hocalihaber.com\/az\/wp-json\/wp\/v2\/posts"}],"about":[{"href":"https:\/\/hocalihaber.com\/az\/wp-json\/wp\/v2\/types\/post"}],"author":[{"embeddable":true,"href":"https:\/\/hocalihaber.com\/az\/wp-json\/wp\/v2\/users\/447"}],"replies":[{"embeddable":true,"href":"https:\/\/hocalihaber.com\/az\/wp-json\/wp\/v2\/comments?post=12438"}],"version-history":[{"count":0,"href":"https:\/\/hocalihaber.com\/az\/wp-json\/wp\/v2\/posts\/12438\/revisions"}],"wp:featuredmedia":[{"embeddable":true,"href":"https:\/\/hocalihaber.com\/az\/wp-json\/wp\/v2\/media\/12439"}],"wp:attachment":[{"href":"https:\/\/hocalihaber.com\/az\/wp-json\/wp\/v2\/media?parent=12438"}],"wp:term":[{"taxonomy":"category","embeddable":true,"href":"https:\/\/hocalihaber.com\/az\/wp-json\/wp\/v2\/categories?post=12438"},{"taxonomy":"post_tag","embeddable":true,"href":"https:\/\/hocalihaber.com\/az\/wp-json\/wp\/v2\/tags?post=12438"}],"curies":[{"name":"wp","href":"https:\/\/api.w.org\/{rel}","templated":true}]}}