{"id":12484,"date":"2016-08-19T17:50:22","date_gmt":"2016-08-19T15:50:22","guid":{"rendered":"http:\/\/hocalihaber.com\/?p=12484"},"modified":"2016-08-19T17:50:22","modified_gmt":"2016-08-19T15:50:22","slug":"basbakan-pakistan-ordusu-tanker-filosunun-acilis-merasimini-yapti","status":"publish","type":"post","link":"https:\/\/hocalihaber.com\/az\/basbakan-pakistan-ordusu-tanker-filosunun-acilis-merasimini-yapti\/","title":{"rendered":"Ba\u015fbakan, Pakistan ordusu tanker filosunun a\u00e7\u0131l\u0131\u015f merasimini yapt\u0131."},"content":{"rendered":"<p><strong>T\u00dcRMEB Pakistan Reporter Abdulrehman Makhtum<\/strong><\/p>\n<p>Ba\u015fbakan, Pakistan ordusu tanker filosunun a\u00e7\u0131l\u0131\u015f merasimini yapt\u0131. Ba\u015fbakan Nawaz Sharif; Pakistan&#8217;\u0131 demokratik ve ekonomik olarak g\u00fc\u00e7l\u00fc bir ulus yapmak istediklerini ve bunun i\u00e7in savunma stratejilerinden taviz vermeyeceklerini s\u00f6yledi. \u0130leri teknoloji ve m\u00fchendislerin \u00e7al\u0131\u015fmalar\u0131yla Karachi tersanesinde \u00fcretilen 17.000 tonluk tanker filosunun a\u00e7\u0131l\u0131\u015f merasiminin ba\u015f konu\u011fu olarak konu\u015fan Ba\u015fbakan; deniz g\u00fcvenli\u011fini g\u00fc\u00e7lendirmek i\u00e7in her t\u00fcrl\u00fc \u00e7aban\u0131n g\u00f6sterilece\u011fini s\u00f6yledi. H\u00fck\u00fcmetin di\u011fer \u00fclkelerle stratejik ortakl\u0131k h\u00fck\u00fcmlerini inceledi\u011fini bildirdi. Ba\u015fbakan, ayr\u0131ca bu giri\u015fimin; yerli sava\u015f gemisi yap\u0131m\u0131nda ve di\u011fer savunma alanlar\u0131ndaki \u00fcr\u00fcnlerde T\u00fcrkiye ve Pakistan aras\u0131nda yeni i\u015fbirli\u011fi f\u0131rsatlar\u0131 olu\u015fturaca\u011f\u0131n\u0131 a\u00e7\u0131klad\u0131. Proje Pakistan ve T\u00fcrkiye aras\u0131ndaki i\u015fbirli\u011fini g\u00fc\u00e7lendirecektir. Bu Pakistan- T\u00fcrkiye i\u015fbirli\u011finin ve Pakistan&#8217;\u0131n savunma alan\u0131ndaki \u00f6zg\u00fcveninin g\u00f6stergesidir. Ba\u015fbakan Nawaz Sharif; Pakistan ordusu ve Savunma Bakanl\u0131\u011f\u0131n\u0131n Karachi tersanesindeki \u00fcretimi olan gemilerin program\u0131n 2 ay ilerisinde a\u00e7\u0131lmas\u0131na onay verdi. Daha sonra Ba\u015fbakan; T\u00fcrk gemicilik firmas\u0131 STM ve onun m\u00fchendislerinin Karachi tersanesinde \u00fcretmi\u015f oldu\u011fu 17.000 tonluk tanker filosunun a\u00e7\u0131l\u0131\u015f\u0131n\u0131 yapt\u0131. Bu gemi herhangi bir yabanc\u0131 yard\u0131m almadan 3 ay denizlerde kalabilir. Bu sava\u015f gemisi tankeri denizdeki di\u011fer gemilere kat\u0131 ve s\u0131v\u0131la\u015ft\u0131r\u0131lm\u0131\u015f yak\u0131t sa\u011fl\u0131yor ve helikopterler yard\u0131m\u0131yla sava\u015f g\u00f6revlerinde asistanl\u0131k yap\u0131yor. Bu gemi en modern teknolojik \u00f6zelliklerle donat\u0131lm\u0131\u015f ve deniz personeline acil teknik ile sa\u011fl\u0131k yard\u0131m\u0131 sunuyor.<\/p>\n<p><a href=\"http:\/\/hocalihaber.com\/wp-content\/uploads\/2016\/08\/pak4.jpg\"><img loading=\"lazy\" decoding=\"async\" class=\"aligncenter  wp-image-12488\" src=\"http:\/\/hocalihaber.com\/wp-content\/uploads\/2016\/08\/pak4-300x197.jpg\" alt=\"pak4\" width=\"684\" height=\"449\" srcset=\"https:\/\/hocalihaber.com\/wp-content\/uploads\/2016\/08\/pak4-300x197.jpg 300w, https:\/\/hocalihaber.com\/wp-content\/uploads\/2016\/08\/pak4-768x503.jpg 768w, https:\/\/hocalihaber.com\/wp-content\/uploads\/2016\/08\/pak4-700x459.jpg 700w, https:\/\/hocalihaber.com\/wp-content\/uploads\/2016\/08\/pak4-100x65.jpg 100w, https:\/\/hocalihaber.com\/wp-content\/uploads\/2016\/08\/pak4-545x357.jpg 545w, https:\/\/hocalihaber.com\/wp-content\/uploads\/2016\/08\/pak4-737x483.jpg 737w, https:\/\/hocalihaber.com\/wp-content\/uploads\/2016\/08\/pak4.jpg 960w\" sizes=\"auto, (max-width: 684px) 100vw, 684px\" \/><\/a><a href=\"http:\/\/hocalihaber.com\/wp-content\/uploads\/2016\/08\/pak3.jpg\"><img loading=\"lazy\" decoding=\"async\" class=\"aligncenter  wp-image-12487\" src=\"http:\/\/hocalihaber.com\/wp-content\/uploads\/2016\/08\/pak3-300x273.jpg\" alt=\"pak3\" width=\"767\" height=\"698\" srcset=\"https:\/\/hocalihaber.com\/wp-content\/uploads\/2016\/08\/pak3-300x273.jpg 300w, https:\/\/hocalihaber.com\/wp-content\/uploads\/2016\/08\/pak3-768x700.jpg 768w, https:\/\/hocalihaber.com\/wp-content\/uploads\/2016\/08\/pak3-700x638.jpg 700w, https:\/\/hocalihaber.com\/wp-content\/uploads\/2016\/08\/pak3-392x357.jpg 392w, https:\/\/hocalihaber.com\/wp-content\/uploads\/2016\/08\/pak3-530x483.jpg 530w, https:\/\/hocalihaber.com\/wp-content\/uploads\/2016\/08\/pak3.jpg 960w\" sizes=\"auto, (max-width: 767px) 100vw, 767px\" \/><\/a><a href=\"http:\/\/hocalihaber.com\/wp-content\/uploads\/2016\/08\/pak2.jpg\"><img loading=\"lazy\" decoding=\"async\" class=\"aligncenter  wp-image-12486\" src=\"http:\/\/hocalihaber.com\/wp-content\/uploads\/2016\/08\/pak2-300x210.jpg\" alt=\"pak2\" width=\"839\" height=\"587\" srcset=\"https:\/\/hocalihaber.com\/wp-content\/uploads\/2016\/08\/pak2-300x210.jpg 300w, https:\/\/hocalihaber.com\/wp-content\/uploads\/2016\/08\/pak2-768x538.jpg 768w, https:\/\/hocalihaber.com\/wp-content\/uploads\/2016\/08\/pak2-700x491.jpg 700w, https:\/\/hocalihaber.com\/wp-content\/uploads\/2016\/08\/pak2-509x357.jpg 509w, https:\/\/hocalihaber.com\/wp-content\/uploads\/2016\/08\/pak2-689x483.jpg 689w, https:\/\/hocalihaber.com\/wp-content\/uploads\/2016\/08\/pak2.jpg 960w\" sizes=\"auto, (max-width: 839px) 100vw, 839px\" \/><\/a><a href=\"http:\/\/hocalihaber.com\/wp-content\/uploads\/2016\/08\/pak1.jpg\"><img loading=\"lazy\" decoding=\"async\" class=\"aligncenter  wp-image-12485\" src=\"http:\/\/hocalihaber.com\/wp-content\/uploads\/2016\/08\/pak1-300x133.jpg\" alt=\"pak1\" width=\"846\" height=\"375\" srcset=\"https:\/\/hocalihaber.com\/wp-content\/uploads\/2016\/08\/pak1-300x133.jpg 300w, https:\/\/hocalihaber.com\/wp-content\/uploads\/2016\/08\/pak1-768x340.jpg 768w, https:\/\/hocalihaber.com\/wp-content\/uploads\/2016\/08\/pak1-1024x454.jpg 1024w, https:\/\/hocalihaber.com\/wp-content\/uploads\/2016\/08\/pak1-700x310.jpg 700w, https:\/\/hocalihaber.com\/wp-content\/uploads\/2016\/08\/pak1-805x357.jpg 805w, https:\/\/hocalihaber.com\/wp-content\/uploads\/2016\/08\/pak1.jpg 1083w\" sizes=\"auto, (max-width: 846px) 100vw, 846px\" \/><\/a><\/p>\n<p>&nbsp;<\/p>\n","protected":false},"excerpt":{"rendered":"<p>T\u00dcRMEB Pakistan Reporter Abdulrehman Makhtum Ba\u015fbakan, Pakistan ordusu tanker filosunun a\u00e7\u0131l\u0131\u015f merasimini yapt\u0131. Ba\u015fbakan Nawaz Sharif; Pakistan&#8217;\u0131 demokratik ve ekonomik olarak g\u00fc\u00e7l\u00fc bir ulus yapmak istediklerini ve bunun i\u00e7in savunma stratejilerinden taviz vermeyeceklerini s\u00f6yledi. \u0130leri teknoloji ve m\u00fchendislerin \u00e7al\u0131\u015fmalar\u0131yla Karachi tersanesinde \u00fcretilen 17.000 tonluk tanker filosunun a\u00e7\u0131l\u0131\u015f merasiminin ba\u015f konu\u011fu olarak konu\u015fan Ba\u015fbakan; deniz g\u00fcvenli\u011fini [&hellip;]<\/p>\n","protected":false},"author":5,"featured_media":12478,"comment_status":"open","ping_status":"open","sticky":false,"template":"","format":"standard","meta":{"footnotes":""},"categories":[3],"tags":[],"class_list":{"0":"post-12484","1":"post","2":"type-post","3":"status-publish","4":"format-standard","5":"has-post-thumbnail","7":"category-3"},"aioseo_notices":[],"jetpack_featured_media_url":"https:\/\/hocalihaber.com\/wp-content\/uploads\/2016\/08\/loqo.jpg","_links":{"self":[{"href":"https:\/\/hocalihaber.com\/az\/wp-json\/wp\/v2\/posts\/12484","targetHints":{"allow":["GET"]}}],"collection":[{"href":"https:\/\/hocalihaber.com\/az\/wp-json\/wp\/v2\/posts"}],"about":[{"href":"https:\/\/hocalihaber.com\/az\/wp-json\/wp\/v2\/types\/post"}],"author":[{"embeddable":true,"href":"https:\/\/hocalihaber.com\/az\/wp-json\/wp\/v2\/users\/5"}],"replies":[{"embeddable":true,"href":"https:\/\/hocalihaber.com\/az\/wp-json\/wp\/v2\/comments?post=12484"}],"version-history":[{"count":0,"href":"https:\/\/hocalihaber.com\/az\/wp-json\/wp\/v2\/posts\/12484\/revisions"}],"wp:featuredmedia":[{"embeddable":true,"href":"https:\/\/hocalihaber.com\/az\/wp-json\/wp\/v2\/media\/12478"}],"wp:attachment":[{"href":"https:\/\/hocalihaber.com\/az\/wp-json\/wp\/v2\/media?parent=12484"}],"wp:term":[{"taxonomy":"category","embeddable":true,"href":"https:\/\/hocalihaber.com\/az\/wp-json\/wp\/v2\/categories?post=12484"},{"taxonomy":"post_tag","embeddable":true,"href":"https:\/\/hocalihaber.com\/az\/wp-json\/wp\/v2\/tags?post=12484"}],"curies":[{"name":"wp","href":"https:\/\/api.w.org\/{rel}","templated":true}]}}