{"id":13077,"date":"2017-06-09T15:18:40","date_gmt":"2017-06-09T13:18:40","guid":{"rendered":"http:\/\/hocalihaber.com\/?p=13077"},"modified":"2017-06-09T15:20:27","modified_gmt":"2017-06-09T13:20:27","slug":"13077-2","status":"publish","type":"post","link":"https:\/\/hocalihaber.com\/az\/13077-2\/","title":{"rendered":"Yay\u0131nc\u0131lar Geleneksel \u0130ftarda Bulu\u015ftular"},"content":{"rendered":"<p><img decoding=\"async\" src=\"http:\/\/tbym.org\/upload\/icerikler\/388\/yayincilariftardabulustu2017_9.jpg\" \/><\/p>\n<p>T\u00fcrkiye Bas\u0131m Yay\u0131n Meslek Birli\u011fi ve Bas\u0131n Yay\u0131n Birli\u011fi&#8217;nin birlikte d\u00fczenlemi\u015f oldu\u011fu geleneksel \u00fcye bilgilendirme ve iftar program\u0131, K\u00fclt\u00fcr ve Turizm Bakanl\u0131\u011f\u0131 Telif Haklar\u0131 Genel M\u00fcd\u00fcr\u00fc Din\u00e7er Ate\u015f&#8217;in kat\u0131l\u0131m\u0131yla \u00dcsk\u00fcdar Katibim Restoranda ger\u00e7ekle\u015ftirildi.<\/p>\n<p>Yumurcak Yay\u0131nlar\u0131 yetkilisi Mustafa Do\u011fru\u2019nun sunumunu yapt\u0131\u011f\u0131 programa yo\u011funluklar\u0131ndan dolay\u0131 kat\u0131lamayan K\u00fclt\u00fcr ve Turizm Bakan\u0131 Nabi Avc\u0131, \u0130stanbul Valisi Vasip \u015eahin ve AK Parti \u0130stanbul Milletvekili \u0130smet U\u00e7ma da birer telgraf g\u00f6ndererek hay\u0131rl\u0131 olsun temennilerinde bulundular.<\/p>\n<p><img decoding=\"async\" src=\"http:\/\/tbym.org\/upload\/editor\/images\/yayincilariftardabulustu2017%20(4).jpg\" alt=\"\" \/><\/p>\n<p>TBYM ve BASYAYB\u0130R \u00fcyeleri ba\u015fta olmak \u00fczere yay\u0131n d\u00fcnyas\u0131n\u0131n yo\u011fun kat\u0131l\u0131m\u0131yla ger\u00e7ekle\u015fen program, Muhammed Seyyid\u2019in okudu\u011fu Kur\u2019an-\u0131 Kerim tilaveti ile ba\u015flad\u0131. A\u00e7\u0131l\u0131\u015f konu\u015fmas\u0131n\u0131 T\u00fcrkiye Bas\u0131m Yay\u0131n Meslek Birli\u011fi Ba\u015fkan\u0131 Tayfur Esen yapt\u0131. \u201cRahmet ay\u0131 Ramazan, ayn\u0131 zamanda Kur\u2019an\/kitap ay\u0131. Yay\u0131nc\u0131lar olarak ne kadar de\u011ferli bir i\u015fi meslek edindi\u011fimizin fark\u0131nday\u0131z. Bu mesle\u011fi icra ederken rahmeti rahmana kavu\u015fanlar\u0131m\u0131z oldu. Mekanlar\u0131 cennet olsun.\u201d<\/p>\n<p><img decoding=\"async\" src=\"http:\/\/tbym.org\/upload\/editor\/images\/yayincilariftardabulustu2017%20(3).jpg\" alt=\"\" \/><\/p>\n<p><strong>Sekt\u00f6r\u00fcn \u00d6nc\u00fc Meslek Birli\u011fiyiz<\/strong><\/p>\n<p>Yapm\u0131\u015f oldu\u011fu konu\u015fmas\u0131nda T\u00fcrkiye Bas\u0131m Yay\u0131n Meslek Birli\u011fi hakk\u0131nda kat\u0131l\u0131mc\u0131lara bilgi veren Ba\u015fkan Tayfur Esen \u015funlar\u0131 s\u00f6yledi: \u201c429 \u00fcyesi ile sekt\u00f6r\u00fcn \u00f6nde gelen bir meslek birli\u011fi olan T\u00fcrkiye Bas\u0131m Yay\u0131n Meslek Birli\u011fi, \u00fczerine d\u00fc\u015fen \u00e7al\u0131\u015fmalar\u0131 siz \u00fcyelerin ve delegelerin katk\u0131lar\u0131 ile yapmaya devam ediyor. Bu y\u0131l ikincisi ger\u00e7ekle\u015fen fellowship etkinli\u011fi sonras\u0131 439 T\u00fcrk\u00e7e kitab\u0131n ba\u015fka dillere \u00e7eviri anla\u015fmalar\u0131 ger\u00e7ekle\u015fti. Hem yay\u0131n camiam\u0131za hem de T\u00fcrk edebiyat\u0131na sundu\u011fumuz katk\u0131dan duydu\u011fumuz memnuniyeti belirtmek isterim. 2018 biz yay\u0131nc\u0131lar i\u00e7in daha g\u00fczel g\u00fcnler vaat ediyor in\u015fallah.\u201d<\/p>\n<p><img decoding=\"async\" src=\"http:\/\/tbym.org\/upload\/editor\/images\/yayincilariftardabulustu2017%20(5).jpg\" alt=\"\" \/><\/p>\n<p><strong>15 Temmuz Darbe Giri\u015fimini Unutturmayaca\u011f\u0131z<\/strong><\/p>\n<p>Konu\u015fmas\u0131n\u0131n devam\u0131nda 15 Temmuz\u2019da \u00fclkemizde ya\u015fan\u0131lan darbe giri\u015fiminden bahseden Ba\u015fkan Tayfur Esen, \u201cDarbe giri\u015fimi gibi bir imtihanla kar\u015f\u0131 kar\u015f\u0131ya geldik, \u015f\u00fck\u00fcrler olsun ki bunu da atlatt\u0131k. \u0130n\u015fallah yay\u0131n camias\u0131 olarak da ya\u015fan\u0131lanlar\u0131 unutmamaya, unutturmamaya d\u00f6n\u00fck ad\u0131mlar\u0131 atmaya devam edece\u011fiz\u201d dedi.<\/p>\n<p><img decoding=\"async\" src=\"http:\/\/tbym.org\/upload\/editor\/images\/yayincilariftardabulustu2017%20(11).jpg\" alt=\"\" \/><\/p>\n<p>TBYM olarak taslak kanun \u00e7al\u0131\u015fmalar\u0131 ile ilgili \u00e7al\u0131\u015fmalar\u0131n devam etti\u011fini s\u00f6zlerine ekleyen Ba\u015fkan Tayfur Esen, son halini almak \u00fczere olan taslak kanun \u00e7al\u0131\u015fmalar\u0131na katk\u0131 sunan K\u00fclt\u00fcr ve Turizm Bakanl\u0131\u011f\u0131na, Telif Haklar\u0131 Genel M\u00fcd\u00fcr\u00fc Din\u00e7er Ate\u015f\u2019e ve eme\u011fi ge\u00e7en herkese te\u015fekk\u00fcr etti.<\/p>\n<p>Ba\u015fkan Tayfur Esen\u2019den sonra k\u00fcrs\u00fcye davet edilen Bas\u0131n Yay\u0131n Birli\u011fi Ba\u015fkan\u0131 Dr. Melike G\u00fcny\u00fcz konu\u015fmas\u0131na Ramazan\u2019a dair duygu ve d\u00fc\u015f\u00fcncelerini a\u00e7\u0131klayarak ba\u015flad\u0131.<\/p>\n<p><img decoding=\"async\" src=\"http:\/\/tbym.org\/upload\/editor\/images\/yayincilariftardabulustu2017%20(2).jpg\" alt=\"\" \/><\/p>\n<p><strong>Ya\u011fan Ya\u011fmur Hatalar\u0131m\u0131zdan Ar\u0131nmam\u0131z Demektir<\/strong><\/p>\n<p>Bas\u0131n Yay\u0131n Birli\u011fi Ba\u015fkan\u0131 Dr. Melike G\u00fcny\u00fcz, \u201cRamazan; yaz sonunda yery\u00fcz\u00fcn\u00fc tozdan temizleyen ya\u011fmur manas\u0131na gelir. Yery\u00fcz\u00fcne ya\u011fan bu ya\u011fmur bir y\u0131l i\u00e7inde yapt\u0131\u011f\u0131m\u0131z hata, g\u00fcnah ve ihmallerden ar\u0131nmam\u0131z demektir. \u0130nsan nereden gelip nereye gitti\u011fini unutuyor. Bu hakikati unutmamak ad\u0131na Rabbimiz bize bu ayda kalplerimizi, d\u00fc\u015f\u00fcncelerimizi temizleme imkan\u0131 sunuyor\u201d dedi.<\/p>\n<p><img decoding=\"async\" src=\"http:\/\/tbym.org\/upload\/editor\/images\/yayincilariftardabulustu2017%20(7).jpg\" alt=\"\" \/><\/p>\n<p>Yapm\u0131\u015f oldu\u011fu konu\u015fmas\u0131nda dostluk, karde\u015flik ve dayan\u0131\u015fma mesajlar\u0131 veren Ba\u015fkan Dr. Melike G\u00fcny\u00fcz \u015funlar\u0131 s\u00f6yledi: \u201cBu meclisteki her dostun kelimelere kar\u015f\u0131 besledi\u011fi itimad\u0131 ve sevgiyi hat\u0131rlatmama gerek yok. Bizler kelimeler var oldu\u011fu s\u00fcrece var olaca\u011f\u0131z. Kelimelerin bizi birle\u015ftirmesine, sa\u011flamla\u015ft\u0131rmas\u0131 ve g\u00fc\u00e7lendirmesine \u00e7ok ihtiyac\u0131m\u0131z var. \u00c7\u00fcnk\u00fc biz bu iftar sofras\u0131n\u0131 \u015fenlendiren y\u00fcrekli, cesaretli insanlar \u00e7ok uzun yolun yolcusuyuz. Bizim nasibimiz ve nimetimiz kelam. Biz insanlar\u0131n kalplerine seslenmeyi ve duygular\u0131na y\u00f6n vermeyi g\u00f6rev edindik.<\/p>\n<p><img decoding=\"async\" src=\"http:\/\/tbym.org\/upload\/editor\/images\/yayincilariftardabulustu2017%20(8)(1).jpg\" alt=\"\" \/><\/p>\n<p>Bizler kelime i\u015f\u00e7ileriyiz ve kelimelerden \u00f6r\u00fcl\u00fc bir d\u00fcnyam\u0131z var. Burada \u00fczerimize d\u00fc\u015fen her daim kelimenin, s\u00f6z\u00fcn, kelam\u0131n hakiki ve tek sahibinin huzurunda birle\u015fmektir. Zor zamanlar\u0131m\u0131z m\u0131 olacak? Olabilir! \u0130mtihan\u0131m\u0131zd\u0131r. Zor kararlar\u0131m\u0131z m\u0131 olacak? Olabilir! \u0130mtihan\u0131m\u0131zd\u0131r. Zorluklar\u0131n \u00fcstesinden bir arada kalarak ve kelimeleri daha g\u00fcr bir sesle s\u00f6yleyerek \u00e7\u0131kaca\u011f\u0131z. \u015eimdi hep birlikte sohbet edelim ancak bu \u015fekilde g\u00fc\u00e7lenecek ve bu topraklar \u00fczerinde \u00fczerimize d\u00fc\u015fen vazifeyi yerine getirece\u011fiz. Davetimize icabet etti\u011finiz i\u00e7in hepinize te\u015fekk\u00fcr ediyorum.\u201d<\/p>\n<p><img decoding=\"async\" src=\"http:\/\/tbym.org\/upload\/editor\/images\/yayincilariftardabulustu2017%20(1).jpg\" alt=\"\" \/><\/p>\n<p>Son olarak k\u00fcrs\u00fcye davet edilen K\u00fclt\u00fcr ve Turizm Bakanl\u0131\u011f\u0131 Telif Haklar\u0131 Genel M\u00fcd\u00fcr\u00fc Din\u00e7er Ate\u015f de k\u0131sa bir konu\u015fma yaparak \u015fu c\u00fcmlelere yer verdi: \u201cBu g\u00fczel Ramazan ak\u015fam\u0131nda sizlerle beraber olmaktan b\u00fcy\u00fck bir mutluluk duyuyorum. Sizlere Say\u0131n Bakan\u0131m\u0131z Nabi Avc\u0131\u2019n\u0131n selam\u0131n\u0131, Say\u0131n M\u00fcste\u015far\u0131m \u00d6mer Ar\u0131soy\u2019un selam\u0131n\u0131 iletiyorum. Bu ailenin bir par\u00e7as\u0131 olmak ve bu ak\u015fam sizlerle birlikte iftar yapmak bizim i\u00e7in bir onur. Hepinize afiyet olsun.\u201d<\/p>\n<p><img decoding=\"async\" src=\"http:\/\/tbym.org\/upload\/editor\/images\/yayincilariftardabulustu2017%2015.jpg\" alt=\"\" \/><\/p>\n<p>Yemek boyunca T\u00fcrkiye ad\u0131na kal\u0131c\u0131 bir \u00e7al\u0131\u015fma oldu\u011fu d\u00fc\u015f\u00fcn\u00fclen TBYM Fellowship Program\u0131 ve kanun \u00e7al\u0131\u015fmalar\u0131 ile ilgili detaylar\u0131n yer ald\u0131\u011f\u0131 barkavizyon g\u00f6sterimi ger\u00e7ekle\u015ftirildi. \u0130ftar program\u0131na \u0130stanbul B\u00fcy\u00fck\u015fehir Belediyesi K\u00fclt\u00fcr M\u00fcd\u00fcr\u00fc Nevzat K\u00fct\u00fck, \u0130stanbul \u0130l K\u00fclt\u00fcr ve Turizm M\u00fcd\u00fcrl\u00fc\u011f\u00fc M\u00fcd\u00fcr Yard\u0131mc\u0131s\u0131 Abdullah G\u00fcven, \u0130stanbul Telif Haklar\u0131 ve Sinema M\u00fcd\u00fcr\u00fc Nevim Sekizkarde\u015fler, \u0130stanbul Ticaret Odas\u0131 Y\u00f6netim Kurulu \u00dcyesi \u0130lhan Soylu, M\u00dcS\u0130AD Genel Ba\u015fkan Yard\u0131mc\u0131s\u0131 \u0130srafil Kuralay, YAYFED Ba\u015fkan\u0131 M\u00fcnir \u00dcst\u00fcn, DEKMEB Ba\u015fkan\u0131 Murat K\u00f6se, Yay\u0131nc\u0131lar Telif Haklar\u0131 ve Lisanslama Meslek Birli\u011fi Ba\u015fkan\u0131 Erdal Karakaya\u2019n\u0131n yan\u0131 s\u0131ra T\u00fcrk ve Arap yay\u0131nevi temsilcileri kat\u0131ld\u0131.<\/p>\n<p>&nbsp;<\/p>\n<p>http:\/\/tbym.org\/<\/p>\n<div class=\"haberTarih\"><\/div>\n","protected":false},"excerpt":{"rendered":"<p>T\u00fcrkiye Bas\u0131m Yay\u0131n Meslek Birli\u011fi ve Bas\u0131n Yay\u0131n Birli\u011fi&#8217;nin birlikte d\u00fczenlemi\u015f oldu\u011fu geleneksel \u00fcye bilgilendirme ve iftar program\u0131, K\u00fclt\u00fcr ve Turizm Bakanl\u0131\u011f\u0131 Telif Haklar\u0131 Genel M\u00fcd\u00fcr\u00fc Din\u00e7er Ate\u015f&#8217;in kat\u0131l\u0131m\u0131yla \u00dcsk\u00fcdar Katibim Restoranda ger\u00e7ekle\u015ftirildi. Yumurcak Yay\u0131nlar\u0131 yetkilisi Mustafa Do\u011fru\u2019nun sunumunu yapt\u0131\u011f\u0131 programa yo\u011funluklar\u0131ndan dolay\u0131 kat\u0131lamayan K\u00fclt\u00fcr ve Turizm Bakan\u0131 Nabi Avc\u0131, \u0130stanbul Valisi Vasip \u015eahin ve [&hellip;]<\/p>\n","protected":false},"author":5,"featured_media":13078,"comment_status":"open","ping_status":"open","sticky":false,"template":"","format":"standard","meta":{"footnotes":""},"categories":[13,38,3],"tags":[],"class_list":{"0":"post-13077","1":"post","2":"type-post","3":"status-publish","4":"format-standard","5":"has-post-thumbnail","7":"category-edebiyat-defteri","8":"category-islam-dunyasi","9":"category-3"},"aioseo_notices":[],"jetpack_featured_media_url":"https:\/\/hocalihaber.com\/wp-content\/uploads\/2017\/06\/tb.jpg","_links":{"self":[{"href":"https:\/\/hocalihaber.com\/az\/wp-json\/wp\/v2\/posts\/13077","targetHints":{"allow":["GET"]}}],"collection":[{"href":"https:\/\/hocalihaber.com\/az\/wp-json\/wp\/v2\/posts"}],"about":[{"href":"https:\/\/hocalihaber.com\/az\/wp-json\/wp\/v2\/types\/post"}],"author":[{"embeddable":true,"href":"https:\/\/hocalihaber.com\/az\/wp-json\/wp\/v2\/users\/5"}],"replies":[{"embeddable":true,"href":"https:\/\/hocalihaber.com\/az\/wp-json\/wp\/v2\/comments?post=13077"}],"version-history":[{"count":0,"href":"https:\/\/hocalihaber.com\/az\/wp-json\/wp\/v2\/posts\/13077\/revisions"}],"wp:featuredmedia":[{"embeddable":true,"href":"https:\/\/hocalihaber.com\/az\/wp-json\/wp\/v2\/media\/13078"}],"wp:attachment":[{"href":"https:\/\/hocalihaber.com\/az\/wp-json\/wp\/v2\/media?parent=13077"}],"wp:term":[{"taxonomy":"category","embeddable":true,"href":"https:\/\/hocalihaber.com\/az\/wp-json\/wp\/v2\/categories?post=13077"},{"taxonomy":"post_tag","embeddable":true,"href":"https:\/\/hocalihaber.com\/az\/wp-json\/wp\/v2\/tags?post=13077"}],"curies":[{"name":"wp","href":"https:\/\/api.w.org\/{rel}","templated":true}]}}