{"id":13969,"date":"2017-11-11T20:19:13","date_gmt":"2017-11-11T18:19:13","guid":{"rendered":"http:\/\/hocalihaber.com\/?p=13969"},"modified":"2017-11-11T20:19:13","modified_gmt":"2017-11-11T18:19:13","slug":"%c9%99li-h%c9%99s%c9%99nov-az%c9%99rbaycan-v%c9%99-turkiy%c9%99-prezidentl%c9%99rinin-s%c9%99yl%c9%99ri-n%c9%99tic%c9%99sind%c9%99-iki-olk%c9%99nin-%c9%99laq%c9%99l%c9%99ri-strateji-mutt%c9%99fiqlik","status":"publish","type":"post","link":"https:\/\/hocalihaber.com\/az\/%c9%99li-h%c9%99s%c9%99nov-az%c9%99rbaycan-v%c9%99-turkiy%c9%99-prezidentl%c9%99rinin-s%c9%99yl%c9%99ri-n%c9%99tic%c9%99sind%c9%99-iki-olk%c9%99nin-%c9%99laq%c9%99l%c9%99ri-strateji-mutt%c9%99fiqlik\/","title":{"rendered":"\u018fli H\u0259s\u0259nov: Az\u0259rbaycan v\u0259 T\u00fcrkiy\u0259 prezidentl\u0259rinin s\u0259yl\u0259ri n\u0259tic\u0259sind\u0259 iki \u00f6lk\u0259nin \u0259laq\u0259l\u0259ri strateji m\u00fctt\u0259fiqlik s\u0259viyy\u0259sin\u0259 y\u00fcks\u0259lib."},"content":{"rendered":"<p>Noyabr\u0131n 8-d\u0259 \u201cR\u0259smi Q\u0259bullar Saray\u0131\u201dnda Az\u0259rbaycan Prezidentinin \u0130ctimai-siyasi m\u0259s\u0259l\u0259l\u0259r \u00fczr\u0259 k\u00f6m\u0259k\u00e7isi \u018fli H\u0259s\u0259nov \u00f6lk\u0259mizd\u0259 s\u0259f\u0259rd\u0259 olan T\u00fcrkiy\u0259 \u00c7ukurova B\u0259l\u0259diyy\u0259l\u0259r Birliyinin b\u0259l\u0259diyy\u0259 r\u0259hb\u0259rl\u0259rind\u0259n ibar\u0259t n\u00fcmay\u0259nd\u0259 hey\u0259ti il\u0259 g\u00f6r\u00fc\u015f\u00fcb.<\/p>\n<p>Trend-in m\u0259lumat\u0131na g\u00f6r\u0259, \u00c7ukurova B\u0259l\u0259diyy\u0259l\u0259r Birliyi m\u0259rk\u0259zi Adana \u015f\u0259h\u0259rind\u0259 olan Adana, Mersin, Hatay v\u0259 Osmaniye vilay\u0259tl\u0259rinin b\u00f6y\u00fck\u015f\u0259h\u0259r, diyar, \u015f\u0259h\u0259r, q\u0259s\u0259b\u0259, k\u0259nd b\u0259l\u0259diyy\u0259l\u0259rinin \u00fczv oldu\u011fu regional birlikdir.<\/p>\n<p>G\u00f6r\u00fc\u015fd\u0259 \u018f.H\u0259s\u0259nov bildirib ki, Az\u0259rbaycan v\u0259 T\u00fcrkiy\u0259 ortaq milli-m\u0259n\u0259vi d\u0259y\u0259rl\u0259r\u0259, tarixi k\u00f6kl\u0259r\u0259 malik iki qarda\u015f d\u00f6vl\u0259tdir. T\u00fcrkiy\u0259 C\u00fcmhuriyy\u0259tinin qurucusu Atat\u00fcrk\u00fcn \u201cAz\u0259rbaycan\u0131n sevinci sevincimiz, k\u0259d\u0259ri k\u0259d\u0259rimizdir\u201d v\u0259 Az\u0259rbaycan xalq\u0131n\u0131n \u00fcmummilli lideri Heyd\u0259r \u018fliyevin \u201cBiz bir mill\u0259t \u2013 iki d\u00f6vl\u0259tik\u201d ifad\u0259si Az\u0259rbaycan-T\u00fcrkiy\u0259 m\u00fcnasib\u0259tl\u0259rinin f\u0259ls\u0259f\u0259sini m\u00fc\u0259yy\u0259n ed\u0259n fikirl\u0259rdir.<\/p>\n<p>\u018f.H\u0259s\u0259nov qeyd edib ki, m\u00fcasir d\u00f6vrd\u0259 Az\u0259rbaycan Prezidenti c\u0259nab \u0130lham \u018fliyev v\u0259 T\u00fcrkiy\u0259 Prezidenti c\u0259nab R\u0259c\u0259b Tayyip \u018frdo\u011fan\u0131n birg\u0259 s\u0259yl\u0259ri n\u0259tic\u0259sind\u0259 \u00f6lk\u0259l\u0259rimiz aras\u0131nda \u0259laq\u0259l\u0259r daha da g\u00fccl\u0259nib v\u0259 strateji m\u00fctt\u0259fiqlik s\u0259viyy\u0259sin\u0259 y\u00fcks\u0259lib. Az\u0259rbaycan v\u0259 T\u00fcrkiy\u0259 aras\u0131nda qar\u015f\u0131l\u0131ql\u0131 etimad \u0259laq\u0259l\u0259rinin daha da inki\u015faf etdirilm\u0259sind\u0259 T\u00fcrkiy\u0259nin m\u00fcvafiq d\u00f6vl\u0259t qurumlar\u0131 v\u0259 yerli \u00f6z\u00fcn\u00fc idar\u0259etm\u0259 orqanlar\u0131 il\u0259 \u00f6lk\u0259mizin yerli icra orqanlar\u0131 aras\u0131nda \u0259m\u0259kda\u015fl\u0131q b\u00f6y\u00fck \u0259h\u0259miyy\u0259t\u0259 malikdir. Bu m\u0259nada qar\u015f\u0131l\u0131ql\u0131 s\u0259f\u0259rl\u0259rin t\u0259\u015fkili olduqca vacibdir.<\/p>\n<p>Az\u0259rbaycan\u0131n T\u00fcrkiy\u0259d\u0259ki diaspor t\u0259\u015fkilatlar\u0131n\u0131n s\u0259m\u0259r\u0259li f\u0259aliyy\u0259tind\u0259 yerli b\u0259l\u0259diyy\u0259l\u0259rin d\u0259st\u0259yini x\u00fcsusi qeyd ed\u0259n Prezidentin k\u00f6m\u0259k\u00e7isi m\u00fct\u0259madi qaydada ke\u00e7iril\u0259n s\u0259rgil\u0259rin, konsert proqramlar\u0131n\u0131n, elmi-praktiki konfranslar\u0131n v\u0259 dig\u0259r t\u0259dbirl\u0259rin Az\u0259rbaycanda da b\u00f6y\u00fck h\u0259v\u0259sl\u0259 izl\u0259nildiyini diqq\u0259t\u0259 \u00e7atd\u0131r\u0131b.<\/p>\n<p>Bildirilib ki, T\u00fcrkiy\u0259d\u0259 Az\u0259rbaycan xalq\u0131n\u0131n \u00dcmummilli lideri Heyd\u0259r \u018fliyev\u0259 olan m\u0259h\u0259bb\u0259t v\u0259 b\u00f6y\u00fck h\u00f6rm\u0259t hissi b\u0259l\u0259diyy\u0259l\u0259rin f\u0259aliyy\u0259tind\u0259 d\u0259 \u00f6z\u00fcn\u00fc b\u00fcruz\u0259 verir. Adana vilay\u0259tinin Ceyhan \u015f\u0259h\u0259rind\u0259 Heyd\u0259r \u018fliyev ad\u0131na park v\u0259 abid\u0259 kompleksinin ucalmas\u0131, m\u00f6vcud parklardan birin\u0259 \u00fcmummilli liderin ad\u0131n\u0131n verilm\u0259si il\u0259 ba\u011fl\u0131 Adana B\u00f6y\u00fck\u015f\u0259h\u0259r B\u0259l\u0259diyy\u0259sinin q\u0259rar q\u0259bul etm\u0259si, Heyd\u0259r \u018fliyevin ad\u0131na Universitetin yarad\u0131lmas\u0131n\u0131n planla\u015fd\u0131r\u0131lmas\u0131, Mersin vilay\u0259tinin Tarsus \u015f\u0259h\u0259rind\u0259 v\u0259 Hatay vilay\u0259tinin Payas rayonunda Heyd\u0259r \u018fliyev ad\u0131na park sal\u0131nmas\u0131 v\u0259 s. bunu bir daha t\u0259sdiq edir. Bundan ba\u015fqa, T\u00fcrkiy\u0259 b\u0259l\u0259diyy\u0259l\u0259rinin t\u0259\u015f\u0259bb\u00fcs\u00fc v\u0259 t\u0259\u015fkilat\u00e7\u0131l\u0131\u011f\u0131 il\u0259 Az\u0259rbaycanla ba\u011fl\u0131 abid\u0259l\u0259r ucald\u0131l\u0131b, parklar sal\u0131n\u0131b, muzeyl\u0259r yarad\u0131l\u0131b v\u0259 dig\u0259r i\u015fl\u0259r g\u00f6r\u00fcl\u00fcb.<\/p>\n<p>Qeyd olunub ki, Az\u0259rbaycanla T\u00fcrkiy\u0259nin m\u00fcxt\u0259lif \u015f\u0259h\u0259rl\u0259ri aras\u0131nda qarda\u015fla\u015fm\u0131\u015f \u015f\u0259h\u0259rl\u0259r m\u00fcnasib\u0259tl\u0259rinin qurulmas\u0131 yerli \u00f6z\u00fcn\u00fcidar\u0259etm\u0259 sah\u0259sind\u0259 t\u0259cr\u00fcb\u0259 m\u00fcbadil\u0259si \u00fc\u00e7\u00fcn m\u00fch\u00fcm \u0259h\u0259miyy\u0259t k\u0259sb edir. Haz\u0131rda G\u0259nc\u0259 \u015f\u0259h\u0259ri il\u0259 \u0130zmir, Qars, Bursa, Ordu, Ankara, Ela\u011f\u0131z, Eski\u015fehir, Sumqay\u0131t \u015f\u0259h\u0259ri il\u0259 Ceyhan, Bak\u0131n\u0131n X\u0259tai rayonu il\u0259 Tarsus, N\u0259simi rayonu il\u0259 \u0130zmit, \u015e\u0259ki \u015f\u0259h\u0259ri il\u0259 Meram, Ming\u0259\u00e7evir \u015f\u0259h\u0259ri il\u0259 G\u00f6lba\u015f\u0131, \u015eamax\u0131 v\u0259 \u015e\u0259rur \u015f\u0259h\u0259rl\u0259ri il\u0259 \u0130\u011fd\u0131r qarda\u015fla\u015fm\u0131\u015f \u015f\u0259h\u0259rl\u0259rdir.<\/p>\n<p>\u018f.H\u0259s\u0259nov \u0259lav\u0259 edib ki, Az\u0259rbaycan v\u0259 T\u00fcrkiy\u0259nin b\u0259l\u0259diyy\u0259 orqanlar\u0131 aras\u0131ndak\u0131 m\u00fcnasib\u0259tl\u0259r m\u00fcxt\u0259lif konfranslar v\u0259 s\u0259rgil\u0259r \u00e7\u0259r\u00e7iv\u0259sind\u0259 d\u0259 inki\u015faf edir. T\u0259qdir\u0259layiq hald\u0131r ki, T\u00fcrkiy\u0259 b\u0259l\u0259diyy\u0259l\u0259ri bu c\u00fcr t\u0259dbirl\u0259ri yaln\u0131z \u00f6z \u0259razil\u0259rind\u0259 deyil, h\u0259tta xarici d\u00f6vl\u0259tl\u0259rd\u0259 ke\u00e7irm\u0259k t\u0259\u015f\u0259bb\u00fcs\u00fc il\u0259 \u00e7\u0131x\u0131\u015f edirl\u0259r.<\/p>\n<p>Diqq\u0259t\u0259 \u00e7atd\u0131r\u0131l\u0131b ki, 1918-ci ild\u0259 Az\u0259rbaycanda erm\u0259ni-da\u015fnak silahl\u0131 birl\u0259\u015fm\u0259l\u0259rin\u0259 qar\u015f\u0131 d\u00f6y\u00fc\u015fl\u0259rd\u0259 \u015f\u0259hid olmu\u015f t\u00fcrk \u0259sg\u0259rl\u0259rinin m\u00fcxt\u0259lif \u015f\u0259h\u0259rl\u0259rd\u0259ki m\u0259zarlar\u0131 \u00fcz\u0259rind\u0259 xatir\u0259 abid\u0259l\u0259ri yenid\u0259n tikilmi\u015f v\u0259 yaxud t\u0259mir olunub. H\u0259r il sentyabr\u0131n 15-d\u0259 t\u00fcrk \u0259sg\u0259rl\u0259rinin xatir\u0259sin\u0259 ucald\u0131lm\u0131\u015f \u201cT\u00fcrk \u015e\u0259hidliyi\u201d abid\u0259si \u00f6n\u00fcnd\u0259 an\u0131m m\u0259rasiml\u0259ri ke\u00e7irilir.<\/p>\n<p>Adana B\u00f6y\u00fck\u015f\u0259h\u0259r B\u0259l\u0259diyy\u0259sinin v\u0259 \u00c7ukurova B\u0259l\u0259diyy\u0259l\u0259r Birliyinin s\u0259dri H\u00fcseyn S\u00f6zl\u00fc Az\u0259rbaycana s\u0259f\u0259rinin m\u0259qs\u0259dinin C\u0259bray\u0131l rayonunun Cocuq M\u0259rcanl\u0131 k\u0259ndin\u0259 ba\u015f \u00e7\u0259km\u0259k oldu\u011funu s\u00f6yl\u0259yib.<\/p>\n<p>O qeyd edib ki, T\u00fcrkiy\u0259 Prezidenti Az\u0259rbaycanla m\u00fcnasib\u0259tl\u0259r\u0259 x\u00fcsusi \u00f6n\u0259m verir: &#8220;Biz Az\u0259rbaycanla m\u00fcnasib\u0259tl\u0259ri daha da inki\u015faf etdirm\u0259k ist\u0259yirik. \u0130qtisadi \u0259m\u0259kda\u015fl\u0131\u011f\u0131 v\u0259 m\u0259d\u0259ni \u0259laq\u0259l\u0259ri daha y\u00fcks\u0259k s\u0259viyy\u0259y\u0259 qald\u0131rmal\u0131y\u0131q&#8221;.<\/p>\n<p>H.S\u00f6zl\u00fc \u0259lav\u0259 edib ki, Da\u011fl\u0131q Qaraba\u011f Az\u0259rbaycan q\u0259d\u0259r T\u00fcrkiy\u0259nin d\u0259 m\u0259s\u0259l\u0259sidir: &#8220;Biz h\u0259r zaman Az\u0259rbaycan xalq\u0131n\u0131n yan\u0131nday\u0131q. Da\u011fl\u0131q Qaraba\u011f m\u0259s\u0259l\u0259sinin T\u00fcrkiy\u0259 q\u0259d\u0259r dig\u0259r qarda\u015f t\u00fcrkdilli \u00f6lk\u0259l\u0259rin &#8211; Qazax\u0131stan, \u00d6zb\u0259kistan, T\u00fcrkm\u0259nistan v\u0259 Q\u0131r\u011f\u0131z\u0131stan\u0131n da m\u0259s\u0259l\u0259si olmas\u0131n\u0131 ist\u0259rdik&#8221;.<\/p>\n<p>G\u00f6r\u00fc\u015f\u00fcn sonunda Az\u0259rbaycan v\u0259 T\u00fcrkiy\u0259 aras\u0131nda qarda\u015fl\u0131q m\u00fcnasib\u0259tl\u0259rinin inki\u015faf etdirilm\u0259sind\u0259ki xidm\u0259tl\u0259rin\u0259 g\u00f6r\u0259 Adana B\u00f6y\u00fck\u015f\u0259h\u0259r B\u0259l\u0259diyy\u0259sinin v\u0259 \u00c7ukurova B\u0259l\u0259diyy\u0259l\u0259r Birliyinin s\u0259dri H.S\u00f6zl\u00fc, Hatay B\u00f6y\u00fck\u015f\u0259h\u0259r B\u0259l\u0259diyy\u0259sinin s\u0259dri L\u00fctf\u00fc Sava\u015f v\u0259 Mersin B\u00f6y\u00fck\u015f\u0259h\u0259r B\u0259l\u0259diyy\u0259sinin s\u0259dri B\u00fcrhan\u0259ddin Kocamaza m\u00fckafatlar t\u0259qdim olunub.<a href=\"http:\/\/hocalihaber.com\/wp-content\/uploads\/2017\/11\/trend_ali_hasanov_081117__2.jpg\"><img loading=\"lazy\" decoding=\"async\" class=\"aligncenter  wp-image-13970\" src=\"http:\/\/hocalihaber.com\/wp-content\/uploads\/2017\/11\/trend_ali_hasanov_081117__2-300x158.jpg\" alt=\"\" width=\"306\" height=\"161\" srcset=\"https:\/\/hocalihaber.com\/wp-content\/uploads\/2017\/11\/trend_ali_hasanov_081117__2-300x158.jpg 300w, https:\/\/hocalihaber.com\/wp-content\/uploads\/2017\/11\/trend_ali_hasanov_081117__2-768x405.jpg 768w, https:\/\/hocalihaber.com\/wp-content\/uploads\/2017\/11\/trend_ali_hasanov_081117__2-700x369.jpg 700w, https:\/\/hocalihaber.com\/wp-content\/uploads\/2017\/11\/trend_ali_hasanov_081117__2-677x357.jpg 677w, https:\/\/hocalihaber.com\/wp-content\/uploads\/2017\/11\/trend_ali_hasanov_081117__2.jpg 825w\" sizes=\"auto, (max-width: 306px) 100vw, 306px\" \/>https:\/\/az.trend.az<\/a><\/p>","protected":false},"excerpt":{"rendered":"<p>Noyabr\u0131n 8-d\u0259 \u201cR\u0259smi Q\u0259bullar Saray\u0131\u201dnda Az\u0259rbaycan Prezidentinin \u0130ctimai-siyasi m\u0259s\u0259l\u0259l\u0259r \u00fczr\u0259 k\u00f6m\u0259k\u00e7isi \u018fli H\u0259s\u0259nov \u00f6lk\u0259mizd\u0259 s\u0259f\u0259rd\u0259 olan T\u00fcrkiy\u0259 \u00c7ukurova B\u0259l\u0259diyy\u0259l\u0259r Birliyinin b\u0259l\u0259diyy\u0259 r\u0259hb\u0259rl\u0259rind\u0259n ibar\u0259t n\u00fcmay\u0259nd\u0259 hey\u0259ti il\u0259 g\u00f6r\u00fc\u015f\u00fcb. Trend-in m\u0259lumat\u0131na g\u00f6r\u0259, \u00c7ukurova B\u0259l\u0259diyy\u0259l\u0259r Birliyi m\u0259rk\u0259zi Adana \u015f\u0259h\u0259rind\u0259 olan Adana, Mersin, Hatay v\u0259 Osmaniye vilay\u0259tl\u0259rinin b\u00f6y\u00fck\u015f\u0259h\u0259r, diyar, \u015f\u0259h\u0259r, q\u0259s\u0259b\u0259, k\u0259nd b\u0259l\u0259diyy\u0259l\u0259rinin \u00fczv oldu\u011fu regional birlikdir. G\u00f6r\u00fc\u015fd\u0259 \u018f.H\u0259s\u0259nov [&hellip;]<\/p>\n","protected":false},"author":24,"featured_media":13971,"comment_status":"open","ping_status":"open","sticky":false,"template":"","format":"standard","meta":{"footnotes":""},"categories":[3],"tags":[],"class_list":{"0":"post-13969","1":"post","2":"type-post","3":"status-publish","4":"format-standard","5":"has-post-thumbnail","7":"category-3"},"aioseo_notices":[],"jetpack_featured_media_url":"https:\/\/hocalihaber.com\/wp-content\/uploads\/2017\/11\/trend_ali_hasanov_081117__7.jpg","_links":{"self":[{"href":"https:\/\/hocalihaber.com\/az\/wp-json\/wp\/v2\/posts\/13969","targetHints":{"allow":["GET"]}}],"collection":[{"href":"https:\/\/hocalihaber.com\/az\/wp-json\/wp\/v2\/posts"}],"about":[{"href":"https:\/\/hocalihaber.com\/az\/wp-json\/wp\/v2\/types\/post"}],"author":[{"embeddable":true,"href":"https:\/\/hocalihaber.com\/az\/wp-json\/wp\/v2\/users\/24"}],"replies":[{"embeddable":true,"href":"https:\/\/hocalihaber.com\/az\/wp-json\/wp\/v2\/comments?post=13969"}],"version-history":[{"count":0,"href":"https:\/\/hocalihaber.com\/az\/wp-json\/wp\/v2\/posts\/13969\/revisions"}],"wp:featuredmedia":[{"embeddable":true,"href":"https:\/\/hocalihaber.com\/az\/wp-json\/wp\/v2\/media\/13971"}],"wp:attachment":[{"href":"https:\/\/hocalihaber.com\/az\/wp-json\/wp\/v2\/media?parent=13969"}],"wp:term":[{"taxonomy":"category","embeddable":true,"href":"https:\/\/hocalihaber.com\/az\/wp-json\/wp\/v2\/categories?post=13969"},{"taxonomy":"post_tag","embeddable":true,"href":"https:\/\/hocalihaber.com\/az\/wp-json\/wp\/v2\/tags?post=13969"}],"curies":[{"name":"wp","href":"https:\/\/api.w.org\/{rel}","templated":true}]}}