{"id":14089,"date":"2017-11-23T15:20:11","date_gmt":"2017-11-23T13:20:11","guid":{"rendered":"http:\/\/hocalihaber.com\/?p=14089"},"modified":"2017-11-23T15:20:11","modified_gmt":"2017-11-23T13:20:11","slug":"eynulla-f%c9%99tullayev-h%c9%99l%c9%99-ki-payiz-ruhundadir-bunun-qisi-var-yazi-var-afiq-s%c9%99f%c9%99rov","status":"publish","type":"post","link":"https:\/\/hocalihaber.com\/az\/eynulla-f%c9%99tullayev-h%c9%99l%c9%99-ki-payiz-ruhundadir-bunun-qisi-var-yazi-var-afiq-s%c9%99f%c9%99rov\/","title":{"rendered":"&#8221;Eynulla F\u0259tullayev h\u0259l\u0259 ki, pay\u0131z ruhundad\u0131r, bunun q\u0131\u015f\u0131 var, yaz\u0131 var&#8230;&#8221; &#8211; Afiq S\u0259f\u0259rov"},"content":{"rendered":"<p><b><strong>&#8221;Haqq v\u0259 nahaq meyarlar\u0131n\u0131 tez-tez d\u0259yi\u015f\u0259n v\u0259 bu anlay\u0131\u015flar\u0131 \u00f6z \u015f\u0259xsi maraqlar\u0131na uy\u011funla\u015fd\u0131raraq h\u0259r\u0259k\u0259t ed\u0259n bir adam\u0131n dedikl\u0259rin\u0259 reaksiya verm\u0259m\u0259k d\u0259 olard\u0131. Lakin dan\u0131\u015fd\u0131qlar\u0131 na\u011f\u0131llara az da olsa inananlar\u0131n ola bil\u0259c\u0259yini n\u0259z\u0259r\u0259 al\u0131b cavab veririk ki, d\u0259yi\u015fk\u0259n m\u00f6vqeyini az qala f\u0259sill\u0259r\u0259 uy\u011funla\u015fd\u0131ran Eynulla F\u0259tullayin &#8220;Az\u0259rsun Holdinq&#8221;in M\u00fc\u015fahid\u0259 \u015euras\u0131n\u0131n s\u0259dri Abdulbari G\u00f6z\u0259l haqq\u0131nda dedikl\u0259ri ba\u015fdan aya\u011fa uydurmad\u0131r&#8221;.<\/strong><\/b><\/p>\n<p>Bunu\u00a0<b><strong>AZ\u018fRFAKS-a<\/strong><\/b>\u00a0a\u00e7\u0131qlamas\u0131nda &#8220;Az\u0259rsun Holdinq&#8221;in biznesin t\u0259\u015fkili v\u0259 ictimaiyy\u0259tl\u0259 \u0259laq\u0259l\u0259r departamentinin r\u0259hb\u0259ri\u00a0<strong>Afiq S\u0259f\u0259rov\u00a0<\/strong>\u00a0Haqq\u0131n.az sayt\u0131n\u0131n ba\u015f redaktoru Eynulla F\u0259tullayevin haz\u0131rda Almaniyada m\u00fchacir h\u0259yat\u0131 ya\u015fayan sabiq deputat H\u00fcseyn Abdullayev t\u0259r\u0259find\u0259n &#8220;Az\u0259rsun Holdinq&#8221;in \u0130dar\u0259 Hey\u0259tinin s\u0259dri Abdulbari G\u00f6z\u0259lin i\u015f ota\u011f\u0131na basq\u0131n edilm\u0259si v\u0259 180 min dollar civar\u0131nda v\u0259saitin qar\u0259t olunmas\u0131 bar\u0259d\u0259 yazd\u0131qlar\u0131na m\u00fcnasib\u0259t bildir\u0259rk\u0259n deyib.<\/p>\n<p>A.S\u0259f\u0259rov bildib ki, E.F\u0259tullayevin yazd\u0131qlar\u0131 h\u0259qiq\u0259td\u0259n uzaqd\u0131r:\u00a0<b><strong>&#8220;Bel\u0259 bir hadis\u0259 olmay\u0131b v\u0259 ola da bilm\u0259zdi. Bunu iddia ed\u0259n adam f\u0259rqin\u0259 varmal\u0131d\u0131r ki, onun dedikl\u0259rini ictimaiyy\u0259t art\u0131q qeyri-ciddi q\u0259bul edir, \u00f6z\u00fcn\u0259 v\u0259 imzas\u0131na is\u0259 say\u011f\u0131s\u0131z yana\u015f\u0131r. \u00c7\u00fcnki h\u0259r k\u0259sd\u0259 bir \u0259minlik var ki,\u00a0\u00a0o, sabah tamam ba\u015fqa havalara qol qald\u0131r\u0131b oynayacaq v\u0259 bu g\u00fcn dedikl\u0259rinin\u00a0\u00a0tam \u0259ksini isbat etm\u0259y\u0259 meyill\u0259n\u0259c\u0259k.\u00a0\u00a0H\u0259l\u0259 ki, pay\u0131z ruhundad\u0131r, qar\u015f\u0131da q\u0131\u015f\u0131, yaz\u0131, yay\u0131 var&#8221;.<\/strong><\/b><\/p>","protected":false},"excerpt":{"rendered":"<p>&#8221;Haqq v\u0259 nahaq meyarlar\u0131n\u0131 tez-tez d\u0259yi\u015f\u0259n v\u0259 bu anlay\u0131\u015flar\u0131 \u00f6z \u015f\u0259xsi maraqlar\u0131na uy\u011funla\u015fd\u0131raraq h\u0259r\u0259k\u0259t ed\u0259n bir adam\u0131n dedikl\u0259rin\u0259 reaksiya verm\u0259m\u0259k d\u0259 olard\u0131. Lakin dan\u0131\u015fd\u0131qlar\u0131 na\u011f\u0131llara az da olsa inananlar\u0131n ola bil\u0259c\u0259yini n\u0259z\u0259r\u0259 al\u0131b cavab veririk ki, d\u0259yi\u015fk\u0259n m\u00f6vqeyini az qala f\u0259sill\u0259r\u0259 uy\u011funla\u015fd\u0131ran Eynulla F\u0259tullayin &#8220;Az\u0259rsun Holdinq&#8221;in M\u00fc\u015fahid\u0259 \u015euras\u0131n\u0131n s\u0259dri Abdulbari G\u00f6z\u0259l haqq\u0131nda dedikl\u0259ri ba\u015fdan aya\u011fa [&hellip;]<\/p>\n","protected":false},"author":1,"featured_media":14090,"comment_status":"open","ping_status":"open","sticky":false,"template":"","format":"standard","meta":{"footnotes":""},"categories":[3,7,37],"tags":[],"class_list":{"0":"post-14089","1":"post","2":"type-post","3":"status-publish","4":"format-standard","5":"has-post-thumbnail","7":"category-3","8":"category-siyaset","9":"category-turk-dunyasi"},"aioseo_notices":[],"jetpack_featured_media_url":"https:\/\/hocalihaber.com\/wp-content\/uploads\/2017\/11\/afik.jpg","_links":{"self":[{"href":"https:\/\/hocalihaber.com\/az\/wp-json\/wp\/v2\/posts\/14089","targetHints":{"allow":["GET"]}}],"collection":[{"href":"https:\/\/hocalihaber.com\/az\/wp-json\/wp\/v2\/posts"}],"about":[{"href":"https:\/\/hocalihaber.com\/az\/wp-json\/wp\/v2\/types\/post"}],"author":[{"embeddable":true,"href":"https:\/\/hocalihaber.com\/az\/wp-json\/wp\/v2\/users\/1"}],"replies":[{"embeddable":true,"href":"https:\/\/hocalihaber.com\/az\/wp-json\/wp\/v2\/comments?post=14089"}],"version-history":[{"count":0,"href":"https:\/\/hocalihaber.com\/az\/wp-json\/wp\/v2\/posts\/14089\/revisions"}],"wp:featuredmedia":[{"embeddable":true,"href":"https:\/\/hocalihaber.com\/az\/wp-json\/wp\/v2\/media\/14090"}],"wp:attachment":[{"href":"https:\/\/hocalihaber.com\/az\/wp-json\/wp\/v2\/media?parent=14089"}],"wp:term":[{"taxonomy":"category","embeddable":true,"href":"https:\/\/hocalihaber.com\/az\/wp-json\/wp\/v2\/categories?post=14089"},{"taxonomy":"post_tag","embeddable":true,"href":"https:\/\/hocalihaber.com\/az\/wp-json\/wp\/v2\/tags?post=14089"}],"curies":[{"name":"wp","href":"https:\/\/api.w.org\/{rel}","templated":true}]}}