{"id":14095,"date":"2017-11-23T18:13:34","date_gmt":"2017-11-23T16:13:34","guid":{"rendered":"http:\/\/hocalihaber.com\/?p=14095"},"modified":"2017-11-23T18:13:34","modified_gmt":"2017-11-23T16:13:34","slug":"rusiya-iran-v%c9%99-turkiy%c9%99-suriya-uzr%c9%99-%c9%99m%c9%99kdasligin-prioritet-sah%c9%99l%c9%99rini-mu%c9%99yy%c9%99nl%c9%99sdir%c9%99n-birg%c9%99-b%c9%99yanat-q%c9%99bul-edibl%c9%99r","status":"publish","type":"post","link":"https:\/\/hocalihaber.com\/az\/rusiya-iran-v%c9%99-turkiy%c9%99-suriya-uzr%c9%99-%c9%99m%c9%99kdasligin-prioritet-sah%c9%99l%c9%99rini-mu%c9%99yy%c9%99nl%c9%99sdir%c9%99n-birg%c9%99-b%c9%99yanat-q%c9%99bul-edibl%c9%99r\/","title":{"rendered":"Rusiya, \u0130ran v\u0259 T\u00fcrkiy\u0259 Suriya \u00dczr\u0259 \u018fm\u0259kda\u015fl\u0131\u011f\u0131n Prioritet Sah\u0259l\u0259rini M\u00fc\u0259yy\u0259nl\u0259\u015fdir\u0259n Birg\u0259 B\u0259yanat Q\u0259bul Edibl\u0259r"},"content":{"rendered":"<p>Rusiya, \u0130ran v\u0259 T\u00fcrkiy\u0259 <a href=\"http:\/\/apa.az\/tag\/Suriya\">Suriya<\/a>\u00fczr\u0259 \u0259m\u0259kda\u015fl\u0131\u011f\u0131n prioritet sah\u0259l\u0259rini m\u00fc\u0259yy\u0259nl\u0259\u015fdir\u0259n birg\u0259 b\u0259yanat q\u0259bul edibl\u0259r.<\/p>\n<p><a href=\"http:\/\/apa.az\/\">APA<\/a>-n\u0131n TASS agentliyin\u0259 istinad\u0259n verdiyi x\u0259b\u0259r\u0259 g\u00f6r\u0259, bunu Rusiya prezidenti <a href=\"http:\/\/apa.az\/tag\/Vladimir-Putin\">Vladimir Putin<\/a> b\u0259yan edib.<\/p>\n<p>\u201dS\u0259n\u0259dd\u0259 Rusiya, T\u00fcrkiy\u0259 v\u0259 \u0130ran aras\u0131nda <a href=\"http:\/\/apa.az\/tag\/Suriya\">Suriya<\/a>da g\u0259l\u0259c\u0259k \u0259m\u0259kda\u015fl\u0131\u011f\u0131n prioritet sah\u0259l\u0259ri m\u00fc\u0259yy\u0259n edilib, qar\u015f\u0131ya konkret v\u0259zif\u0259l\u0259r qoyulub&#8221;, &#8211; dey\u0259 Rusiya d\u00f6vl\u0259t ba\u015f\u00e7\u0131s\u0131 jurnalistl\u0259r\u0259 bildirib.<\/p>\n<p>V.Putin bildirib ki, d\u00f6vl\u0259t ba\u015f\u00e7\u0131lar\u0131 terrorizm\u0259 qar\u015f\u0131 birg\u0259 m\u00fcbariz\u0259d\u0259 \u0259h\u0259miyy\u0259tli u\u011furlar\u0131n \u0259ld\u0259 olunmas\u0131n\u0131 qeyd edibl\u0259r, \u0130\u015e\u0130D, \u201cC\u0259bh\u0259t \u0259n-N\u00fcsr\u0259\u201d v\u0259 dig\u0259r terror qrupla\u015fmalar\u0131n\u0131n bird\u0259f\u0259lik m\u0259hv edilm\u0259si \u00fc\u00e7\u00fcn s\u0259yl\u0259ri art\u0131rma\u011fa \u00a0haz\u0131r olduqlar\u0131n\u0131 t\u0259sdiql\u0259yibl\u0259r.<\/p>\n<p>\u00dc\u00e7 \u00f6lk\u0259 lideri h\u0259m\u00e7inin So\u00e7id\u0259 <a href=\"http:\/\/apa.az\/tag\/Suriya\">Suriya<\/a> Milli Dialoq Konqresinin ke\u00e7irilm\u0259sin\u0259 dair raz\u0131l\u0131\u011fa g\u0259libl\u0259r. \u201cM\u0259mnuniyy\u0259tl\u0259 qeyd edir\u0259m ki, \u0130ran v\u0259 T\u00fcrkiy\u0259 prezidentl\u0259ri <a href=\"http:\/\/apa.az\/tag\/Suriya\">Suriya<\/a> Milli Dialoq Konqresinin ke\u00e7irilm\u0259si t\u0259\u015f\u0259bb\u00fcs\u00fcn\u00fc d\u0259st\u0259kl\u0259yibl\u0259r\u201d, dey\u0259 V.Putin qeyd edib. Onun\u00a0 s\u00f6zl\u0259rin\u0259 g\u00f6r\u0259, <a href=\"http:\/\/apa.az\/tag\/Suriya\">Suriya<\/a>n\u0131n m\u00fcxt\u0259lif <a href=\"http:\/\/apa.az\/tag\/siyasi-partiyalar\">siyasi partiyalar<\/a>\u0131, etnik v\u0259 dini qruplar\u0131n\u0131 bir araya g\u0259tirm\u0259k planla\u015fd\u0131r\u0131l\u0131r. \u201cBir daha vur\u011fulamaq ist\u0259yir\u0259m &#8211;\u00a0 <a href=\"http:\/\/apa.az\/tag\/Suriya\">Suriya<\/a>n\u0131n taleyini <a href=\"http:\/\/apa.az\/tag\/Suriya\">suriya<\/a>l\u0131lar h\u0259ll etm\u0259lidir. H\u0259m h\u00f6kum\u0259t, h\u0259m d\u0259 m\u00fcxalif\u0259t t\u0259r\u0259fdarlar\u0131&#8221;, &#8211; dey\u0259 Putin vur\u011fulay\u0131b.<\/p>","protected":false},"excerpt":{"rendered":"<p>Rusiya, \u0130ran v\u0259 T\u00fcrkiy\u0259 Suriya\u00fczr\u0259 \u0259m\u0259kda\u015fl\u0131\u011f\u0131n prioritet sah\u0259l\u0259rini m\u00fc\u0259yy\u0259nl\u0259\u015fdir\u0259n birg\u0259 b\u0259yanat q\u0259bul edibl\u0259r. APA-n\u0131n TASS agentliyin\u0259 istinad\u0259n verdiyi x\u0259b\u0259r\u0259 g\u00f6r\u0259, bunu Rusiya prezidenti Vladimir Putin b\u0259yan edib. \u201dS\u0259n\u0259dd\u0259 Rusiya, T\u00fcrkiy\u0259 v\u0259 \u0130ran aras\u0131nda Suriyada g\u0259l\u0259c\u0259k \u0259m\u0259kda\u015fl\u0131\u011f\u0131n prioritet sah\u0259l\u0259ri m\u00fc\u0259yy\u0259n edilib, qar\u015f\u0131ya konkret v\u0259zif\u0259l\u0259r qoyulub&#8221;, &#8211; dey\u0259 Rusiya d\u00f6vl\u0259t ba\u015f\u00e7\u0131s\u0131 jurnalistl\u0259r\u0259 bildirib. V.Putin bildirib ki, d\u00f6vl\u0259t [&hellip;]<\/p>\n","protected":false},"author":4848,"featured_media":14096,"comment_status":"open","ping_status":"open","sticky":false,"template":"","format":"standard","meta":{"footnotes":""},"categories":[10,6,38,3],"tags":[],"class_list":{"0":"post-14095","1":"post","2":"type-post","3":"status-publish","4":"format-standard","5":"has-post-thumbnail","7":"category-dunya","8":"category-gundm","9":"category-islam-dunyasi","10":"category-3"},"aioseo_notices":[],"jetpack_featured_media_url":"https:\/\/hocalihaber.com\/wp-content\/uploads\/2017\/11\/fokc9s93jt4m6i1vfn2085jac23.jpg","_links":{"self":[{"href":"https:\/\/hocalihaber.com\/az\/wp-json\/wp\/v2\/posts\/14095","targetHints":{"allow":["GET"]}}],"collection":[{"href":"https:\/\/hocalihaber.com\/az\/wp-json\/wp\/v2\/posts"}],"about":[{"href":"https:\/\/hocalihaber.com\/az\/wp-json\/wp\/v2\/types\/post"}],"author":[{"embeddable":true,"href":"https:\/\/hocalihaber.com\/az\/wp-json\/wp\/v2\/users\/4848"}],"replies":[{"embeddable":true,"href":"https:\/\/hocalihaber.com\/az\/wp-json\/wp\/v2\/comments?post=14095"}],"version-history":[{"count":0,"href":"https:\/\/hocalihaber.com\/az\/wp-json\/wp\/v2\/posts\/14095\/revisions"}],"wp:featuredmedia":[{"embeddable":true,"href":"https:\/\/hocalihaber.com\/az\/wp-json\/wp\/v2\/media\/14096"}],"wp:attachment":[{"href":"https:\/\/hocalihaber.com\/az\/wp-json\/wp\/v2\/media?parent=14095"}],"wp:term":[{"taxonomy":"category","embeddable":true,"href":"https:\/\/hocalihaber.com\/az\/wp-json\/wp\/v2\/categories?post=14095"},{"taxonomy":"post_tag","embeddable":true,"href":"https:\/\/hocalihaber.com\/az\/wp-json\/wp\/v2\/tags?post=14095"}],"curies":[{"name":"wp","href":"https:\/\/api.w.org\/{rel}","templated":true}]}}