{"id":14419,"date":"2017-12-12T08:46:52","date_gmt":"2017-12-12T06:46:52","guid":{"rendered":"http:\/\/hocalihaber.com\/?p=14419"},"modified":"2017-12-12T08:46:52","modified_gmt":"2017-12-12T06:46:52","slug":"azerbaycan-ulu-onderi-haydar-aliyev-milliyet-gazetesinde-anildi","status":"publish","type":"post","link":"https:\/\/hocalihaber.com\/az\/azerbaycan-ulu-onderi-haydar-aliyev-milliyet-gazetesinde-anildi\/","title":{"rendered":"Azerbaycan Ulu \u00d6nderi Haydar Aliyev Milliyet Gazetesinde An\u0131ld\u0131"},"content":{"rendered":"<p class=\"qtranxs-available-languages-message qtranxs-available-languages-message-az\">\u00dczg\u00fcn\u00fcm, bu i\u00e7erik sadece <a href=\"https:\/\/hocalihaber.com\/tr\/wp-json\/wp\/v2\/posts\/14419\" class=\"qtranxs-available-language-link qtranxs-available-language-link-tr\" title=\"Turkish\">Turkish<\/a> dillerinde ge\u00e7erli<\/p>","protected":false},"excerpt":{"rendered":"<p>\u00dczg\u00fcn\u00fcm, bu i\u00e7erik sadece Turkish dillerinde ge\u00e7erli<\/p>\n","protected":false},"author":5,"featured_media":14421,"comment_status":"open","ping_status":"open","sticky":false,"template":"","format":"standard","meta":{"footnotes":""},"categories":[10,3,7,37],"tags":[],"class_list":{"0":"post-14419","1":"post","2":"type-post","3":"status-publish","4":"format-standard","5":"has-post-thumbnail","7":"category-dunya","8":"category-3","9":"category-siyaset","10":"category-turk-dunyasi"},"aioseo_notices":[],"jetpack_featured_media_url":"https:\/\/hocalihaber.com\/wp-content\/uploads\/2017\/12\/haydar-aliyev.jpg","_links":{"self":[{"href":"https:\/\/hocalihaber.com\/az\/wp-json\/wp\/v2\/posts\/14419","targetHints":{"allow":["GET"]}}],"collection":[{"href":"https:\/\/hocalihaber.com\/az\/wp-json\/wp\/v2\/posts"}],"about":[{"href":"https:\/\/hocalihaber.com\/az\/wp-json\/wp\/v2\/types\/post"}],"author":[{"embeddable":true,"href":"https:\/\/hocalihaber.com\/az\/wp-json\/wp\/v2\/users\/5"}],"replies":[{"embeddable":true,"href":"https:\/\/hocalihaber.com\/az\/wp-json\/wp\/v2\/comments?post=14419"}],"version-history":[{"count":0,"href":"https:\/\/hocalihaber.com\/az\/wp-json\/wp\/v2\/posts\/14419\/revisions"}],"wp:featuredmedia":[{"embeddable":true,"href":"https:\/\/hocalihaber.com\/az\/wp-json\/wp\/v2\/media\/14421"}],"wp:attachment":[{"href":"https:\/\/hocalihaber.com\/az\/wp-json\/wp\/v2\/media?parent=14419"}],"wp:term":[{"taxonomy":"category","embeddable":true,"href":"https:\/\/hocalihaber.com\/az\/wp-json\/wp\/v2\/categories?post=14419"},{"taxonomy":"post_tag","embeddable":true,"href":"https:\/\/hocalihaber.com\/az\/wp-json\/wp\/v2\/tags?post=14419"}],"curies":[{"name":"wp","href":"https:\/\/api.w.org\/{rel}","templated":true}]}}