{"id":14530,"date":"2017-12-16T19:56:19","date_gmt":"2017-12-16T17:56:19","guid":{"rendered":"http:\/\/hocalihaber.com\/?p=14530"},"modified":"2017-12-16T19:56:19","modified_gmt":"2017-12-16T17:56:19","slug":"erm%c9%99nistan-s%c9%99firliyi-qarsisinda-az%c9%99rbaycanli-girovlarla-bagli-aksiya-kecirildi","status":"publish","type":"post","link":"https:\/\/hocalihaber.com\/az\/erm%c9%99nistan-s%c9%99firliyi-qarsisinda-az%c9%99rbaycanli-girovlarla-bagli-aksiya-kecirildi\/","title":{"rendered":"Erm\u0259nistan S\u0259firliyi Qar\u015f\u0131s\u0131nda Az\u0259rbaycanl\u0131 Girovlarla Ba\u011fl\u0131 Aksiya Ke\u00e7irildi\u00a0"},"content":{"rendered":"<p><\/p>\n<h3>Erm\u0259nistan s\u0259firliyi qar\u015f\u0131s\u0131nda az\u0259rbaycanl\u0131 girovlarla ba\u011fl\u0131 aksiya ke\u00e7irildi<\/h3>\n<p><b>Dekabr\u0131n 15-d\u0259 Erm\u0259nistan\u0131n Fransadak\u0131 s\u0259firliyinin binas\u0131 qar\u015f\u0131s\u0131nda K\u0259lb\u0259c\u0259rd\u0259 girov g\u00f6t\u00fcr\u00fclm\u00fc\u015f Dilq\u0259m \u018fsg\u0259rov v\u0259 \u015eahbaz Quliyevin azad olunmas\u0131 t\u0259l\u0259bi il\u0259 etiraz aksiyas\u0131 ke\u00e7irilib.<br \/>\n<\/b><br \/>\nAksiyada Fransada ya\u015fayan Az\u0259rbaycan diaspora t\u0259\u015fkilatlar\u0131n\u0131n n\u00fcmay\u0259nd\u0259l\u0259ri i\u015ftirak edib.<\/p>\n<p>\u00d6lk\u0259.az sayt\u0131 x\u0259b\u0259r verir ki, Aksiya i\u015ftirak\u00e7\u0131lar\u0131 \u0259ll\u0259rind\u0259 Az\u0259rbaycan bayraqlar\u0131, Dilq\u0259m \u018fsg\u0259rov v\u0259 \u015eahbaz Quliyevin portretl\u0259rini v\u0259 m\u00fcxt\u0259lif plakatlar tutaraq s\u0259firliyin qar\u015f\u0131s\u0131nda \u201cErm\u0259nistan aqressiyaya son ver!&#8221;, \u201cAz\u0259rbaycan torpaqlar\u0131n\u0131 i\u015f\u011fala son qoy!\u201d, \u201cGirovlar\u0131 azad et!\u201d, \u201cQaraba\u011fdan \u0259lini \u00e7\u0259k!\u201d kimi \u015f\u00fcarlar s\u0259sl\u0259ndiribl\u0259r.<br \/>\nAksiya i\u015ftirak\u00e7\u0131lar\u0131 Dilq\u0259m \u018fsg\u0259rov v\u0259 \u015eahbaz Quliyev\u0259 Da\u011fl\u0131q Qaraba\u011f \u0259razisind\u0259 qondarma m\u0259hk\u0259m\u0259 n\u0259tic\u0259sind\u0259 qeyri-qanuni i\u015f k\u0259sildiyini bildirib, onlar\u0131n \u0259sir v\u0259 girov saxlan\u0131ld\u0131\u011f\u0131n\u0131, fiziki v\u0259 psixoloji i\u015fg\u0259nc\u0259 alt\u0131nda oldu\u011funu qeyd edibl\u0259r. Girovluqda saxlan\u0131lan az\u0259rbaycanl\u0131lar\u0131n d\u0259rhal azadl\u0131\u011fa burax\u0131lmas\u0131 t\u0259l\u0259b olunub. Aksiya Erm\u0259nistan s\u0259firliyin\u0259 b\u0259yanat t\u0259qdim etm\u0259kl\u0259, insidentsiz ba\u015fa \u00e7at\u0131b.<br \/>\nXat\u0131rladaq ki, az\u0259rbaycanl\u0131 m\u00fclki v\u0259t\u0259nda\u015flar Dilq\u0259m \u018fsg\u0259rov v\u0259 \u015eahbaz Quliyev 2014-c\u00fc ilin iyul ay\u0131nda \u00f6z do\u011fmalar\u0131n\u0131n m\u0259zarlar\u0131n\u0131 ziyar\u0259t ed\u0259rk\u0259n erm\u0259ni silahl\u0131 birl\u0131\u015fm\u0259l\u0259ri t\u0259r\u0259find\u0259n o\u011furlanaraq, girov g\u00f6t\u00fcr\u00fcl\u00fcbl\u0259r. Onlar \u00fcz\u0259rind\u0259 saxta m\u0259hk\u0259m\u0259 prosesi ke\u00e7irilib v\u0259 birin\u0259 22 il, dig\u0259rin\u0259 is\u0259 \u00f6m\u00fcrl\u00fck h\u0259bs c\u0259zas\u0131 verilib.<\/p>\n<div><\/div>\n<p><\/p>","protected":false},"excerpt":{"rendered":"<p>Erm\u0259nistan s\u0259firliyi qar\u015f\u0131s\u0131nda az\u0259rbaycanl\u0131 girovlarla ba\u011fl\u0131 aksiya ke\u00e7irildi Dekabr\u0131n 15-d\u0259 Erm\u0259nistan\u0131n Fransadak\u0131 s\u0259firliyinin binas\u0131 qar\u015f\u0131s\u0131nda K\u0259lb\u0259c\u0259rd\u0259 girov g\u00f6t\u00fcr\u00fclm\u00fc\u015f Dilq\u0259m \u018fsg\u0259rov v\u0259 \u015eahbaz Quliyevin azad olunmas\u0131 t\u0259l\u0259bi il\u0259 etiraz aksiyas\u0131 ke\u00e7irilib. Aksiyada Fransada ya\u015fayan Az\u0259rbaycan diaspora t\u0259\u015fkilatlar\u0131n\u0131n n\u00fcmay\u0259nd\u0259l\u0259ri i\u015ftirak edib. \u00d6lk\u0259.az sayt\u0131 x\u0259b\u0259r verir ki, Aksiya i\u015ftirak\u00e7\u0131lar\u0131 \u0259ll\u0259rind\u0259 Az\u0259rbaycan bayraqlar\u0131, Dilq\u0259m \u018fsg\u0259rov v\u0259 \u015eahbaz Quliyevin portretl\u0259rini [&hellip;]<\/p>\n","protected":false},"author":4848,"featured_media":14531,"comment_status":"open","ping_status":"open","sticky":false,"template":"","format":"standard","meta":{"footnotes":""},"categories":[6,3],"tags":[],"class_list":{"0":"post-14530","1":"post","2":"type-post","3":"status-publish","4":"format-standard","5":"has-post-thumbnail","7":"category-gundm","8":"category-3"},"aioseo_notices":[],"jetpack_featured_media_url":"https:\/\/hocalihaber.com\/wp-content\/uploads\/2017\/12\/1513420628_www.jpg","_links":{"self":[{"href":"https:\/\/hocalihaber.com\/az\/wp-json\/wp\/v2\/posts\/14530","targetHints":{"allow":["GET"]}}],"collection":[{"href":"https:\/\/hocalihaber.com\/az\/wp-json\/wp\/v2\/posts"}],"about":[{"href":"https:\/\/hocalihaber.com\/az\/wp-json\/wp\/v2\/types\/post"}],"author":[{"embeddable":true,"href":"https:\/\/hocalihaber.com\/az\/wp-json\/wp\/v2\/users\/4848"}],"replies":[{"embeddable":true,"href":"https:\/\/hocalihaber.com\/az\/wp-json\/wp\/v2\/comments?post=14530"}],"version-history":[{"count":0,"href":"https:\/\/hocalihaber.com\/az\/wp-json\/wp\/v2\/posts\/14530\/revisions"}],"wp:featuredmedia":[{"embeddable":true,"href":"https:\/\/hocalihaber.com\/az\/wp-json\/wp\/v2\/media\/14531"}],"wp:attachment":[{"href":"https:\/\/hocalihaber.com\/az\/wp-json\/wp\/v2\/media?parent=14530"}],"wp:term":[{"taxonomy":"category","embeddable":true,"href":"https:\/\/hocalihaber.com\/az\/wp-json\/wp\/v2\/categories?post=14530"},{"taxonomy":"post_tag","embeddable":true,"href":"https:\/\/hocalihaber.com\/az\/wp-json\/wp\/v2\/tags?post=14530"}],"curies":[{"name":"wp","href":"https:\/\/api.w.org\/{rel}","templated":true}]}}