{"id":14638,"date":"2017-12-19T17:39:27","date_gmt":"2017-12-19T15:39:27","guid":{"rendered":"http:\/\/hocalihaber.com\/?p=14638"},"modified":"2017-12-19T17:39:27","modified_gmt":"2017-12-19T15:39:27","slug":"moskvada-dilq%c9%99m-v%c9%99-sahbazla-bagli-t%c9%99dbir-kecirildi","status":"publish","type":"post","link":"https:\/\/hocalihaber.com\/az\/moskvada-dilq%c9%99m-v%c9%99-sahbazla-bagli-t%c9%99dbir-kecirildi\/","title":{"rendered":"Moskvada Dilq\u0259m v\u0259 \u015eahbazla Ba\u011fl\u0131 T\u0259dbir Ke\u00e7irildi"},"content":{"rendered":"<p><\/p>\n<div class=\"form-group\">Rusiya Federasiyas\u0131n\u0131n paytaxt\u0131 Moskva \u015f\u0259h\u0259rind\u0259 \u201cMilli-m\u0259d\u0259ni avtonomiyan\u0131n v\u0259t\u0259nda\u015f c\u0259miyy\u0259ti v\u0259 insan h\u00fcquqlar\u0131n\u0131n qorunmas\u0131nda rolu\u201d m\u00f6vzusunda d\u0259yirmi masa ke\u00e7irilib.<\/div>\n<div class=\"form-group\">\n<div><\/div>\n<div>D\u0259yirmi masan\u0131n i\u015ftirak\u00e7\u0131s\u0131, Az\u0259rbaycanl\u0131lar\u0131n v\u0259 dig\u0259r T\u00fcrkdilli Xalqlar\u0131n \u018fm\u0259kda\u015fl\u0131q M\u0259rk\u0259zinin icra katibi, \u201cBirlik\u201d jurnal\u0131n\u0131n ba\u015f redaktoru \u0130lqar \u0130lkin Musavat.com-a bildirib ki, t\u0259dbir 10 dekabr \u0130nsan H\u00fcquqlar\u0131 G\u00fcn\u00fcn\u0259 h\u0259sr olunub. Rusiyadak\u0131 siyasi partiyalar ittifaq\u0131 olan \u201cYabloko\u201d bloku v\u0259 Moskva vilay\u0259ti \u00fczr\u0259 az\u0259rbaycanl\u0131lar\u0131n regional Milli-M\u0259n\u0259vi Avtonomiyas\u0131n\u0131n t\u0259\u015fkilat\u00e7\u0131l\u0131\u011f\u0131 il\u0259 ke\u00e7iril\u0259n d\u0259yirmi masada ekspertl\u0259r, politoloq, insan h\u00fcquqlar\u0131 m\u00fcdafi\u0259\u015fil\u0259ri v\u0259 jurnalistl\u0259r i\u015ftirak edib. T\u0259dbir az\u0259rbaycanl\u0131 girovlar Dilq\u0259m \u018fsg\u0259rov v\u0259 \u015eahbaz Quliyev\u0259 h\u0259sr olunmu\u015f s\u0259n\u0259dli filml\u0259 ba\u015flay\u0131b.<\/div>\n<div><\/div>\n<div>T\u0259dbiri \u201cYabloko\u201d blokundan gender m\u0259s\u0259l\u0259l\u0259ri \u00fczr\u0259 fraksiya r\u0259hb\u0259ri, siyasi elml\u0259r doktoru, professor Qalina Mixaylovna a\u00e7araq, bildirib ki, insan h\u00fcquqlar\u0131 m\u00fcasir d\u00fcnyan\u0131n \u0259sas prioritet m\u0259s\u0259l\u0259sidir v\u0259 bu m\u0259s\u0259l\u0259y\u0259 t\u0259msil etdiyim siyasi qurum ciddi d\u0259st\u0259k verm\u0259kl\u0259,c\u0259miyy\u0259td\u0259 onu h\u0259m d\u0259 n\u0259zar\u0259td\u0259 saxlay\u0131r.<\/div>\n<div><\/div>\n<div>Rusiya Strateji \u0130nki\u015faf\u0131n Modell\u0259\u015fm\u0259si M\u0259rk\u0259zinin birinci vitse-prezidenti, politoloq Qriqoriy Trofim\u00e7uk d\u00fcnyada insan h\u00fcquqlar\u0131n\u0131n v\u0259ziyy\u0259ti il\u0259 ba\u011fl\u0131 geni\u015f m\u0259lumat verdi. O qeyd etdi ki, insan h\u00fcquqlar\u0131na diqq\u0259t \u00e7\u0259km\u0259k v\u0259 onun qorunmas\u0131na nail olmaq \u00fc\u00e7\u00fcn diaspora t\u0259\u015fkilatlar\u0131 da siyasi aktivlik g\u00f6st\u0259rm\u0259lidi.<\/div>\n<div><\/div>\n<div>\u201cHilal\u201d Sosial Ara\u015fd\u0131rmalar \u0130ctimai Birliyinin s\u0259di Arzuman Abdulk\u0259rimov bildirib ki, Erm\u0259nistan Az\u0259rbaycan torpaqlar\u0131n\u0131 i\u015f\u011fal n\u0259tic\u0259sind\u0259 yerli az\u0259rbaycanl\u0131lar \u00f6z d\u0259d\u0259-baba yurdlar\u0131ndan did\u0259rgin sal\u0131n\u0131b, soyq\u0131r\u0131ma m\u0259ruz qal\u0131blar. \u0130ndi he\u00e7 bir az\u0259rbaycanl\u0131 dogma torpaqlar\u0131n\u0131 ziyar\u0259t ed\u0259 bilmir. 2014-c\u00fc il iyulun 11-d\u0259 Rusiya v\u0259t\u0259nda\u015f\u0131 Dilq\u0259m \u018fsg\u0259rov v\u0259 Az\u0259rbaycan v\u0259t\u0259nda\u015f\u0131 \u015eahbaz Quliyev K\u0259lb\u0259c\u0259r rayonunda \u00f6z ata-baba yurdlar\u0131n\u0131, yax\u0131nlar\u0131n\u0131n m\u0259zar\u0131n\u0131 ziyar\u0259t etm\u0259y\u0259 ged\u0259rk\u0259n Erm\u0259nistan Silahl\u0131 Q\u00fcvv\u0259l\u0259ri t\u0259r\u0259find\u0259n girov g\u00f6t\u00fcr\u00fcl\u00fcbl\u0259r, Az\u0259rbaycan v\u0259t\u0259nda\u015f\u0131 H\u0259s\u0259nH\u0259s\u0259nov is\u0259 \u00f6ld\u00fcr\u00fcl\u00fcb. \u0130\u015f\u011fal alt\u0131ndak\u0131 Da\u011fl\u0131q Qaraba\u011fda Dilq\u0259m \u018fsg\u0259rov v\u0259 \u015eahbaz Quliyev \u00fcz\u0259rind\u0259 qanunsuz &#8220;m\u0259hk\u0259m\u0259&#8221; qurulub. &#8220;M\u0259hk\u0259m\u0259&#8221;nin q\u0259rar\u0131il\u0259 Dilq\u0259m \u018fsg\u0259rov \u00f6m\u00fcrl\u00fck, \u015eahbaz Quliyev is\u0259 22 il m\u00fcdd\u0259tin\u0259 azadl\u0131qdan m\u0259hrum edilm\u0259 c\u0259zas\u0131na m\u0259hkum olunub. Biz bu hadis\u0259l\u0259r\u0259 q\u0259ti \u015f\u0259kild\u0259 etiraz edirik. Bu \u015f\u0259xsl\u0259r hans\u0131sa d\u00f6vl\u0259tin s\u0259rh\u0259ddini qanunsuz olaraq ke\u00e7m\u0259yibl\u0259r, kim\u0259s\u0259 qar\u015f\u0131 cinay\u0259t \u0259m\u0259li t\u00f6r\u0259tm\u0259yibl\u0259r. Erm\u0259nistan t\u0259r\u0259find\u0259n i\u015f\u011fal edilmi\u015f do\u011fma yurdlar\u0131na, ata-baba oca\u011f\u0131na ziyar\u0259t\u0259 gedibl\u0259r. BMT-nin, Avropa \u015euras\u0131n\u0131n, \u0130slam Konfrans\u0131 T\u0259\u015fkilat\u0131n\u0131n, dig\u0259r beyn\u0259lxalq t\u0259\u015fkilatlar\u0131n v\u0259 d\u00f6vl\u0259tl\u0259rin q\u0259bul etdiyi q\u0259rarlara, \u00e7a\u011fr\u0131\u015flar\u0131na \u0259h\u0259miyy\u0259t verm\u0259y\u0259n Erm\u0259nistan qanunsuz olaraq i\u015f\u011fal alt\u0131nda saxlad\u0131\u011f\u0131 K\u0259lb\u0259c\u0259r rayonunu ziyar\u0259t\u0259 g\u0259lmi\u015f az\u0259rbaycanl\u0131lar\u0131 h\u0259bs etm\u0259kl\u0259 n\u00f6vb\u0259ti d\u0259f\u0259 beyn\u0259lxalq h\u00fcquqa, b\u0259\u015f\u0259ri prinsipl\u0259r\u0259 h\u00f6rm\u0259tsizliyini g\u00f6st\u0259rmi\u015f, onu kobud sur\u0259td\u0259 pozmu\u015fdur. A. Abdulk\u0259rimov Rusiyan\u0131 AT\u018fT-in Minsk Qrupunun \u00fczv\u00fc kimi girovlar\u0131n azad olunmas\u0131 \u00fc\u00e7\u00fcn s\u0259yl\u0259rini art\u0131rma\u011f\u0131 xahi\u015f edib.<\/div>\n<div><\/div>\n<div>Tan\u0131nm\u0131\u015f siyas\u0259t\u015fi v\u0259 insan haqlar\u0131n\u0131n m\u00fcdafi\u0259t\u00e7isi Sergey Mitroxin d\u00fcnyada insan haqlar\u0131n\u0131n m\u00fcdafi\u0259si il\u0259 ba\u011fl\u0131 v\u0259ziyy\u0259ti \u015f\u0259rh ed\u0259r\u0259k, insan haqlar\u0131n\u0131n pozulmas\u0131n\u0131 \u015f\u0259rtl\u0259ndi\u0259n \u0259sas s\u0259b\u0259bl\u0259r\u0259 diqq\u0259t \u00e7\u0259kdi. X\u00fcsusil\u0259, \u0259sir v\u0259 girovlala ba\u011fl\u0131 m\u0259s\u0259l\u0259d\u0259 h\u0259ssas olma\u011f\u0131, insan haqlar\u0131n\u0131n t\u0259m\u0259l prinsipl\u0259in\u0259 sadiq olma\u011fa \u00e7a\u011f\u0131rd\u0131.<\/div>\n<div><\/div>\n<div>D\u0259yrimi Masada \u00e7\u0131x\u0131\u015f ed\u0259n Moskva vilay\u0259ti \u00fczr\u0259 az\u0259rbaycanl\u0131lar\u0131n regional Milli-M\u0259n\u0259vi Avtonomiyas\u0131n\u0131n s\u0259dri Qalib A\u011fayev, \u0130ctimai Palatan\u0131n \u00fczv\u00fc, \u201c\u0130nsan v\u0259 qanun\u201d jurnal\u0131n\u0131n \u015f\u0259rh\u00e7isi, h\u00fcquq elml\u0259ri doktoru \u0130lham M\u0259mm\u0259dov, jurnalist Nail\u0259 V\u0259liyeva v\u0259 Ziy\u0259ddin Qulub\u0259yli d\u0259 Erm\u0259nistan ordusu t\u0259r\u0259find\u0259n girov g\u00f6t\u00fcr\u00fclm\u00fc\u015f Dilq\u0259m \u018fsg\u0259rov v\u0259 \u015eahbaz Quliyevin he\u00e7 bir qanun pozmadan, Az\u0259rbaycan\u0131n s\u0259rh\u0259dl\u0259ri daxilind\u0259 h\u0259r\u0259k\u0259t etdiyini, ata-baba torpaqlar\u0131 olan K\u0259lb\u0259c\u0259r rayonuna \u00f6z v\u0259t\u0259nl\u0259rin\u0259 getdikl\u0259rini bildirmi\u015fl\u0259r. Onlar qeyd edibl\u0259r ki, b\u00fct\u00fcn d\u00fcnya, o c\u00fcml\u0259d\u0259n Rusiya Az\u0259rbaycan\u0131n \u0259razi b\u00fct\u00f6vl\u00fcy\u00fcn\u00fc tan\u0131y\u0131r v\u0259 girovlar da m\u0259hz h\u0259min \u0259razil\u0259d\u0259 h\u0259bs olunublar.Buna g\u00f6r\u0259 d\u0259 girovalar d\u0259hal azad olunmal\u0131, Erm\u0259nistan h\u0259m d\u0259 m\u00fclki \u0259sirl\u0259rl\u0259 ba\u011fl\u0131 davran\u0131\u015flar\u0131na g\u00f6r\u0259 beyn\u0259lxalq al\u0259m t\u0259r\u0259find\u0259n, el\u0259c\u0259 d\u0259 insan h\u00fcquqlar\u0131 t\u0259\u015fkilatlat\u0131 t\u0259r\u0259find\u0259n q\u0131na\u011fa c\u0259lb olunmal\u0131d\u0131r.<\/div>\n<div>\u00a0<img decoding=\"async\" src=\"http:\/\/s018.radikal.ru\/i505\/1712\/c8\/26b3791fb51d.jpg\" \/><\/div>\n<\/div>\n<p><\/p>","protected":false},"excerpt":{"rendered":"<p>Rusiya Federasiyas\u0131n\u0131n paytaxt\u0131 Moskva \u015f\u0259h\u0259rind\u0259 \u201cMilli-m\u0259d\u0259ni avtonomiyan\u0131n v\u0259t\u0259nda\u015f c\u0259miyy\u0259ti v\u0259 insan h\u00fcquqlar\u0131n\u0131n qorunmas\u0131nda rolu\u201d m\u00f6vzusunda d\u0259yirmi masa ke\u00e7irilib. D\u0259yirmi masan\u0131n i\u015ftirak\u00e7\u0131s\u0131, Az\u0259rbaycanl\u0131lar\u0131n v\u0259 dig\u0259r T\u00fcrkdilli Xalqlar\u0131n \u018fm\u0259kda\u015fl\u0131q M\u0259rk\u0259zinin icra katibi, \u201cBirlik\u201d jurnal\u0131n\u0131n ba\u015f redaktoru \u0130lqar \u0130lkin Musavat.com-a bildirib ki, t\u0259dbir 10 dekabr \u0130nsan H\u00fcquqlar\u0131 G\u00fcn\u00fcn\u0259 h\u0259sr olunub. Rusiyadak\u0131 siyasi partiyalar ittifaq\u0131 olan \u201cYabloko\u201d bloku v\u0259 [&hellip;]<\/p>\n","protected":false},"author":4848,"featured_media":14639,"comment_status":"open","ping_status":"open","sticky":false,"template":"","format":"standard","meta":{"footnotes":""},"categories":[6,3],"tags":[],"class_list":{"0":"post-14638","1":"post","2":"type-post","3":"status-publish","4":"format-standard","5":"has-post-thumbnail","7":"category-gundm","8":"category-3"},"aioseo_notices":[],"jetpack_featured_media_url":"https:\/\/hocalihaber.com\/wp-content\/uploads\/2017\/12\/74deefc8f381.jpg","_links":{"self":[{"href":"https:\/\/hocalihaber.com\/az\/wp-json\/wp\/v2\/posts\/14638","targetHints":{"allow":["GET"]}}],"collection":[{"href":"https:\/\/hocalihaber.com\/az\/wp-json\/wp\/v2\/posts"}],"about":[{"href":"https:\/\/hocalihaber.com\/az\/wp-json\/wp\/v2\/types\/post"}],"author":[{"embeddable":true,"href":"https:\/\/hocalihaber.com\/az\/wp-json\/wp\/v2\/users\/4848"}],"replies":[{"embeddable":true,"href":"https:\/\/hocalihaber.com\/az\/wp-json\/wp\/v2\/comments?post=14638"}],"version-history":[{"count":0,"href":"https:\/\/hocalihaber.com\/az\/wp-json\/wp\/v2\/posts\/14638\/revisions"}],"wp:featuredmedia":[{"embeddable":true,"href":"https:\/\/hocalihaber.com\/az\/wp-json\/wp\/v2\/media\/14639"}],"wp:attachment":[{"href":"https:\/\/hocalihaber.com\/az\/wp-json\/wp\/v2\/media?parent=14638"}],"wp:term":[{"taxonomy":"category","embeddable":true,"href":"https:\/\/hocalihaber.com\/az\/wp-json\/wp\/v2\/categories?post=14638"},{"taxonomy":"post_tag","embeddable":true,"href":"https:\/\/hocalihaber.com\/az\/wp-json\/wp\/v2\/tags?post=14638"}],"curies":[{"name":"wp","href":"https:\/\/api.w.org\/{rel}","templated":true}]}}