{"id":14937,"date":"2018-01-06T20:49:08","date_gmt":"2018-01-06T18:49:08","guid":{"rendered":"http:\/\/hocalihaber.com\/?p=14937"},"modified":"2018-01-06T20:49:08","modified_gmt":"2018-01-06T18:49:08","slug":"%c9%99rdogandan-fransiz-jurnalist%c9%99-sill%c9%99-kimi-cavab","status":"publish","type":"post","link":"https:\/\/hocalihaber.com\/az\/%c9%99rdogandan-fransiz-jurnalist%c9%99-sill%c9%99-kimi-cavab\/","title":{"rendered":"\u018frdo\u011fandan Frans\u0131z Jurnalist\u0259 Sill\u0259 Kimi Cavab"},"content":{"rendered":"<p>Parisd\u0259 s\u0259f\u0259rd\u0259 olan T\u00fcrkiy\u0259 prezidenti R\u0259c\u0259b Tayyib \u018frdo\u011fan Fransa prezidenti Emmanuel Makronla g\u00f6r\u00fc\u015fd\u0259n sonra m\u0259tbuat konfrans\u0131nda suallar\u0131 cavabland\u0131r\u0131b.<\/p>\n<p>Konfransda frans\u0131z jurnalist \u018frdo\u011fana T\u00fcrkiy\u0259nin 2013-2014-c\u00fc ill\u0259rd\u0259 Suriyaya silah g\u00f6nd\u0259rdiyi bar\u0259d\u0259 sual verib.<\/p>\n<div class=\"AdributorNativeVideo\"><\/div>\n<p>Buna \u0259s\u0259bil\u0259\u015f\u0259n \u018frdo\u011fan jurnalistin s\u00f6z\u00fcn\u00fc yar\u0131m\u00e7\u0131q k\u0259sib v\u0259 ona s\u0259rt cavab verib:<\/p>\n<p>&#8220;S\u0259n FET\u00d6-c\u00fc kimi dan\u0131\u015f\u0131rsan. \u00dc\u00e7\u00fcnc\u00fc \u015f\u0259xsl\u0259rin ad\u0131ndan dan\u0131\u015fmama\u011f\u0131 \u00f6yr\u0259n. S\u0259n jurnalists\u0259ns\u0259 AB\u015e-\u0131n Suriyaya g\u00f6nd\u0259rdiyi 4000 min TIR dolusu silahdan niy\u0259 yazm\u0131rsan? Bunlar\u0131 da \u00f6yr\u0259ns\u0259ydin, ara\u015fd\u0131rsayd\u0131n. Sual ver\u0259rk\u0259n h\u0259ssas olun. Qar\u015f\u0131n\u0131zda bunu da &#8220;udacaq&#8221; biri yoxdur&#8221;\/qafqazinfo<\/p>","protected":false},"excerpt":{"rendered":"<p>Parisd\u0259 s\u0259f\u0259rd\u0259 olan T\u00fcrkiy\u0259 prezidenti R\u0259c\u0259b Tayyib \u018frdo\u011fan Fransa prezidenti Emmanuel Makronla g\u00f6r\u00fc\u015fd\u0259n sonra m\u0259tbuat konfrans\u0131nda suallar\u0131 cavabland\u0131r\u0131b. Konfransda frans\u0131z jurnalist \u018frdo\u011fana T\u00fcrkiy\u0259nin 2013-2014-c\u00fc ill\u0259rd\u0259 Suriyaya silah g\u00f6nd\u0259rdiyi bar\u0259d\u0259 sual verib. Buna \u0259s\u0259bil\u0259\u015f\u0259n \u018frdo\u011fan jurnalistin s\u00f6z\u00fcn\u00fc yar\u0131m\u00e7\u0131q k\u0259sib v\u0259 ona s\u0259rt cavab verib: &#8220;S\u0259n FET\u00d6-c\u00fc kimi dan\u0131\u015f\u0131rsan. \u00dc\u00e7\u00fcnc\u00fc \u015f\u0259xsl\u0259rin ad\u0131ndan dan\u0131\u015fmama\u011f\u0131 \u00f6yr\u0259n. S\u0259n jurnalists\u0259ns\u0259 AB\u015e-\u0131n [&hellip;]<\/p>\n","protected":false},"author":4848,"featured_media":14938,"comment_status":"open","ping_status":"open","sticky":false,"template":"","format":"standard","meta":{"footnotes":""},"categories":[3,7,37],"tags":[],"class_list":{"0":"post-14937","1":"post","2":"type-post","3":"status-publish","4":"format-standard","5":"has-post-thumbnail","7":"category-3","8":"category-siyaset","9":"category-turk-dunyasi"},"aioseo_notices":[],"jetpack_featured_media_url":"https:\/\/hocalihaber.com\/wp-content\/uploads\/2018\/01\/1515228267erdogan.jpg","_links":{"self":[{"href":"https:\/\/hocalihaber.com\/az\/wp-json\/wp\/v2\/posts\/14937","targetHints":{"allow":["GET"]}}],"collection":[{"href":"https:\/\/hocalihaber.com\/az\/wp-json\/wp\/v2\/posts"}],"about":[{"href":"https:\/\/hocalihaber.com\/az\/wp-json\/wp\/v2\/types\/post"}],"author":[{"embeddable":true,"href":"https:\/\/hocalihaber.com\/az\/wp-json\/wp\/v2\/users\/4848"}],"replies":[{"embeddable":true,"href":"https:\/\/hocalihaber.com\/az\/wp-json\/wp\/v2\/comments?post=14937"}],"version-history":[{"count":0,"href":"https:\/\/hocalihaber.com\/az\/wp-json\/wp\/v2\/posts\/14937\/revisions"}],"wp:featuredmedia":[{"embeddable":true,"href":"https:\/\/hocalihaber.com\/az\/wp-json\/wp\/v2\/media\/14938"}],"wp:attachment":[{"href":"https:\/\/hocalihaber.com\/az\/wp-json\/wp\/v2\/media?parent=14937"}],"wp:term":[{"taxonomy":"category","embeddable":true,"href":"https:\/\/hocalihaber.com\/az\/wp-json\/wp\/v2\/categories?post=14937"},{"taxonomy":"post_tag","embeddable":true,"href":"https:\/\/hocalihaber.com\/az\/wp-json\/wp\/v2\/tags?post=14937"}],"curies":[{"name":"wp","href":"https:\/\/api.w.org\/{rel}","templated":true}]}}