{"id":15573,"date":"2019-03-30T21:03:15","date_gmt":"2019-03-30T19:03:15","guid":{"rendered":"http:\/\/hocalihaber.com\/?p=15573"},"modified":"2019-03-30T21:03:15","modified_gmt":"2019-03-30T19:03:15","slug":"mubariz-ibrahimovun-adini-kullanan-sahte-yonetmen-ifsa-olundu","status":"publish","type":"post","link":"https:\/\/hocalihaber.com\/az\/mubariz-ibrahimovun-adini-kullanan-sahte-yonetmen-ifsa-olundu\/","title":{"rendered":"M\u00fcbariz \u0130brahimov&#8217;un Ad\u0131n\u0131 Kullanan Sahte Y\u00f6netmen \u0130f\u015fa Olundu"},"content":{"rendered":"<p class=\"qtranxs-available-languages-message qtranxs-available-languages-message-az\">\u00dczg\u00fcn\u00fcm, bu i\u00e7erik sadece <a href=\"https:\/\/hocalihaber.com\/tr\/wp-json\/wp\/v2\/posts\/15573\" class=\"qtranxs-available-language-link qtranxs-available-language-link-tr\" title=\"Turkish\">Turkish<\/a> dillerinde ge\u00e7erli<\/p>","protected":false},"excerpt":{"rendered":"<p>\u00dczg\u00fcn\u00fcm, bu i\u00e7erik sadece Turkish dillerinde ge\u00e7erli<\/p>\n","protected":false},"author":7404,"featured_media":15571,"comment_status":"closed","ping_status":"open","sticky":false,"template":"","format":"standard","meta":{"footnotes":""},"categories":[6,38,39,28,3,37],"tags":[],"class_list":{"0":"post-15573","1":"post","2":"type-post","3":"status-publish","4":"format-standard","5":"has-post-thumbnail","7":"category-gundm","8":"category-islam-dunyasi","9":"category-kultur","10":"category-magazin","11":"category-3","12":"category-turk-dunyasi"},"aioseo_notices":[],"jetpack_featured_media_url":"https:\/\/hocalihaber.com\/wp-content\/uploads\/2019\/03\/recai.jpeg","_links":{"self":[{"href":"https:\/\/hocalihaber.com\/az\/wp-json\/wp\/v2\/posts\/15573","targetHints":{"allow":["GET"]}}],"collection":[{"href":"https:\/\/hocalihaber.com\/az\/wp-json\/wp\/v2\/posts"}],"about":[{"href":"https:\/\/hocalihaber.com\/az\/wp-json\/wp\/v2\/types\/post"}],"author":[{"embeddable":true,"href":"https:\/\/hocalihaber.com\/az\/wp-json\/wp\/v2\/users\/7404"}],"replies":[{"embeddable":true,"href":"https:\/\/hocalihaber.com\/az\/wp-json\/wp\/v2\/comments?post=15573"}],"version-history":[{"count":0,"href":"https:\/\/hocalihaber.com\/az\/wp-json\/wp\/v2\/posts\/15573\/revisions"}],"wp:featuredmedia":[{"embeddable":true,"href":"https:\/\/hocalihaber.com\/az\/wp-json\/wp\/v2\/media\/15571"}],"wp:attachment":[{"href":"https:\/\/hocalihaber.com\/az\/wp-json\/wp\/v2\/media?parent=15573"}],"wp:term":[{"taxonomy":"category","embeddable":true,"href":"https:\/\/hocalihaber.com\/az\/wp-json\/wp\/v2\/categories?post=15573"},{"taxonomy":"post_tag","embeddable":true,"href":"https:\/\/hocalihaber.com\/az\/wp-json\/wp\/v2\/tags?post=15573"}],"curies":[{"name":"wp","href":"https:\/\/api.w.org\/{rel}","templated":true}]}}