{"id":16367,"date":"2021-08-12T12:05:48","date_gmt":"2021-08-12T10:05:48","guid":{"rendered":"https:\/\/hocalihaber.com\/?p=16367"},"modified":"2021-08-12T12:05:48","modified_gmt":"2021-08-12T10:05:48","slug":"q%c9%99rbi-az%c9%99rbaycan-arxivi-haradadir","status":"publish","type":"post","link":"https:\/\/hocalihaber.com\/az\/q%c9%99rbi-az%c9%99rbaycan-arxivi-haradadir\/","title":{"rendered":"Q\u0259rbi Az\u0259rbaycan Arxivi Haradad\u0131r?"},"content":{"rendered":"<p>&nbsp;<\/p>\n<p><a href=\"https:\/\/hocalihaber.com\/wp-content\/uploads\/2021\/08\/er-pas.jpg\"><img loading=\"lazy\" decoding=\"async\" class=\"aligncenter size-medium wp-image-16348\" src=\"https:\/\/hocalihaber.com\/wp-content\/uploads\/2021\/08\/er-pas-300x225.jpg\" alt=\"\" width=\"300\" height=\"225\" srcset=\"https:\/\/hocalihaber.com\/wp-content\/uploads\/2021\/08\/er-pas-300x225.jpg 300w, https:\/\/hocalihaber.com\/wp-content\/uploads\/2021\/08\/er-pas-768x576.jpg 768w, https:\/\/hocalihaber.com\/wp-content\/uploads\/2021\/08\/er-pas-696x522.jpg 696w, https:\/\/hocalihaber.com\/wp-content\/uploads\/2021\/08\/er-pas-265x198.jpg 265w, https:\/\/hocalihaber.com\/wp-content\/uploads\/2021\/08\/er-pas.jpg 960w\" sizes=\"auto, (max-width: 300px) 100vw, 300px\" \/><\/a>M\u00fcrv\u0259t Yus\u0259fov:\u00a0 Prezident Az\u0259rbaycan tarixinin yenid\u0259n i\u015fl\u0259nm\u0259si \u00fc\u00e7\u00fcn s\u0259r\u0259ncam imzalad\u0131. \u0130\u015fbazlar bu m\u0259s\u0259l\u0259d\u0259 d\u0259 \u00f6z m\u0259qs\u0259dl\u0259rin\u0259 xidm\u0259t el\u0259dil\u0259r.<\/p>\n<p><strong>S<em>osyal payla\u015f\u0131m sit\u0259l\u0259rind\u0259 Q\u0259rbi Az\u0259rbaycandan deportasya edilmi\u015f soyda\u015flar\u0131m\u0131z\u0131n s\u0259n\u0259dl\u0259rinin qorundu\u011fu arxivin yoxa \u00e7\u0131xmas\u0131 il\u0259 ba\u011fl\u0131 payla\u015f\u0131mlara tez tez rast g\u0259lirik. Probleml\u0259 ba\u011fl\u0131 Q\u0259rbi Az\u0259rbaycan \u0130ctimai Birliyinin s\u0259dri M\u00fcrv\u0259t Yusifovla g\u00f6r\u00fc\u015fd\u00fck.<\/em><\/strong><\/p>\n<p>Hocal\u0131 Haber: Siz Q\u0259rbi Az\u0131rbaycan \u0130ctimai Birliyi olaraq 1989 v\u0259 1992-ci ill\u0259rd\u0259 toplanm\u0131\u015f Q\u0259rbi Az\u0259rbaycan arxivi il\u0259 ba\u011fl\u0131 ara\u015ft\u0131rmalar apar\u0131rs\u0131n\u0131z.<br \/>\nM\u00fcrv\u0259t Yusifov: T\u0259k o deyil. Biz \u00fcmumiyy\u0259tl\u0259, Q\u0259rbi Az\u0259rbaycan, \u0259sir yurdlar\u0131m\u0131z, erm\u0259ni problemini g\u00fcnd\u0259md\u0259 saxlamaq, bu s\u0131rada 1988ci ild\u0259 deportasiya edilmi\u015f, soyq\u0131r\u0131ma m\u0259ruz qalm\u0131\u015f yurdda\u015flar\u0131m\u0131z, m\u0259hv edilmi\u015f tarixi m\u0259d\u0259ni abid\u0259l\u0259rimiz, adlar\u0131 d\u0259yi\u015fdirilmi\u015f \u0259z\u0259li yurdlar\u0131m\u0131zla ba\u011fl\u0131 ara\u015fd\u0131rmalar apar\u0131r, bu m\u0259s\u0259l\u0259l\u0259rin unudulmamas\u0131 \u00fc\u00e7\u00fcn f\u0259aliyy\u0259t g\u00f6st\u0259ririk.<\/p>\n<p>&nbsp;<\/p>\n<p><a href=\"https:\/\/hocalihaber.com\/wp-content\/uploads\/2021\/08\/pas-er.jpg\"><img loading=\"lazy\" decoding=\"async\" class=\"aligncenter size-medium wp-image-16349\" src=\"https:\/\/hocalihaber.com\/wp-content\/uploads\/2021\/08\/pas-er-300x225.jpg\" alt=\"\" width=\"300\" height=\"225\" srcset=\"https:\/\/hocalihaber.com\/wp-content\/uploads\/2021\/08\/pas-er-300x225.jpg 300w, https:\/\/hocalihaber.com\/wp-content\/uploads\/2021\/08\/pas-er-768x576.jpg 768w, https:\/\/hocalihaber.com\/wp-content\/uploads\/2021\/08\/pas-er-696x522.jpg 696w, https:\/\/hocalihaber.com\/wp-content\/uploads\/2021\/08\/pas-er-265x198.jpg 265w, https:\/\/hocalihaber.com\/wp-content\/uploads\/2021\/08\/pas-er.jpg 960w\" sizes=\"auto, (max-width: 300px) 100vw, 300px\" \/><\/a><\/p>\n<p>H.H : Niye g\u00f6r\u0259 \u00a0(arxiv 2010- cu ild\u0259 yox edilibs\u0259) bu arxiv\u0259 s\u0259n\u0259dl\u0259ri toplanm\u0131\u015f insanlar Erm\u0259nistana qar\u015f\u0131 Beyn\u0259lxalq \u00a0v\u0259 Avropa \u0130nsan Haklar\u0131 m\u0259hk\u0259m\u0259l\u0259rin\u0259 \u00a0ba\u015f vurmay\u0131blar.<br \/>\nM.Y: \u018fslind\u0259 bizim pasportlar\u0131m\u0131z\u0131n y\u0131\u011f\u0131lmas\u0131, Az\u0259rbaycan pasportlar\u0131 verilm\u0259si dediyiniz m\u0259s\u0259l\u0259l\u0259r\u0259 ba\u015fl\u0131ca \u0259ng\u0259ldi. \u00a0Bir ne\u00e7\u0259 d\u0259f\u0259 c\u0259hd edildi ama \u0259limizd\u0259 Erm\u0259nistan v\u0259t\u0259nda\u015f\u0131 oldu\u011fumuzu t\u0259sdiql\u0259y\u0259n he\u00e7 bir s\u0259n\u0259d olmad\u0131\u011f\u0131 \u00fc\u00e7\u00fcn ba\u00e7vurular\u0131m\u0131z r\u0259dd edildi. Arxivin yoxa \u00e7\u0131xmas\u0131n\u0131 is\u0259 m\u0259n iki il \u00f6nc\u0259, 2019 cu ild\u0259 Az\u0259rbaycan Qa\u00e7q\u0131nlar C\u0259miyy\u0259tinin s\u0259drind\u0259n e\u015fitdim. Amma m\u0259s\u0259l\u0259y\u0259 bu g\u00fcn\u0259 q\u0259d\u0259r d\u0259 he\u00e7 c\u00fcr ayd\u0131nl\u0131q g\u0259tirm\u0259di.<\/p>\n<p>H.H: Q\u0259rbi Az\u0259rbaycanla ba\u011fl\u0131 daha hans\u0131 t\u0259\u015fkilatlar var v\u0259 onlar\u0131n f\u0259aliyy\u0259tini nec\u0259 d\u0259y\u0259rl\u0259ndirisiniz.<br \/>\nM.Y: \u00a0\u00a0\u018fg\u0259r bizi qane ets\u0259ydi ayr\u0131 f\u0259aliyy\u0259t g\u00f6st\u0259rm\u0259zdik.<\/p>\n<p>H.H: Neden Q\u0259rbi Azerbaycanl\u0131lar\u0131n arxivin itmesi problemi medyam\u0131z \u00a0yet\u0259rinc\u0259 i\u015f\u0131qland\u0131rm\u0131r??<br \/>\nM.Y: Bu, m\u0259n\u0259 d\u0259 qaranl\u0131q qal\u0131r. Biz iki ildir bu m\u0259s\u0259l\u0259ni g\u00fcnd\u0259m\u0259 g\u0259tirm\u0259y\u0259 \u00e7al\u0131\u015fsaq da median\u0131 h\u0259r\u0259k\u0259t\u0259 g\u0259tir\u0259 bilmirik.<\/p>\n<p>H.H: Cenab Prezident son \u00e7\u0131x\u0131\u015flar\u0131n\u0131n birinde \u0130revan hakk\u0131nda dan\u0131\u015faraq 100 illik m\u00fcqavil\u0259nin sona \u00e7att\u0131\u011f\u0131n\u0131 vur\u011fulad\u0131 yani dolay\u0131s\u0131 il\u0259 \u0130r\u0259van\u0131 h\u0259d\u0259f g\u00e7st\u0259r\u0259r\u0259k yurdumuzun azad edilm\u0259sinin vacibliyini imaa etdi. Bel\u0259 tarixi bir m\u0259qamda arxivin yox olmas\u0131 q\u0259rib\u0259 deyilmi sizc\u0259.<br \/>\nM.Y: \u00a0\u00d6lk\u0259 prezidentinin \u00e7\u0131x\u0131\u015flar\u0131 il\u0259 real v\u0259ziyy\u0259t f\u0259rqlidi. 1988ci ild\u0259 500 min civar\u0131nda soyda\u015f\u0131m\u0131z a\u011f\u0131r i\u015fg\u0259nc\u0259l\u0259rl\u0259 deportasiya edilib. Yar\u0131m milyon insan\u0131n, t\u0259xmin\u0259n 150 min ail\u0259nin evi, mal\u0131, m\u00fclk\u00fc talan edilib. Y\u00fczl\u0259rl\u0259 insan erm\u0259ni v\u0259h\u015filiyinin qurban\u0131 olub. Y\u00fczl\u0259rl\u0259 tarixi abid\u0259l\u0259r, ictimai binalar yerl\u0259 yeksan edilib, y\u00fczl\u0259rl\u0259 q\u0259biristanl\u0131qlar yer \u00fcz\u00fcnd\u0259n silinib. Bir s\u00f6zl\u0259 yar\u0131m milyon Az\u0259rbaycan t\u00fcrk\u00fcn\u0259 z\u00fclm edilib. O d\u00f6vrd\u0259 Moskvan\u0131n dikt\u0259si il\u0259 Az\u0259rbaycan r\u0259hb\u0259rliyi bu r\u0259q\u0259mi iki d\u0259f\u0259 az s\u0259sl\u0259ndirdi. Amma 1989-92ci ill\u0259rd\u0259 ciddi f\u0259aliyy\u0259t g\u00f6st\u0259rmi\u015f Az\u0259rbaycan Qa\u00e7q\u0131nlar C\u0259miyy\u0259ti qa\u00e7q\u0131n \u0259halinin geni\u015f Arxivini toplam\u0131\u015fd\u0131. Qa\u00e7q\u0131nlar C\u0259miyy\u0259ti geni\u015f t\u0259rkibd\u0259, bir ne\u00e7\u0259 \u015f\u00f6b\u0259d\u0259n ibar\u0259t f\u0259aliyy\u0259t g\u00f6st\u0259rirdi. \u015e\u00f6b\u0259l\u0259r rayonlara ezam edilir, \u0259hali il\u0259 f\u0259rdi i\u015f apar\u0131l\u0131rd\u0131&#8230; O d\u00f6vrd\u0259 Qa\u00e7q\u0131nlar C\u0259miyy\u0259tind\u0259 \u0130deoloji \u015f\u00f6b\u0259nin m\u00fcdiri i\u015fl\u0259mi\u015f \u015fair-yaz\u0131\u00e7\u0131 Eldar \u0130smay\u0131l B\u00f6y\u00fckt\u00fcrk sosial \u015f\u0259b\u0259k\u0259l\u0259rd\u0259 bu bar\u0259d\u0259 narahat\u00e7\u0131l\u0131\u011f\u0131n\u0131 d\u0259f\u0259l\u0259rl\u0259 ifad\u0259 etmi\u015fdi. Y\u0131\u011f\u0131lm\u0131\u015f tonlarla s\u0259n\u0259d niy\u0259 yoxa \u00e7\u0131xar\u0131ld\u0131?! Bir ne\u00e7\u0259 il \u00f6nc\u0259 Prezident Az\u0259rbaycan tarixinin yenid\u0259n i\u015fl\u0259nm\u0259si \u00fc\u00e7\u00fcn s\u0259r\u0259ncam imzalad\u0131. Amma&#8230; H\u0259min Arxiv tarix \u00fc\u00e7\u00fcn d\u0259 yet\u0259rli informasiya m\u0259nb\u0259yi idi. \u0130\u015fbazlar bu m\u0259s\u0259l\u0259d\u0259 d\u0259 \u00f6z m\u0259qs\u0259dl\u0259rin\u0259 xidm\u0259t el\u0259dil\u0259r. D\u00fc\u015f\u00fcn\u00fcr\u0259m ki, bu bar\u0259d\u0259 geni\u015f dan\u0131\u015fmaq \u00fc\u00e7\u00fcn zaman laz\u0131md\u0131.<\/p>","protected":false},"excerpt":{"rendered":"<p>&nbsp; M\u00fcrv\u0259t Yus\u0259fov:\u00a0 Prezident Az\u0259rbaycan tarixinin yenid\u0259n i\u015fl\u0259nm\u0259si \u00fc\u00e7\u00fcn s\u0259r\u0259ncam imzalad\u0131. \u0130\u015fbazlar bu m\u0259s\u0259l\u0259d\u0259 d\u0259 \u00f6z m\u0259qs\u0259dl\u0259rin\u0259 xidm\u0259t el\u0259dil\u0259r. Sosyal payla\u015f\u0131m sit\u0259l\u0259rind\u0259 Q\u0259rbi Az\u0259rbaycandan deportasya edilmi\u015f soyda\u015flar\u0131m\u0131z\u0131n s\u0259n\u0259dl\u0259rinin qorundu\u011fu arxivin yoxa \u00e7\u0131xmas\u0131 il\u0259 ba\u011fl\u0131 payla\u015f\u0131mlara tez tez rast g\u0259lirik. Probleml\u0259 ba\u011fl\u0131 Q\u0259rbi Az\u0259rbaycan \u0130ctimai Birliyinin s\u0259dri M\u00fcrv\u0259t Yusifovla g\u00f6r\u00fc\u015fd\u00fck. Hocal\u0131 Haber: Siz Q\u0259rbi Az\u0131rbaycan \u0130ctimai [&hellip;]<\/p>\n","protected":false},"author":24,"featured_media":16347,"comment_status":"closed","ping_status":"open","sticky":false,"template":"","format":"standard","meta":{"footnotes":""},"categories":[10,6,38,39,28,3,14,7,33],"tags":[],"class_list":{"0":"post-16367","1":"post","2":"type-post","3":"status-publish","4":"format-standard","5":"has-post-thumbnail","7":"category-dunya","8":"category-gundm","9":"category-islam-dunyasi","10":"category-kultur","11":"category-magazin","12":"category-3","13":"category-roportaj","14":"category-siyaset","15":"category-son-dakika"},"aioseo_notices":[],"jetpack_featured_media_url":"https:\/\/hocalihaber.com\/wp-content\/uploads\/2021\/08\/mur.jpg","_links":{"self":[{"href":"https:\/\/hocalihaber.com\/az\/wp-json\/wp\/v2\/posts\/16367","targetHints":{"allow":["GET"]}}],"collection":[{"href":"https:\/\/hocalihaber.com\/az\/wp-json\/wp\/v2\/posts"}],"about":[{"href":"https:\/\/hocalihaber.com\/az\/wp-json\/wp\/v2\/types\/post"}],"author":[{"embeddable":true,"href":"https:\/\/hocalihaber.com\/az\/wp-json\/wp\/v2\/users\/24"}],"replies":[{"embeddable":true,"href":"https:\/\/hocalihaber.com\/az\/wp-json\/wp\/v2\/comments?post=16367"}],"version-history":[{"count":2,"href":"https:\/\/hocalihaber.com\/az\/wp-json\/wp\/v2\/posts\/16367\/revisions"}],"predecessor-version":[{"id":16369,"href":"https:\/\/hocalihaber.com\/az\/wp-json\/wp\/v2\/posts\/16367\/revisions\/16369"}],"wp:featuredmedia":[{"embeddable":true,"href":"https:\/\/hocalihaber.com\/az\/wp-json\/wp\/v2\/media\/16347"}],"wp:attachment":[{"href":"https:\/\/hocalihaber.com\/az\/wp-json\/wp\/v2\/media?parent=16367"}],"wp:term":[{"taxonomy":"category","embeddable":true,"href":"https:\/\/hocalihaber.com\/az\/wp-json\/wp\/v2\/categories?post=16367"},{"taxonomy":"post_tag","embeddable":true,"href":"https:\/\/hocalihaber.com\/az\/wp-json\/wp\/v2\/tags?post=16367"}],"curies":[{"name":"wp","href":"https:\/\/api.w.org\/{rel}","templated":true}]}}