{"id":16381,"date":"2021-08-16T19:16:42","date_gmt":"2021-08-16T17:16:42","guid":{"rendered":"https:\/\/hocalihaber.com\/?p=16381"},"modified":"2021-08-16T21:24:20","modified_gmt":"2021-08-16T19:24:20","slug":"16381-2","status":"publish","type":"post","link":"https:\/\/hocalihaber.com\/az\/16381-2\/","title":{"rendered":"Heyd\u0259r \u018fliyev El\u00e7ib\u0259y \u0130ktidar\u0131n\u0131 Q\u0259sb Etm\u0259yib"},"content":{"rendered":"<p>&nbsp;<\/p>\n<p>&nbsp;<\/p>\n<p><em><strong>Mahir Cavadov: \u201cBizi \u00a0c\u0259mi 70 \u0259sg\u0259rimiz, Heyd\u0259r \u018fliyev v\u0259 \u00a0El\u00e7ib\u0259yi is\u0259 \u00a0M\u0130L\u0130ONLARDAN ibar\u0259t olan b\u00fct\u00fcn Az\u0259rbaycan d\u0259st\u0259kl\u0259yirdi.\u201d<\/strong><\/em><\/p>\n<p>&nbsp;<\/p>\n<p>Tarix siyasi yalanlarla doludur. Az\u0259rbaycan\u0131n m\u00fcst\u0259qillik tarixin\u0259 aid \u00a0bir \u00e7ox yalan da uzun ill\u0259rdir ki, xalqa do\u011fru kimi servis edilir. Bu yalanlardan \u0259n b\u00f6y\u00fcy\u00fc 1993-c\u00fc ild\u0259 hakimiyy\u0259t\u0259 g\u0259l\u0259n Ulu \u00d6nd\u0259r \u00a0\u00a0Heyd\u0259r \u018fliyevin El\u00e7ib\u0259y hakimiyy\u0259tini q\u0259sb etm\u0259si il\u0259 ba\u011fl\u0131d\u0131r. Yalan\u0131n \u00f6mr\u00fc 40 g\u00fcn olsa da bu yalan uzun ill\u0259r do\u011fru kimi ciddi c\u0259hdl\u0259 beyinl\u0259r\u0259 yer\u0259dilm\u0259y\u0259 \u00e7al\u0131\u015f\u0131l\u0131b.<\/p>\n<p>Bu g\u00fcnl\u0259rd\u0259 siyasi m\u00fchacir Mahir Cavadovun Fb statuslar\u0131n\u0131n birind\u0259 m\u0259hz bu hadis\u0259 hakk\u0131nda do\u011frular \u00f6z \u0259ksini tap\u0131b.<\/p>\n<p>\u201c1993-c\u00fc il \u00a0\u0130yun hadis\u0259l\u0259ri H\u018fRB\u0130 \u00e7evrili\u015f deyildir.\u201d \u00a0Mahir Cavadov \u0130yun hadis\u0259l\u0259ri hakk\u0131nda yaz\u0131r: \u201d 1993-c\u00fc il \u0130yun hadis\u0259l\u0259rind\u0259n \u00a0\u0259vv\u0259l \u00a0gec\u0259 saat 03 iclasinda R\u00f6v\u015f\u0259n Cavadov prezident El\u00e7ib\u0259yi x\u0259b\u0259rdar \u00a0etmi\u015fdir ki, faci\u0259l\u0259r ba\u015f ver\u0259c\u0259kdir, o g\u0259r\u0259k prezident kimi \u00a0t\u0259dbir g\u00f6rs\u00fcn. Lakin prezident El\u00e7ib\u0259y onun x\u0259b\u0259rdarl\u0131\u011f\u0131na m\u0259h\u0259l \u00a0qoymam\u0131\u015fd\u0131r. O \u00a0zaman m\u0259nim \u00a0r\u0259isim Ba\u015f prokuror \u0130xtiyar \u015eirinova, \u00a0t\u0259klif etdim ki, m\u0259ni yanina \u00e7a\u011f\u0131rs\u0131n, t\u0259dbir g\u00f6r\u0259k. Lakin, o da m\u0259nim x\u0259b\u0259rdarl\u0131\u011f\u0131ma \u00a0m\u0259h\u0259l qoymad\u0131. M\u0259lum m\u0259s\u0259l\u0259dir ki, m\u0259mur kimi onlara tabe olan biz, zorla \u00a0k\u00f6m\u0259k ed\u0259 \u00a0bilm\u0259zdik. R\u00f6v\u015f\u0259n Cavadov \u00a0hadis\u0259l\u0259r zaman\u0131 da prezident El\u00e7ib\u0259y\u0259 \u00a0k\u00f6m\u0259yimizi \u00a0t\u0259klif etdi. Lakin o biizm k\u00f6m\u0259kd\u0259n imtina etdi. 91 ziyalini \u00a0\u00f6z \u00f6z\u0259l \u00a0t\u0259yyar\u0259si il\u0259 Nax\u00e7\u0131vana g\u00f6nd\u0259rib, \u00a0Heyd\u0259r \u018fliyevi Bakiya d\u0259v\u0259t etdi. \u00a0R\u00f6v\u015f\u0259n Cavadova is\u0259 m\u0259muru kimi \u0259mir verdi ki, Heyd\u0259r \u018fliyevi Baki liman\u0131nda qar\u015f\u0131lay\u0131b onun yan\u0131na g\u0259tirtsin. M\u0259n bunu bildikd\u0259, R\u00f6v\u015f\u0259n Cavadova t\u0259klif etdim ki, Qaraba\u011f namin\u0259 El\u00e7ib\u0259yl\u0259 Heyd\u0259r \u018fliyevi h\u0259bs ed\u0259k. Lakin o m\u0259nim t\u0259klifimi q\u0259bul etm\u0259di. Niy\u0259? \u00c7\u00fcnki, o zamanlarda bizi siyasi olaraq c\u0259mi 70 \u0259sg\u0259rimiz d\u0259st\u0259kl\u0259yirdi, Heyd\u0259r \u018fliyev v\u0259 \u00a0Elcib\u0259yi is\u0259 \u00a0M\u0130L\u0130ONLARDAN ibar\u0259t olan b\u00fct\u00fcn Az\u0259rbaycan d\u0259st\u0259kl\u0259yirdi.\u201d<\/p>\n<p>T\u00fcrky\u0259nin Kanal 24 tv kanal\u0131 t\u0259r\u0259find\u0259n \u015f\u0259kilmi\u015f &#8220;Ke\u015fk\u0259 Olmasayd\u0131 Karaba\u011f&#8221; s\u0259n\u0259dli filmind\u0259 El\u00e7ib\u0259yin damad\u0131 Aqil S\u0259m\u0259db\u0259yli siyasi yalan\u0131 -Heyd\u0259r \u018fliyevin El\u00e7ib\u0259y iktidar\u0131n\u0131 q\u0259sb etm\u0259si na\u011f\u0131l\u0131n\u0131 t\u00fcrk xalq\u0131na servis edir.<\/p>\n<p><a href=\"https:\/\/www.youtube.com\/watch?v=6R4v9wPQ9ps\">(7) Ke\u015fke Olmasayd\u0131 &#8211; Karaba\u011f \u00d6zel B\u00f6l\u00fcm\u00fc &#8211; YouTube<\/a><\/p>\n<p>&nbsp;<\/p>","protected":false},"excerpt":{"rendered":"<p>&nbsp; &nbsp; Mahir Cavadov: \u201cBizi \u00a0c\u0259mi 70 \u0259sg\u0259rimiz, Heyd\u0259r \u018fliyev v\u0259 \u00a0El\u00e7ib\u0259yi is\u0259 \u00a0M\u0130L\u0130ONLARDAN ibar\u0259t olan b\u00fct\u00fcn Az\u0259rbaycan d\u0259st\u0259kl\u0259yirdi.\u201d &nbsp; Tarix siyasi yalanlarla doludur. Az\u0259rbaycan\u0131n m\u00fcst\u0259qillik tarixin\u0259 aid \u00a0bir \u00e7ox yalan da uzun ill\u0259rdir ki, xalqa do\u011fru kimi servis edilir. Bu yalanlardan \u0259n b\u00f6y\u00fcy\u00fc 1993-c\u00fc ild\u0259 hakimiyy\u0259t\u0259 g\u0259l\u0259n Ulu \u00d6nd\u0259r \u00a0\u00a0Heyd\u0259r \u018fliyevin El\u00e7ib\u0259y hakimiyy\u0259tini q\u0259sb [&hellip;]<\/p>\n","protected":false},"author":1,"featured_media":16382,"comment_status":"closed","ping_status":"open","sticky":false,"template":"","format":"standard","meta":{"footnotes":""},"categories":[10,3,7,33,37],"tags":[],"class_list":{"0":"post-16381","1":"post","2":"type-post","3":"status-publish","4":"format-standard","5":"has-post-thumbnail","7":"category-dunya","8":"category-3","9":"category-siyaset","10":"category-son-dakika","11":"category-turk-dunyasi"},"aioseo_notices":[],"jetpack_featured_media_url":"https:\/\/hocalihaber.com\/wp-content\/uploads\/2021\/08\/Abulfaz_Elchibey.png","_links":{"self":[{"href":"https:\/\/hocalihaber.com\/az\/wp-json\/wp\/v2\/posts\/16381","targetHints":{"allow":["GET"]}}],"collection":[{"href":"https:\/\/hocalihaber.com\/az\/wp-json\/wp\/v2\/posts"}],"about":[{"href":"https:\/\/hocalihaber.com\/az\/wp-json\/wp\/v2\/types\/post"}],"author":[{"embeddable":true,"href":"https:\/\/hocalihaber.com\/az\/wp-json\/wp\/v2\/users\/1"}],"replies":[{"embeddable":true,"href":"https:\/\/hocalihaber.com\/az\/wp-json\/wp\/v2\/comments?post=16381"}],"version-history":[{"count":3,"href":"https:\/\/hocalihaber.com\/az\/wp-json\/wp\/v2\/posts\/16381\/revisions"}],"predecessor-version":[{"id":16389,"href":"https:\/\/hocalihaber.com\/az\/wp-json\/wp\/v2\/posts\/16381\/revisions\/16389"}],"wp:featuredmedia":[{"embeddable":true,"href":"https:\/\/hocalihaber.com\/az\/wp-json\/wp\/v2\/media\/16382"}],"wp:attachment":[{"href":"https:\/\/hocalihaber.com\/az\/wp-json\/wp\/v2\/media?parent=16381"}],"wp:term":[{"taxonomy":"category","embeddable":true,"href":"https:\/\/hocalihaber.com\/az\/wp-json\/wp\/v2\/categories?post=16381"},{"taxonomy":"post_tag","embeddable":true,"href":"https:\/\/hocalihaber.com\/az\/wp-json\/wp\/v2\/tags?post=16381"}],"curies":[{"name":"wp","href":"https:\/\/api.w.org\/{rel}","templated":true}]}}