{"id":17826,"date":"2023-08-30T00:56:01","date_gmt":"2023-08-29T22:56:01","guid":{"rendered":"https:\/\/hocalihaber.com\/?p=17826"},"modified":"2023-08-25T00:57:24","modified_gmt":"2023-08-24T22:57:24","slug":"aleyna-kardesini-yalniz-birakmadi","status":"publish","type":"post","link":"https:\/\/hocalihaber.com\/az\/aleyna-kardesini-yalniz-birakmadi\/","title":{"rendered":"Aleyna karde\u015fini yaln\u0131z b\u0131rakmad\u0131"},"content":{"rendered":"<p class=\"qtranxs-available-languages-message qtranxs-available-languages-message-az\">\u00dczg\u00fcn\u00fcm, bu i\u00e7erik sadece <a href=\"https:\/\/hocalihaber.com\/tr\/wp-json\/wp\/v2\/posts\/17826\" class=\"qtranxs-available-language-link qtranxs-available-language-link-tr\" title=\"Turkish\">Turkish<\/a> dillerinde ge\u00e7erli<\/p>","protected":false},"excerpt":{"rendered":"<p>\u00dczg\u00fcn\u00fcm, bu i\u00e7erik sadece Turkish dillerinde ge\u00e7erli<\/p>\n","protected":false},"author":1,"featured_media":17827,"comment_status":"closed","ping_status":"open","sticky":false,"template":"","format":"standard","meta":{"footnotes":""},"categories":[28],"tags":[],"class_list":{"0":"post-17826","1":"post","2":"type-post","3":"status-publish","4":"format-standard","5":"has-post-thumbnail","7":"category-magazin"},"aioseo_notices":[],"jetpack_featured_media_url":"https:\/\/hocalihaber.com\/wp-content\/uploads\/2023\/08\/Screenshot_20230823_200916_Instagram.jpg","_links":{"self":[{"href":"https:\/\/hocalihaber.com\/az\/wp-json\/wp\/v2\/posts\/17826","targetHints":{"allow":["GET"]}}],"collection":[{"href":"https:\/\/hocalihaber.com\/az\/wp-json\/wp\/v2\/posts"}],"about":[{"href":"https:\/\/hocalihaber.com\/az\/wp-json\/wp\/v2\/types\/post"}],"author":[{"embeddable":true,"href":"https:\/\/hocalihaber.com\/az\/wp-json\/wp\/v2\/users\/1"}],"replies":[{"embeddable":true,"href":"https:\/\/hocalihaber.com\/az\/wp-json\/wp\/v2\/comments?post=17826"}],"version-history":[{"count":0,"href":"https:\/\/hocalihaber.com\/az\/wp-json\/wp\/v2\/posts\/17826\/revisions"}],"wp:featuredmedia":[{"embeddable":true,"href":"https:\/\/hocalihaber.com\/az\/wp-json\/wp\/v2\/media\/17827"}],"wp:attachment":[{"href":"https:\/\/hocalihaber.com\/az\/wp-json\/wp\/v2\/media?parent=17826"}],"wp:term":[{"taxonomy":"category","embeddable":true,"href":"https:\/\/hocalihaber.com\/az\/wp-json\/wp\/v2\/categories?post=17826"},{"taxonomy":"post_tag","embeddable":true,"href":"https:\/\/hocalihaber.com\/az\/wp-json\/wp\/v2\/tags?post=17826"}],"curies":[{"name":"wp","href":"https:\/\/api.w.org\/{rel}","templated":true}]}}