{"id":18043,"date":"2024-08-09T16:19:58","date_gmt":"2024-08-09T14:19:58","guid":{"rendered":"https:\/\/hocalihaber.com\/?p=18043"},"modified":"2024-08-09T16:21:43","modified_gmt":"2024-08-09T14:21:43","slug":"fuad-agayev-kimin-sifarisi-il%c9%99-calisir","status":"publish","type":"post","link":"https:\/\/hocalihaber.com\/az\/fuad-agayev-kimin-sifarisi-il%c9%99-calisir\/","title":{"rendered":"Fuad A\u011fayev Kimin Sifari\u015fi \u0130l\u0259 \u00c7al\u0131\u015f\u0131r?"},"content":{"rendered":"<p>YUNUS D\u0130MIRTA\u00c7: BU ADAM \u015eANTAJ V\u018f B\u00d6HTAN MAK\u0130NASIDIR<\/p>\n<p>H.H: Yunus bey, Fuad\u00a0 A\u011fayevin sizin Az\u0259rbaycandak\u0131 probleml\u0259rl\u0259 n\u0259 ba\u011flant\u0131s\u0131 ola bil\u0259r?<\/p>\n<p>Y.D: A\u00e7\u0131qlad\u0131\u011f\u0131m kimi Bak\u0131dak\u0131 tekstil ma\u011fazam\u0131 gec\u0259 il\u0259 talan etdil\u0259r. M\u0259ni sabah polis\u0259 g\u0259lin \u0259riz\u0259 yaz\u0131n dedil\u0259r v\u0259 m\u0259n d\u0259 polis\u0259 g\u00fcv\u0259n\u0259r\u0259k ev\u0259 g\u0259ldim. Ert\u0259si g\u00fcn sabah tezd\u0259n ma\u011fazaya g\u0259l\u0259nd\u0259 baxd\u0131m ki ma\u011faza bombo\u015fdur. O zaman m\u0259n L\u00f6kbatan polis idar\u0259sind\u0259 v\u0259 m\u00fcxt\u0259lif instansiyalara \u015fikay\u0259t etdim m\u0259nim orta\u011f\u0131m\u0131n tan\u0131\u015f\u0131, Nax\u00e7\u0131van\u0131n Maxta k\u0259ndind\u0259n olan polis \u018fdal\u0259t m\u0259n\u0259 h\u0259d\u0259 qorxu g\u0259ldi. N\u0259 q\u0259d\u0259r ba\u015f\u0131m salamatd\u0131 Bak\u0131dan \u00e7\u0131x\u0131b getm\u0259yimi m\u0259sl\u0259h\u0259t g\u00f6rd\u00fc. Daha sonra Z\u00fcmr\u00fcd M\u0259mm\u0259dova adl\u0131 bir qad\u0131n (sonradan bildim ki bu qad\u0131n &#8220;T\u0259zadlar&#8221; q\u0259zetinin i\u015f\u00e7isi olub v\u0259 1 il h\u0259bs yat\u0131b) m\u0259n\u0259 \u00f6z\u00fcn\u00fc v\u0259kil kimi t\u0259qdim ed\u0259r\u0259k bu i\u015fl\u0259 m\u0259\u015f\u011ful olub. M\u0259qs\u0259d m\u0259nim yuxar\u0131 instansiyalara \u015fikay\u0259timi \u0259ng\u0259ll\u0259m\u0259k idi. Daha sonra m\u0259n T\u00fcrkiy\u0259 Parlamentosuna \u015fikay\u0259t etdikd\u0259n sonra tan\u0131mad\u0131\u011f\u0131m halda \u0130sve\u00e7r\u0259d\u0259 guya m\u00fchacir\u0259td\u0259 olan Fuad A\u011fayev peyda oldu. Sosial \u00e7\u0259b\u0259k\u0259l\u0259rd\u0259 saxta profill\u0259rl\u0259 m\u0259nim v\u0259 ail\u0259min \u00fcnvan\u0131na nalayiq s\u00f6y\u00fc\u015fl\u0259r, r\u0259yl\u0259r yazma\u011fa ba\u015flayaraq qaralama kampaniyas\u0131na ba\u015flad\u0131.<\/p>\n<p>H.H: Bir \u00e7ox m\u0259h\u015fur insanlar onun bel\u0259 h\u00fccumlar\u0131na m\u0259ruz qal\u0131b v\u0259 h\u0259l\u0259 ki adam rahat bir \u015f\u0259kild\u0259 i\u015fl\u0259rin\u0259 davam edir.<\/p>\n<p>Y.D: Az\u0259rbaycan h\u00fcquq m\u00fchafiz\u0259 orqanlar\u0131 bu i\u015fl\u0259r\u0259 g\u00f6r\u0259 ona pul \u00f6d\u0259y\u0259n m\u0259murlar\u0131 m\u00fc\u0259yy\u0259nl\u0259\u015fdirm\u0259lidir \u0259slind\u0259. M\u0259nim bu hadis\u0259l\u0259rd\u0259n \u00e7\u0131xard\u0131\u011f\u0131m n\u0259tic\u0259 bel\u0259dir ki, Fuad A\u011fayev kiml\u0259rins\u0259 mara\u011f\u0131na xidm\u0259t edir. Ba\u015f ver\u0259n hadis\u0259l\u0259rin arxas\u0131nda dayananlar kiml\u0259rdirs\u0259 h\u0259m FUad A\u011fayev\u0259 sifari\u015f veririr h\u0259m onu matreallarla t\u0259min edir h\u0259m d\u0259 maddi olaraq d\u0259st\u0259k verirl\u0259r.<\/p>\n<p>(yaz\u0131n\u0131n davam\u0131 var)<a href=\"https:\/\/hocalihaber.com\/wp-content\/uploads\/2024\/07\/fuad-aga.jpg\"><img loading=\"lazy\" decoding=\"async\" class=\"alignnone wp-image-18008\" src=\"https:\/\/hocalihaber.com\/wp-content\/uploads\/2024\/07\/fuad-aga-162x300.jpg\" alt=\"\" width=\"279\" height=\"517\" srcset=\"https:\/\/hocalihaber.com\/wp-content\/uploads\/2024\/07\/fuad-aga-162x300.jpg 162w, https:\/\/hocalihaber.com\/wp-content\/uploads\/2024\/07\/fuad-aga.jpg 200w\" sizes=\"auto, (max-width: 279px) 100vw, 279px\" \/><\/a> <a href=\"https:\/\/hocalihaber.com\/wp-content\/uploads\/2024\/08\/fuat-agayev-1.jpg\"><img loading=\"lazy\" decoding=\"async\" class=\"alignnone wp-image-18044\" src=\"https:\/\/hocalihaber.com\/wp-content\/uploads\/2024\/08\/fuat-agayev-1.jpg\" alt=\"\" width=\"374\" height=\"362\" \/><\/a><\/p>\n<p>&nbsp;<\/p>","protected":false},"excerpt":{"rendered":"<p>YUNUS D\u0130MIRTA\u00c7: BU ADAM \u015eANTAJ V\u018f B\u00d6HTAN MAK\u0130NASIDIR H.H: Yunus bey, Fuad\u00a0 A\u011fayevin sizin Az\u0259rbaycandak\u0131 probleml\u0259rl\u0259 n\u0259 ba\u011flant\u0131s\u0131 ola bil\u0259r? Y.D: A\u00e7\u0131qlad\u0131\u011f\u0131m kimi Bak\u0131dak\u0131 tekstil ma\u011fazam\u0131 gec\u0259 il\u0259 talan etdil\u0259r. M\u0259ni sabah polis\u0259 g\u0259lin \u0259riz\u0259 yaz\u0131n dedil\u0259r v\u0259 m\u0259n d\u0259 polis\u0259 g\u00fcv\u0259n\u0259r\u0259k ev\u0259 g\u0259ldim. Ert\u0259si g\u00fcn sabah tezd\u0259n ma\u011fazaya g\u0259l\u0259nd\u0259 baxd\u0131m ki ma\u011faza bombo\u015fdur. O [&hellip;]<\/p>\n","protected":false},"author":4366,"featured_media":18045,"comment_status":"closed","ping_status":"open","sticky":false,"template":"","format":"standard","meta":{"footnotes":""},"categories":[10,6,3,7,33,37],"tags":[],"class_list":{"0":"post-18043","1":"post","2":"type-post","3":"status-publish","4":"format-standard","5":"has-post-thumbnail","7":"category-dunya","8":"category-gundm","9":"category-3","10":"category-siyaset","11":"category-son-dakika","12":"category-turk-dunyasi"},"aioseo_notices":[],"jetpack_featured_media_url":"https:\/\/hocalihaber.com\/wp-content\/uploads\/2024\/08\/WhatsApp-Image-2024-08-09-at-17.15.56.jpeg","_links":{"self":[{"href":"https:\/\/hocalihaber.com\/az\/wp-json\/wp\/v2\/posts\/18043","targetHints":{"allow":["GET"]}}],"collection":[{"href":"https:\/\/hocalihaber.com\/az\/wp-json\/wp\/v2\/posts"}],"about":[{"href":"https:\/\/hocalihaber.com\/az\/wp-json\/wp\/v2\/types\/post"}],"author":[{"embeddable":true,"href":"https:\/\/hocalihaber.com\/az\/wp-json\/wp\/v2\/users\/4366"}],"replies":[{"embeddable":true,"href":"https:\/\/hocalihaber.com\/az\/wp-json\/wp\/v2\/comments?post=18043"}],"version-history":[{"count":2,"href":"https:\/\/hocalihaber.com\/az\/wp-json\/wp\/v2\/posts\/18043\/revisions"}],"predecessor-version":[{"id":18047,"href":"https:\/\/hocalihaber.com\/az\/wp-json\/wp\/v2\/posts\/18043\/revisions\/18047"}],"wp:featuredmedia":[{"embeddable":true,"href":"https:\/\/hocalihaber.com\/az\/wp-json\/wp\/v2\/media\/18045"}],"wp:attachment":[{"href":"https:\/\/hocalihaber.com\/az\/wp-json\/wp\/v2\/media?parent=18043"}],"wp:term":[{"taxonomy":"category","embeddable":true,"href":"https:\/\/hocalihaber.com\/az\/wp-json\/wp\/v2\/categories?post=18043"},{"taxonomy":"post_tag","embeddable":true,"href":"https:\/\/hocalihaber.com\/az\/wp-json\/wp\/v2\/tags?post=18043"}],"curies":[{"name":"wp","href":"https:\/\/api.w.org\/{rel}","templated":true}]}}