{"id":18225,"date":"2024-12-01T20:42:47","date_gmt":"2024-12-01T18:42:47","guid":{"rendered":"https:\/\/hocalihaber.com\/?p=18225"},"modified":"2024-12-01T20:42:47","modified_gmt":"2024-12-01T18:42:47","slug":"elc%c9%99zair-prezidenti-afrika-dovl%c9%99tl%c9%99rini-birlik-numayis-etdirm%c9%99y%c9%99-cagirib","status":"publish","type":"post","link":"https:\/\/hocalihaber.com\/az\/elc%c9%99zair-prezidenti-afrika-dovl%c9%99tl%c9%99rini-birlik-numayis-etdirm%c9%99y%c9%99-cagirib\/","title":{"rendered":"\u018flc\u0259zair Prezidenti Afrika d\u00f6vl\u0259tl\u0259rini birlik n\u00fcmayi\u015f etdirm\u0259y\u0259 \u00e7a\u011f\u0131r\u0131b"},"content":{"rendered":"<p>\u201cB\u00f6y\u00fck d\u00f6vl\u0259tl\u0259r aras\u0131nda fikir ayr\u0131l\u0131\u011f\u0131 Afrika da daxil olmaqla qlobal s\u00fclh v\u0259 t\u0259hl\u00fck\u0259sizliyi t\u0259hdid edir\u201d.\u00a0 \u00a0 \u00a0 \u00a0 \u00a0 \u00a0 \u00a0 \u00a0 \u00a0 \u00a0 \u00a0 \u00a0 \u00a0 \u00a0 \u00a0 \u00a0 \u00a0 \u00a0 \u00a0 \u00a0 \u00a0 \u00a0 \u00a0 \u00a0 <a href=\"https:\/\/hocalihaber.com\/wp-content\/uploads\/2024\/12\/58c56786-e985-3048-90a9-b7824e222964_850.jpg\"><img loading=\"lazy\" decoding=\"async\" class=\"alignnone size-medium wp-image-18226\" src=\"https:\/\/hocalihaber.com\/wp-content\/uploads\/2024\/12\/58c56786-e985-3048-90a9-b7824e222964_850-300x187.jpg\" alt=\"\" width=\"300\" height=\"187\" srcset=\"https:\/\/hocalihaber.com\/wp-content\/uploads\/2024\/12\/58c56786-e985-3048-90a9-b7824e222964_850-300x187.jpg 300w, https:\/\/hocalihaber.com\/wp-content\/uploads\/2024\/12\/58c56786-e985-3048-90a9-b7824e222964_850-768x479.jpg 768w, https:\/\/hocalihaber.com\/wp-content\/uploads\/2024\/12\/58c56786-e985-3048-90a9-b7824e222964_850-696x434.jpg 696w, https:\/\/hocalihaber.com\/wp-content\/uploads\/2024\/12\/58c56786-e985-3048-90a9-b7824e222964_850.jpg 850w\" sizes=\"auto, (max-width: 300px) 100vw, 300px\" \/><\/a>\u201cReport\u201d x\u0259b\u0259r verir ki, bunu \u018flc\u0259zair Prezidenti \u018fbd\u00fclm\u0259cid T\u0259bbun deyib.<\/p>\n<p>\u201cReport\u201d x\u0259b\u0259r verir ki, bunu \u018flc\u0259zair Prezidenti \u018fbd\u00fclm\u0259cid T\u0259bbun deyib.<\/p>\n<p>\u201cHaz\u0131rk\u0131 d\u00fcnya v\u0259ziyy\u0259ti artan g\u0259rginlik, beyn\u0259lxalq sabitliyi v\u0259 t\u0259hl\u00fck\u0259sizliyi t\u0259hdid ed\u0259n d\u0259rin transformasiyalarla xarakteriz\u0259 olunur. B\u00f6y\u00fck d\u00f6vl\u0259tl\u0259r aras\u0131nda fikir ayr\u0131l\u0131\u011f\u0131 qlobal s\u00fclh v\u0259 t\u0259hl\u00fck\u0259sizliy\u0259, o c\u00fcml\u0259d\u0259n Afrikaya t\u0259hl\u00fck\u0259 yarad\u0131r\u201d, &#8211; dey\u0259 o qeyd edib.<\/p>\n<p>Onun s\u00f6zl\u0259rin\u0259 g\u00f6r\u0259, Afrika art\u0131q beyn\u0259lxalq prioritetl\u0259r siyah\u0131s\u0131nda sonuncu yer\u0259 d\u00fc\u015fm\u0259yi q\u0259bul ed\u0259 bilm\u0259z:<\/p>\n<p>\u201cAfrikan\u0131n birl\u0259\u015fm\u0259k v\u0259 t\u0259k g\u00fccl\u00fc s\u0259sini beyn\u0259lxalq s\u0259hn\u0259d\u0259 e\u015fitdirm\u0259k ist\u0259yi yaran\u0131b. Birl\u0259\u015fmi\u015f v\u0259 q\u0259tiyy\u0259tli Afrika d\u00fcnya i\u015fl\u0259rind\u0259 b\u00f6y\u00fck rol oynama\u011fa h\u0259mi\u015f\u0259kind\u0259n daha haz\u0131rd\u0131r\u201d.<\/p>\n<p>\u018flc\u0259zair lideri deyib ki, Afrika \u00f6lk\u0259l\u0259ri BMT-d\u0259, x\u00fcsusil\u0259 d\u0259 s\u00fclh v\u0259 t\u0259hl\u00fck\u0259sizlikl\u0259 ba\u011fl\u0131 q\u0259rarlar q\u0259bul edil\u0259rk\u0259n onlar\u0131n s\u0259sl\u0259rinin n\u0259z\u0259r\u0259 al\u0131nmas\u0131n\u0131 t\u0259min etm\u0259lidir.<\/p>","protected":false},"excerpt":{"rendered":"<p>\u201cB\u00f6y\u00fck d\u00f6vl\u0259tl\u0259r aras\u0131nda fikir ayr\u0131l\u0131\u011f\u0131 Afrika da daxil olmaqla qlobal s\u00fclh v\u0259 t\u0259hl\u00fck\u0259sizliyi t\u0259hdid edir\u201d.\u00a0 \u00a0 \u00a0 \u00a0 \u00a0 \u00a0 \u00a0 \u00a0 \u00a0 \u00a0 \u00a0 \u00a0 \u00a0 \u00a0 \u00a0 \u00a0 \u00a0 \u00a0 \u00a0 \u00a0 \u00a0 \u00a0 \u00a0 \u00a0 \u201cReport\u201d x\u0259b\u0259r verir ki, bunu \u018flc\u0259zair Prezidenti \u018fbd\u00fclm\u0259cid T\u0259bbun deyib. \u201cReport\u201d x\u0259b\u0259r verir ki, bunu \u018flc\u0259zair Prezidenti [&hellip;]<\/p>\n","protected":false},"author":7408,"featured_media":18227,"comment_status":"closed","ping_status":"open","sticky":false,"template":"","format":"standard","meta":{"footnotes":""},"categories":[10,3,33],"tags":[],"class_list":{"0":"post-18225","1":"post","2":"type-post","3":"status-publish","4":"format-standard","5":"has-post-thumbnail","7":"category-dunya","8":"category-3","9":"category-son-dakika"},"aioseo_notices":[],"jetpack_featured_media_url":"https:\/\/hocalihaber.com\/wp-content\/uploads\/2024\/12\/tebbun.jpg","_links":{"self":[{"href":"https:\/\/hocalihaber.com\/az\/wp-json\/wp\/v2\/posts\/18225","targetHints":{"allow":["GET"]}}],"collection":[{"href":"https:\/\/hocalihaber.com\/az\/wp-json\/wp\/v2\/posts"}],"about":[{"href":"https:\/\/hocalihaber.com\/az\/wp-json\/wp\/v2\/types\/post"}],"author":[{"embeddable":true,"href":"https:\/\/hocalihaber.com\/az\/wp-json\/wp\/v2\/users\/7408"}],"replies":[{"embeddable":true,"href":"https:\/\/hocalihaber.com\/az\/wp-json\/wp\/v2\/comments?post=18225"}],"version-history":[{"count":1,"href":"https:\/\/hocalihaber.com\/az\/wp-json\/wp\/v2\/posts\/18225\/revisions"}],"predecessor-version":[{"id":18228,"href":"https:\/\/hocalihaber.com\/az\/wp-json\/wp\/v2\/posts\/18225\/revisions\/18228"}],"wp:featuredmedia":[{"embeddable":true,"href":"https:\/\/hocalihaber.com\/az\/wp-json\/wp\/v2\/media\/18227"}],"wp:attachment":[{"href":"https:\/\/hocalihaber.com\/az\/wp-json\/wp\/v2\/media?parent=18225"}],"wp:term":[{"taxonomy":"category","embeddable":true,"href":"https:\/\/hocalihaber.com\/az\/wp-json\/wp\/v2\/categories?post=18225"},{"taxonomy":"post_tag","embeddable":true,"href":"https:\/\/hocalihaber.com\/az\/wp-json\/wp\/v2\/tags?post=18225"}],"curies":[{"name":"wp","href":"https:\/\/api.w.org\/{rel}","templated":true}]}}