{"id":18637,"date":"2025-04-21T12:39:09","date_gmt":"2025-04-21T10:39:09","guid":{"rendered":"https:\/\/hocalihaber.com\/?p=18637"},"modified":"2025-04-21T12:39:09","modified_gmt":"2025-04-21T10:39:09","slug":"katolik-dunyasinin-en-yuksek-makami-papalik-nedir","status":"publish","type":"post","link":"https:\/\/hocalihaber.com\/az\/katolik-dunyasinin-en-yuksek-makami-papalik-nedir\/","title":{"rendered":"Katolik d\u00fcnyas\u0131n\u0131n en y\u00fcksek makam\u0131: Papal\u0131k nedir?"},"content":{"rendered":"<p class=\"qtranxs-available-languages-message qtranxs-available-languages-message-az\">\u00dczg\u00fcn\u00fcm, bu i\u00e7erik sadece <a href=\"https:\/\/hocalihaber.com\/tr\/wp-json\/wp\/v2\/posts\/18637\" class=\"qtranxs-available-language-link qtranxs-available-language-link-tr\" title=\"Turkish\">Turkish<\/a> dillerinde ge\u00e7erli<\/p>","protected":false},"excerpt":{"rendered":"<p>\u00dczg\u00fcn\u00fcm, bu i\u00e7erik sadece Turkish dillerinde ge\u00e7erli<\/p>\n","protected":false},"author":7407,"featured_media":18638,"comment_status":"closed","ping_status":"open","sticky":false,"template":"","format":"standard","meta":{"footnotes":""},"categories":[10,3],"tags":[],"class_list":{"0":"post-18637","1":"post","2":"type-post","3":"status-publish","4":"format-standard","5":"has-post-thumbnail","7":"category-dunya","8":"category-3"},"aioseo_notices":[],"jetpack_featured_media_url":"https:\/\/hocalihaber.com\/wp-content\/uploads\/2025\/04\/katolik-dunyasinin-en-yuksek-makami-papalik-18532908_9663_amp.webp","_links":{"self":[{"href":"https:\/\/hocalihaber.com\/az\/wp-json\/wp\/v2\/posts\/18637","targetHints":{"allow":["GET"]}}],"collection":[{"href":"https:\/\/hocalihaber.com\/az\/wp-json\/wp\/v2\/posts"}],"about":[{"href":"https:\/\/hocalihaber.com\/az\/wp-json\/wp\/v2\/types\/post"}],"author":[{"embeddable":true,"href":"https:\/\/hocalihaber.com\/az\/wp-json\/wp\/v2\/users\/7407"}],"replies":[{"embeddable":true,"href":"https:\/\/hocalihaber.com\/az\/wp-json\/wp\/v2\/comments?post=18637"}],"version-history":[{"count":0,"href":"https:\/\/hocalihaber.com\/az\/wp-json\/wp\/v2\/posts\/18637\/revisions"}],"wp:featuredmedia":[{"embeddable":true,"href":"https:\/\/hocalihaber.com\/az\/wp-json\/wp\/v2\/media\/18638"}],"wp:attachment":[{"href":"https:\/\/hocalihaber.com\/az\/wp-json\/wp\/v2\/media?parent=18637"}],"wp:term":[{"taxonomy":"category","embeddable":true,"href":"https:\/\/hocalihaber.com\/az\/wp-json\/wp\/v2\/categories?post=18637"},{"taxonomy":"post_tag","embeddable":true,"href":"https:\/\/hocalihaber.com\/az\/wp-json\/wp\/v2\/tags?post=18637"}],"curies":[{"name":"wp","href":"https:\/\/api.w.org\/{rel}","templated":true}]}}