{"id":19099,"date":"2026-01-10T20:40:54","date_gmt":"2026-01-10T18:40:54","guid":{"rendered":"https:\/\/hocalihaber.com\/?p=19099"},"modified":"2026-01-10T20:41:32","modified_gmt":"2026-01-10T18:41:32","slug":"teleradio-akademiyasinda-mediada-az%c9%99rbaycan-dili-movzusunda-t%c9%99liml%c9%99r-baslanib","status":"publish","type":"post","link":"https:\/\/hocalihaber.com\/az\/teleradio-akademiyasinda-mediada-az%c9%99rbaycan-dili-movzusunda-t%c9%99liml%c9%99r-baslanib\/","title":{"rendered":"Teleradio Akademiyas\u0131nda \u201cMediada Az\u0259rbaycan dili\u201d m\u00f6vzusunda t\u0259liml\u0259r ba\u015flan\u0131b"},"content":{"rendered":"<p><a href=\"https:\/\/hocalihaber.com\/wp-content\/uploads\/2026\/01\/IMG_7393.jpeg\"><img loading=\"lazy\" decoding=\"async\" class=\"alignnone size-medium wp-image-19101\" src=\"https:\/\/hocalihaber.com\/wp-content\/uploads\/2026\/01\/IMG_7393-300x200.jpeg\" alt=\"\" width=\"300\" height=\"200\" srcset=\"https:\/\/hocalihaber.com\/wp-content\/uploads\/2026\/01\/IMG_7393-300x200.jpeg 300w, https:\/\/hocalihaber.com\/wp-content\/uploads\/2026\/01\/IMG_7393-768x512.jpeg 768w, https:\/\/hocalihaber.com\/wp-content\/uploads\/2026\/01\/IMG_7393-630x420.jpeg 630w, https:\/\/hocalihaber.com\/wp-content\/uploads\/2026\/01\/IMG_7393-150x100.jpeg 150w, https:\/\/hocalihaber.com\/wp-content\/uploads\/2026\/01\/IMG_7393-696x464.jpeg 696w, https:\/\/hocalihaber.com\/wp-content\/uploads\/2026\/01\/IMG_7393.jpeg 945w\" sizes=\"auto, (max-width: 300px) 100vw, 300px\" \/><\/a> <a href=\"https:\/\/hocalihaber.com\/wp-content\/uploads\/2026\/01\/IMG_7394.jpeg\"><img loading=\"lazy\" decoding=\"async\" class=\"alignnone size-medium wp-image-19102\" src=\"https:\/\/hocalihaber.com\/wp-content\/uploads\/2026\/01\/IMG_7394-300x200.jpeg\" alt=\"\" width=\"300\" height=\"200\" srcset=\"https:\/\/hocalihaber.com\/wp-content\/uploads\/2026\/01\/IMG_7394-300x200.jpeg 300w, https:\/\/hocalihaber.com\/wp-content\/uploads\/2026\/01\/IMG_7394-768x512.jpeg 768w, https:\/\/hocalihaber.com\/wp-content\/uploads\/2026\/01\/IMG_7394-630x420.jpeg 630w, https:\/\/hocalihaber.com\/wp-content\/uploads\/2026\/01\/IMG_7394-150x100.jpeg 150w, https:\/\/hocalihaber.com\/wp-content\/uploads\/2026\/01\/IMG_7394-696x464.jpeg 696w, https:\/\/hocalihaber.com\/wp-content\/uploads\/2026\/01\/IMG_7394.jpeg 945w\" sizes=\"auto, (max-width: 300px) 100vw, 300px\" \/><\/a>Az\u0259rbaycan Televiziya v\u0259 Radio Verili\u015fl\u0259ri\u201d Qapal\u0131 S\u0259hmdar C\u0259miyy\u0259tinin n\u0259zdind\u0259 f\u0259aliyy\u0259t g\u00f6st\u0259r\u0259n Teleradio Akademiyas\u0131nda \u201cMediada Az\u0259rbaycan dili\u201d m\u00f6vzusunda t\u0259liml\u0259r ba\u015flan\u0131b.<\/p>\n<p>&nbsp;<\/p>\n<p>T\u0259dbird\u0259 50-y\u0259 yax\u0131n media n\u00fcmay\u0259nd\u0259si i\u015ftirak edir. T\u0259lim\u0259 \u00f6lk\u0259nin tan\u0131nm\u0131\u015f dil\u00e7i-aliml\u0259ri, media \u00fczr\u0259 m\u00fct\u0259x\u0259ssisl\u0259ri v\u0259 ustad jurnalistl\u0259r c\u0259lb olunublar.<\/p>\n<p>T\u0259limin a\u00e7\u0131l\u0131\u015f\u0131nda \u00e7\u0131x\u0131\u015f ed\u0259n Teleradio Akademiyas\u0131n\u0131n rektoru Almaz Mahmud bildirib ki, Prezident \u0130lham \u018fliyevin Az\u0259rbaycan Milli Elml\u0259r Akademiyas\u0131n\u0131n 80 illik yubileyin\u0259 h\u0259sr olunmu\u015f y\u0131\u011f\u0131ncaqda \u00e7\u0131x\u0131\u015f\u0131nda, el\u0259c\u0259 d\u0259 yanvar\u0131n 5-d\u0259 yerli televiziya kanallar\u0131na m\u00fcsahib\u0259sind\u0259 jurnalistl\u0259r qar\u015f\u0131s\u0131nda qoydu\u011fu m\u0259s\u0259l\u0259l\u0259rd\u0259n ir\u0259li g\u0259l\u0259r\u0259k Teleradio Akademiyas\u0131 h\u0259min q\u0259rar\u0131 al\u0131b: \u201cM\u0259qs\u0259d mediada Az\u0259rbaycan dilinin qorunmas\u0131 m\u0259s\u0259l\u0259sin\u0259 x\u00fcsusi diqq\u0259t \u00e7\u0259km\u0259k, \u00e7at\u0131\u015fmazl\u0131qlar\u0131 h\u0259ll etm\u0259kdir. Jurnalistika daim t\u0259kmill\u0259\u015fm\u0259y\u0259 ehtiyac\u0131 olan bir sah\u0259dir v\u0259 bu bax\u0131mdan bel\u0259 t\u0259liml\u0259rin ke\u00e7irilm\u0259si vacibdir\u201d.<\/p>\n<p>Az\u0259rbaycan Milli Elml\u0259r Akademiyas\u0131n\u0131n N\u0259simi ad\u0131na Dil\u00e7ilik \u0130nstitutunun direktoru Nadir M\u0259mm\u0259dli h\u0259min t\u0259\u015f\u0259bb\u00fcs\u00fc y\u00fcks\u0259k qiym\u0259tl\u0259ndirib. Az\u0259rbaycan dilinin \u00fcnsiyy\u0259t vasit\u0259si olmaqla yana\u015f\u0131, milli kimliyimizin \u0259sas dayaqlar\u0131ndan biri oldu\u011funu diqq\u0259t\u0259 \u00e7atd\u0131r\u0131b.<\/p>\n<p>M\u0259\u015fhur diktor, \u018fm\u0259kdar artist N\u0259rgiz C\u0259lilova vur\u011fulay\u0131b ki, Akademiyada d\u0259f\u0259l\u0259rl\u0259 ke\u00e7iril\u0259n t\u0259liml\u0259r m\u0259hz qeyd olunan bo\u015fluqlar\u0131n aradan qald\u0131r\u0131lmas\u0131na xidm\u0259t edir v\u0259 h\u0259min t\u0259\u015f\u0259bb\u00fcs y\u00fcks\u0259k d\u0259y\u0259rl\u0259ndirilm\u0259lidir. N\u0259rgiz C\u0259lilova Az\u0259rbaycan dilinin qorunmas\u0131 istiqam\u0259tind\u0259 at\u0131lan add\u0131mlara g\u00f6r\u0259 Teleradio Akademiyas\u0131na t\u0259\u015f\u0259kk\u00fcr edib.<\/p>\n<p>\u201cAz\u0259rbaycan Televiziya v\u0259 Radio Verili\u015fl\u0259ri\u201d QSC-nin s\u0259dr m\u00fcavini Rafiq H\u0259\u015fimov is\u0259 Az\u0259rbaycan dilinin z\u0259nginliyin\u0259 diqq\u0259t \u00e7\u0259kib. Ulu \u00d6nd\u0259r Heyd\u0259r \u018fliyevin uzunm\u00fcdd\u0259tli \u00e7\u0131x\u0131\u015flarla auditoriyan\u0131 c\u0259lb etm\u0259k bacar\u0131\u011f\u0131n\u0131, Prezident \u0130lham \u018fliyevin d\u0259 bu \u0259n\u0259n\u0259ni u\u011furla davam etdirdiyini x\u00fcsusi vur\u011fulay\u0131b. \u018flav\u0259 edib ki, bu c\u00fcr g\u00f6r\u00fc\u015f v\u0259 t\u0259liml\u0259r media n\u00fcmay\u0259nd\u0259l\u0259ri \u00fc\u00e7\u00fcn faydal\u0131 olacaq.<\/p>\n<p>\u201cAz\u0259rbaycan Televiziya v\u0259 Radio Verili\u015fl\u0259ri\u201d QSC-nin s\u0259dr m\u00fcavini \u0130lham\u0259 H\u00fcseynova, Bak\u0131 D\u00f6vl\u0259t Universitetin Beyn\u0259lxalq jurnalistika v\u0259 informasiya siyas\u0259ti kafedras\u0131n\u0131n m\u00fcdiri Aynur N\u0259sirova, \u201cAz\u0259rbaycan Televiziya v\u0259 Radio Verili\u015fl\u0259ri\u201d QSC-nin Xarici \u0259laq\u0259l\u0259r \u015f\u00f6b\u0259sinin r\u0259hb\u0259ri V\u00fcsal\u0259 H\u0259bibova t\u0259limd\u0259 \u00e7\u0131x\u0131\u015f ed\u0259n i\u015ftirak\u00e7\u0131lar\u0131n h\u0259r birin\u0259 u\u011furlar arzulayaraq bildiribl\u0259r ki, bu proqram onlar \u00fc\u00e7\u00fcn u\u011furlu v\u0259 faydal\u0131 n\u0259tic\u0259l\u0259rl\u0259 yadda qalacaq. T\u0259lim pe\u015f\u0259kar inki\u015faf bax\u0131m\u0131ndan i\u015ftirak\u00e7\u0131lara m\u00fch\u00fcm t\u00f6hf\u0259 ver\u0259c\u0259k.<\/p>\n<p>T\u0259lim 3 ay davam ed\u0259c\u0259k. Proqram\u0131n sonunda n\u0259tic\u0259 monitorinql\u0259r vasit\u0259sil\u0259 d\u0259qiql\u0259\u015fdiril\u0259c\u0259k. T\u0259lim prosesini ba\u015fa vuranlara sertifikatlar veril\u0259c\u0259k.<\/p>\n<p>&nbsp;<\/p>","protected":false},"excerpt":{"rendered":"<p>Az\u0259rbaycan Televiziya v\u0259 Radio Verili\u015fl\u0259ri\u201d Qapal\u0131 S\u0259hmdar C\u0259miyy\u0259tinin n\u0259zdind\u0259 f\u0259aliyy\u0259t g\u00f6st\u0259r\u0259n Teleradio Akademiyas\u0131nda \u201cMediada Az\u0259rbaycan dili\u201d m\u00f6vzusunda t\u0259liml\u0259r ba\u015flan\u0131b. &nbsp; T\u0259dbird\u0259 50-y\u0259 yax\u0131n media n\u00fcmay\u0259nd\u0259si i\u015ftirak edir. T\u0259lim\u0259 \u00f6lk\u0259nin tan\u0131nm\u0131\u015f dil\u00e7i-aliml\u0259ri, media \u00fczr\u0259 m\u00fct\u0259x\u0259ssisl\u0259ri v\u0259 ustad jurnalistl\u0259r c\u0259lb olunublar. T\u0259limin a\u00e7\u0131l\u0131\u015f\u0131nda \u00e7\u0131x\u0131\u015f ed\u0259n Teleradio Akademiyas\u0131n\u0131n rektoru Almaz Mahmud bildirib ki, Prezident \u0130lham \u018fliyevin Az\u0259rbaycan Milli [&hellip;]<\/p>\n","protected":false},"author":1,"featured_media":19100,"comment_status":"closed","ping_status":"open","sticky":false,"template":"","format":"standard","meta":{"footnotes":""},"categories":[3,1],"tags":[],"class_list":{"0":"post-19099","1":"post","2":"type-post","3":"status-publish","4":"format-standard","5":"has-post-thumbnail","7":"category-3","8":"category-uncategorized"},"aioseo_notices":[],"jetpack_featured_media_url":"https:\/\/hocalihaber.com\/wp-content\/uploads\/2026\/01\/IMG_7395.jpeg","_links":{"self":[{"href":"https:\/\/hocalihaber.com\/az\/wp-json\/wp\/v2\/posts\/19099","targetHints":{"allow":["GET"]}}],"collection":[{"href":"https:\/\/hocalihaber.com\/az\/wp-json\/wp\/v2\/posts"}],"about":[{"href":"https:\/\/hocalihaber.com\/az\/wp-json\/wp\/v2\/types\/post"}],"author":[{"embeddable":true,"href":"https:\/\/hocalihaber.com\/az\/wp-json\/wp\/v2\/users\/1"}],"replies":[{"embeddable":true,"href":"https:\/\/hocalihaber.com\/az\/wp-json\/wp\/v2\/comments?post=19099"}],"version-history":[{"count":1,"href":"https:\/\/hocalihaber.com\/az\/wp-json\/wp\/v2\/posts\/19099\/revisions"}],"predecessor-version":[{"id":19103,"href":"https:\/\/hocalihaber.com\/az\/wp-json\/wp\/v2\/posts\/19099\/revisions\/19103"}],"wp:featuredmedia":[{"embeddable":true,"href":"https:\/\/hocalihaber.com\/az\/wp-json\/wp\/v2\/media\/19100"}],"wp:attachment":[{"href":"https:\/\/hocalihaber.com\/az\/wp-json\/wp\/v2\/media?parent=19099"}],"wp:term":[{"taxonomy":"category","embeddable":true,"href":"https:\/\/hocalihaber.com\/az\/wp-json\/wp\/v2\/categories?post=19099"},{"taxonomy":"post_tag","embeddable":true,"href":"https:\/\/hocalihaber.com\/az\/wp-json\/wp\/v2\/tags?post=19099"}],"curies":[{"name":"wp","href":"https:\/\/api.w.org\/{rel}","templated":true}]}}