{"id":3817,"date":"2015-12-15T19:25:54","date_gmt":"2015-12-15T17:25:54","guid":{"rendered":"http:\/\/hocalihaber.com\/?p=3817"},"modified":"2015-12-15T19:25:54","modified_gmt":"2015-12-15T17:25:54","slug":"silvandan-aci-haber-3-sehit","status":"publish","type":"post","link":"https:\/\/hocalihaber.com\/az\/silvandan-aci-haber-3-sehit\/","title":{"rendered":"Silvan&#8217;dan ac\u0131 haber: 3 \u015fehit"},"content":{"rendered":"<div class=\"head_text\">\n<h2>Silvan&#8217;da polis arac\u0131n\u0131n ge\u00e7i\u015fi s\u0131ras\u0131nda patlama meydana geldi. Sald\u0131r\u0131da 3 g\u00fcvenlik g\u00f6revlisi \u015fehit oldu. Diyarbak\u0131r Silvan karayolu \u00e7ift tarafl\u0131 trafi\u011fe kapat\u0131ld\u0131<\/h2>\n<\/div>\n<div class=\"social_box\">\n<div class=\"posta_like\">\n<div class=\"fb-share-button fb_iframe_widget\" data-href=\"\" data-type=\"button_count\"><\/div>\n<div id=\"fb-root\" class=\" fb_reset\"><\/div>\n<\/div>\n<\/div>\n<div class=\"news_image\"><img decoding=\"async\" src=\"http:\/\/icdncube.posta.com.tr\/editor\/HD\/15\/12\/2015\/fft2mm7453555.jpg\" alt=\"Silvan'dan ac\u0131 haber: 3 \u015fehit\" width=\"670\" \/><\/div>\n<div class=\"news_image_alt\"><\/div>\n<div>\n<div id=\"medyanet_posta_sitegeneli_catfish_15838\"><\/div>\n<\/div>\n<div class=\"ctx_content\">\n<div id=\"divAdnetKeyword3\" class=\"detial\">\n<p>Diyarbak\u0131r&#8217;\u0131n\u00a0 Silvan \u0130l\u00e7esi\u2019nde, <a class=\"tag\" href=\"http:\/\/www.posta.com.tr\/detayliara?q=PKK\" target=\"_blank\" rel=\"nofollow\">PKK<\/a>\u2019n\u0131n bombal\u0131 sald\u0131r\u0131s\u0131nda 3 polis <a class=\"tag\" href=\"http:\/\/www.posta.com.tr\/detayliara?q=%C5%9Fehit\" target=\"_blank\" rel=\"nofollow\">\u015fehit<\/a> oldu, 2 polis yaraland\u0131.<a class=\"tag\" href=\"http:\/\/www.posta.com.tr\/detayliara?q=sald%C4%B1r%C4%B1\" target=\"_blank\" rel=\"nofollow\">Sald\u0131r\u0131<\/a>, Diyarbak\u0131r-Silvan karayolunun O\u011fuzlar Mevkii\u2019nde bug\u00fcn saat 15.15 s\u0131ralar\u0131nda meydana geldi. PKK\u2019l\u0131 ter\u00f6ristler karayoluna tuzaklad\u0131klar\u0131 patlay\u0131c\u0131y\u0131 z\u0131rhl\u0131 polis arac\u0131 ge\u00e7erken uzaktan kumanda ile infilak ettirdi.<\/p>\n<p><strong>\u015eEH\u0130T SAYISI 3&#8217;E Y\u00dcKSELD\u0130<br \/>\n<\/strong><\/p>\n<p>Sald\u0131r\u0131da ara\u00e7ta bulunan 2 polis memuru yaraland\u0131. Sald\u0131r\u0131n\u0131n ard\u0131ndan b\u00f6lgeye \u00e7ok say\u0131da ambulans, polis ve jandarma ekipleri sevk edildi. Yaral\u0131 polisler ambulanslarla al\u0131narak Dicle \u00dcniversitesi <a class=\"tag\" href=\"http:\/\/www.posta.com.tr\/detayliara?q=T%C4%B1p%20Fak%C3%BCltesi\" target=\"_blank\" rel=\"nofollow\">T\u0131p Fak\u00fcltesi<\/a> Hastanesi\u2019ne g\u00f6t\u00fcr\u00fclerek tedavi alt\u0131na al\u0131n\u0131rken, polislerden 3\u2019\u00fc doktorlar\u0131n t\u00fcm \u00e7abas\u0131na kar\u015f\u0131n kurtar\u0131lamayarak \u015fehit d\u00fc\u015ft\u00fc. Di\u011fer yaral\u0131 2 polisin tedavisi s\u00fcr\u00fcyor. B\u00f6lgede <a class=\"tag\" href=\"http:\/\/www.posta.com.tr\/detayliara?q=g%C3%BCvenlik\" target=\"_blank\" rel=\"nofollow\">g\u00fcvenlik<\/a> g\u00fc\u00e7leri PKK\u2019l\u0131lar\u0131 etkisiz hale getirmek i\u00e7in <a class=\"tag\" href=\"http:\/\/www.posta.com.tr\/detayliara?q=operasyon\" target=\"_blank\" rel=\"nofollow\">operasyon<\/a> ba\u015flatt\u0131.<\/p>\n<p><strong><u><em>\u00a0<\/em><\/u><\/strong><\/p>\n<p><img decoding=\"async\" src=\"http:\/\/i.posta.com.tr\/editor\/ER\/2015\/12\/15\/fft31_mf7453450.Jpeg\" alt=\"\" \/><\/p>\n<p><strong>SUR&#8217;DA POL\u0130S PANZER\u0130NE SALDIRI<\/strong><\/p>\n<p>Soka\u011fa \u00e7\u0131kma yasa\u011f\u0131n\u0131n s\u00fcrd\u00fc\u011f\u00fc Sur il\u00e7esinde, ter\u00f6ristler taraf\u0131ndan tuzaklanan el yap\u0131m\u0131 bomba, z\u0131rhl\u0131 polis arac\u0131n\u0131n ge\u00e7i\u015fi s\u0131ras\u0131nda patlad\u0131. Patlamada, \u015fans eseri \u00f6len ya da yaralanan olmazken, panzer hasar g\u00f6rd\u00fc.<\/p>\n<p><img loading=\"lazy\" decoding=\"async\" src=\"http:\/\/i.posta.com.tr\/editor\/ER\/2015\/12\/15\/fft31_mf7453387.Jpeg\" alt=\"\" width=\"609\" height=\"325\" \/><\/p>\n<p>http:\/\/www.posta.com.tr\/turkiye\/HaberDetay\/Silvan-da-askeri-aracin-gecisi-sirasinda-patlama.htm?ArticleID=317140<\/p>\n<\/div>\n<\/div>\n","protected":false},"excerpt":{"rendered":"<p>Silvan&#8217;da polis arac\u0131n\u0131n ge\u00e7i\u015fi s\u0131ras\u0131nda patlama meydana geldi. Sald\u0131r\u0131da 3 g\u00fcvenlik g\u00f6revlisi \u015fehit oldu. Diyarbak\u0131r Silvan karayolu \u00e7ift tarafl\u0131 trafi\u011fe kapat\u0131ld\u0131 Diyarbak\u0131r&#8217;\u0131n\u00a0 Silvan \u0130l\u00e7esi\u2019nde, PKK\u2019n\u0131n bombal\u0131 sald\u0131r\u0131s\u0131nda 3 polis \u015fehit oldu, 2 polis yaraland\u0131.Sald\u0131r\u0131, Diyarbak\u0131r-Silvan karayolunun O\u011fuzlar Mevkii\u2019nde bug\u00fcn saat 15.15 s\u0131ralar\u0131nda meydana geldi. PKK\u2019l\u0131 ter\u00f6ristler karayoluna tuzaklad\u0131klar\u0131 patlay\u0131c\u0131y\u0131 z\u0131rhl\u0131 polis arac\u0131 ge\u00e7erken uzaktan kumanda [&hellip;]<\/p>\n","protected":false},"author":1,"featured_media":3818,"comment_status":"open","ping_status":"open","sticky":false,"template":"","format":"standard","meta":{"footnotes":""},"categories":[6,3],"tags":[],"class_list":{"0":"post-3817","1":"post","2":"type-post","3":"status-publish","4":"format-standard","5":"has-post-thumbnail","7":"category-gundm","8":"category-3"},"aioseo_notices":[],"jetpack_featured_media_url":"https:\/\/hocalihaber.com\/wp-content\/uploads\/2015\/12\/silvan_dan_aci_haber_1_sehit_h247496_5a696.jpg","_links":{"self":[{"href":"https:\/\/hocalihaber.com\/az\/wp-json\/wp\/v2\/posts\/3817","targetHints":{"allow":["GET"]}}],"collection":[{"href":"https:\/\/hocalihaber.com\/az\/wp-json\/wp\/v2\/posts"}],"about":[{"href":"https:\/\/hocalihaber.com\/az\/wp-json\/wp\/v2\/types\/post"}],"author":[{"embeddable":true,"href":"https:\/\/hocalihaber.com\/az\/wp-json\/wp\/v2\/users\/1"}],"replies":[{"embeddable":true,"href":"https:\/\/hocalihaber.com\/az\/wp-json\/wp\/v2\/comments?post=3817"}],"version-history":[{"count":0,"href":"https:\/\/hocalihaber.com\/az\/wp-json\/wp\/v2\/posts\/3817\/revisions"}],"wp:featuredmedia":[{"embeddable":true,"href":"https:\/\/hocalihaber.com\/az\/wp-json\/wp\/v2\/media\/3818"}],"wp:attachment":[{"href":"https:\/\/hocalihaber.com\/az\/wp-json\/wp\/v2\/media?parent=3817"}],"wp:term":[{"taxonomy":"category","embeddable":true,"href":"https:\/\/hocalihaber.com\/az\/wp-json\/wp\/v2\/categories?post=3817"},{"taxonomy":"post_tag","embeddable":true,"href":"https:\/\/hocalihaber.com\/az\/wp-json\/wp\/v2\/tags?post=3817"}],"curies":[{"name":"wp","href":"https:\/\/api.w.org\/{rel}","templated":true}]}}