{"id":632,"date":"2015-06-26T08:50:16","date_gmt":"2015-06-26T06:50:16","guid":{"rendered":"http:\/\/hocalihaber.com\/?p=632"},"modified":"2015-06-26T08:50:16","modified_gmt":"2015-06-26T06:50:16","slug":"igdir-tarihi-yok-oldu","status":"publish","type":"post","link":"https:\/\/hocalihaber.com\/az\/igdir-tarihi-yok-oldu\/","title":{"rendered":"I\u011fd\u0131r Tarihi Yok Oldu"},"content":{"rendered":"<p><span style=\"font-size: large;\"><strong>I\u011fd\u0131r&#8217;\u0131n ileri gelenleri! Ba\u015fda sevdi\u011fim ve b\u00f6y\u00fc\u011f\u00fcm bildiyim Sefer Karakoyunlu (iSTANBUL t\u00dcRK\u0130YE AZERBAYCAN DERNEG\u0130), H\u0130KMET ELP (AZERBAYCAN K\u00dcLT\u00dcR EV\u0130), \u00a0g\u00fcler y\u00fcz\u00fcne hayran oldu\u011fum NE\u015eE KAFKAZKIZI, hep telefon zengleri ile \u00a0evimizdeki tart\u0131\u015fmalar\u0131n episentrinde dayanan y\u00fcz\u00fcn\u00fc g\u00f6rmesem bile memleket meseleeline duyarl\u0131\u011f\u0131ndan haberdar oldu\u011fum Tol\u011fa Aras bey, uzakdan yak\u0131ndan tan\u0131d\u0131\u011f\u0131m \u0131\u011fd\u0131rl\u0131lar- \u0130sa Ya\u015far abi, AS\u0130MDER ba\u015fkan\u0131 (hep size bele hitab edilir evimizde), Akif A\u015f\u0131r\u0131m, Rehim Azero\u011flu, Albay Hanifi Y\u0131ld\u0131r\u0131m <a href=\"http:\/\/hocalihaber.com\/wp-content\/uploads\/2015\/06\/se.jpeg\"><img loading=\"lazy\" decoding=\"async\" class=\"aligncenter size-full wp-image-633\" src=\"http:\/\/hocalihaber.com\/wp-content\/uploads\/2015\/06\/se.jpeg\" alt=\"se\" width=\"125\" height=\"115\" \/><\/a><a href=\"http:\/\/hocalihaber.com\/wp-content\/uploads\/2015\/06\/hik.jpg\"><img loading=\"lazy\" decoding=\"async\" class=\"aligncenter size-medium wp-image-634\" src=\"http:\/\/hocalihaber.com\/wp-content\/uploads\/2015\/06\/hik-300x171.jpg\" alt=\"hik\" width=\"300\" height=\"171\" srcset=\"https:\/\/hocalihaber.com\/wp-content\/uploads\/2015\/06\/hik-300x171.jpg 300w, https:\/\/hocalihaber.com\/wp-content\/uploads\/2015\/06\/hik.jpg 490w\" sizes=\"auto, (max-width: 300px) 100vw, 300px\" \/><\/a><a href=\"http:\/\/hocalihaber.com\/wp-content\/uploads\/2015\/06\/asimder.jpg\"><img loading=\"lazy\" decoding=\"async\" class=\"aligncenter size-medium wp-image-635\" src=\"http:\/\/hocalihaber.com\/wp-content\/uploads\/2015\/06\/asimder-300x150.jpg\" alt=\"asimder\" width=\"300\" height=\"150\" srcset=\"https:\/\/hocalihaber.com\/wp-content\/uploads\/2015\/06\/asimder-300x150.jpg 300w, https:\/\/hocalihaber.com\/wp-content\/uploads\/2015\/06\/asimder.jpg 600w\" sizes=\"auto, (max-width: 300px) 100vw, 300px\" \/><\/a><a href=\"http:\/\/hocalihaber.com\/wp-content\/uploads\/2015\/06\/re.jpg\"><img loading=\"lazy\" decoding=\"async\" class=\"aligncenter size-medium wp-image-636\" src=\"http:\/\/hocalihaber.com\/wp-content\/uploads\/2015\/06\/re-300x169.jpg\" alt=\"re\" width=\"300\" height=\"169\" srcset=\"https:\/\/hocalihaber.com\/wp-content\/uploads\/2015\/06\/re-300x169.jpg 300w, https:\/\/hocalihaber.com\/wp-content\/uploads\/2015\/06\/re-635x357.jpg 635w, https:\/\/hocalihaber.com\/wp-content\/uploads\/2015\/06\/re.jpg 640w\" sizes=\"auto, (max-width: 300px) 100vw, 300px\" \/><\/a><a href=\"http:\/\/hocalihaber.com\/wp-content\/uploads\/2015\/06\/ne\u015fe.jpeg\"><img loading=\"lazy\" decoding=\"async\" class=\"aligncenter size-full wp-image-637\" src=\"http:\/\/hocalihaber.com\/wp-content\/uploads\/2015\/06\/ne\u015fe.jpeg\" alt=\"ne\u015fe\" width=\"160\" height=\"160\" srcset=\"https:\/\/hocalihaber.com\/wp-content\/uploads\/2015\/06\/ne\u015fe.jpeg 160w, https:\/\/hocalihaber.com\/wp-content\/uploads\/2015\/06\/ne\u015fe-150x150.jpeg 150w\" sizes=\"auto, (max-width: 160px) 100vw, 160px\" \/><\/a><a href=\"http:\/\/hocalihaber.com\/wp-content\/uploads\/2015\/06\/henifi.jpg\"><img loading=\"lazy\" decoding=\"async\" class=\"aligncenter size-full wp-image-638\" src=\"http:\/\/hocalihaber.com\/wp-content\/uploads\/2015\/06\/henifi.jpg\" alt=\"henifi\" width=\"250\" height=\"188\" \/><\/a><a href=\"http:\/\/hocalihaber.com\/wp-content\/uploads\/2015\/06\/isa.jpg\"><img loading=\"lazy\" decoding=\"async\" class=\"aligncenter size-medium wp-image-639\" src=\"http:\/\/hocalihaber.com\/wp-content\/uploads\/2015\/06\/isa-300x152.jpg\" alt=\"isa\" width=\"300\" height=\"152\" srcset=\"https:\/\/hocalihaber.com\/wp-content\/uploads\/2015\/06\/isa-300x152.jpg 300w, https:\/\/hocalihaber.com\/wp-content\/uploads\/2015\/06\/isa.jpg 620w\" sizes=\"auto, (max-width: 300px) 100vw, 300px\" \/><\/a>\u00a0ve ad\u0131n\u0131 duymasam da resmlerden tan\u0131k oldu\u011fum \u0131\u011fd\u0131rl\u0131lar <\/strong>\u00a0<\/span><\/p>\n<p>Habert\u00fcrk gazetini okudunuz mu?<\/p>\n<p>Tarih\u00e7i Murat Bardak\u00e7\u0131, I\u011fd\u0131r\u2019\u0131n ge\u00e7mi\u015fe ait iskan evraklar\u0131n\u0131n yok oldu\u011funu yazd\u0131.<\/p>\n<p><span style=\"font-size: large;\">\u0130\u015fte Habert\u00fcrk gazetesinde Tarih\u00e7i Murat Bardak\u00e7\u0131\u2019n\u0131n kaleminden o yaz\u0131:<\/p>\n<p><strong>Maalesef do\u011fruymu\u015f, I\u011fd\u0131r\u2019\u0131n ge\u00e7mi\u015fini imha etmi\u015fler!<\/strong><\/p>\n<p>CUMA g\u00fcn\u00fc yazd\u0131m: \u0130ngiltere Ba\u015fbakan\u0131 David Cameron\u2018a T\u00fcrkiye\u2019yi ziyareti s\u0131ras\u0131nda \u00e7akma tu\u011fral\u0131 uydurma bir belge hediye edilmesi rezaletinin kahraman\u0131 olan Devlet Ar\u015fivleri\u2019nde bir tarih cinayeti i\u015flenmi\u015f, Do\u011fu Anadolu\u2019dan g\u00f6nderilen Cumhuriyet d\u00f6nemine ait bir kamyon dolusu isk\u00e2n evrak\u0131,\u201c<strong>yanl\u0131\u015fl\u0131kla<\/strong>\u201d imha edilmi\u015fti.<br \/>\nDevlet Ar\u015fivleri Genel M\u00fcd\u00fcr\u00fc Do\u00e7. Dr. Yusuf Sar\u0131nay bir a\u00e7\u0131klama g\u00f6nderdi, imhay\u0131 do\u011frulad\u0131 ve yokedilen belgelerin \u201c<strong>I\u011fd\u0131r\u2019a ait isk\u00e2n evrak\u0131 oldu\u011funu<\/strong>\u201d s\u00f6yledi.<br \/>\nAsl\u0131nda \u201c<strong>a\u00e7\u0131klama<\/strong>\u201d falan de\u011fil, tam bir \u201c<strong>itirafname<\/strong>\u201d olan Sar\u0131nay\u2018\u0131n yollad\u0131\u011f\u0131 metnin bir paragraf\u0131n\u0131 a\u015fa\u011f\u0131da aynen yay\u0131nl\u0131yorum:<br \/>\n\u201c.<strong>..I\u011fd\u0131r Bay\u0131nd\u0131rl\u0131k ve \u0130sk\u00e2n M\u00fcd\u00fcrl\u00fc\u011f\u00fc taraf\u0131ndan kargo \u015firketi arac\u0131l\u0131\u011f\u0131yla Genel M\u00fcd\u00fcrl\u00fc\u011f\u00fcm\u00fcz \u2018\u0130vedik Cad. No: 59 Yenimahalle\u2019 adresine teslim edilmek \u00fczere 15 koli i\u00e7inde g\u00f6nderilen belgeler, teslim edilmesi gereken adres yerine farkl\u0131 bir adreste bulunan Ergazi At\u0131k Ka\u011f\u0131t \u00dcnitesi\u2019ne teslim edilmi\u015ftir. Herhangi bir resmi yaz\u0131 veya tutana\u011f\u0131 bulunmayan evrak, kargo g\u00f6revlisinin \u2018Kargo \u015firketine ait imhal\u0131k evrak\u2019 beyan\u0131 \u00fczerine paralama \u00fcnitesine sevkedilmi\u015ftir. I\u011fd\u0131r Bay\u0131nd\u0131rl\u0131k ve \u0130sk\u00e2n M\u00fcd\u00fcrl\u00fc\u011f\u00fc yetkilisinin ayn\u0131 g\u00fcn teslim i\u015flemini yerine getirmek \u00fczere Genel M\u00fcd\u00fcrl\u00fc\u011f\u00fcm\u00fcze gelmesini m\u00fcteakip durum fark edilerek evrak\u0131n paralama i\u015flemi durdurulmu\u015f ve olayla ilgili gerekli resmi i\u015flem yap\u0131lm\u0131\u015ft\u0131r<\/strong>\u201d&#8230;<br \/>\nYusuf Bey daha sonra \u201c<strong>komisyon kurduklar\u0131n\u0131, belgelerin kurtar\u0131labilece\u011finin anla\u015f\u0131ld\u0131\u011f\u0131n\u0131 ve \u00e7al\u0131\u015fmalar\u0131n ba\u015flad\u0131\u011f\u0131n\u0131<\/strong>\u201d yaz\u0131yor ve \u201c<strong>Merak etmeyin, Dersim evrak\u0131n\u0131 de\u011fil, I\u011fd\u0131r\u2019\u0131n isk\u00e2n belgelerini imha ettik<\/strong>\u201d diye m\u00fcjde veriyordu!<\/p>\n<p><strong>BECER\u0130KS\u0130ZL\u0130\u011e\u0130N B\u00d6YLES\u0130!<\/strong><br \/>\nResm\u00ee \u00fcsl\u00fbpla kaleme al\u0131nm\u0131\u015f olan bu a\u00e7\u0131klamada asl\u0131nda neler dendi\u011fini size daha anla\u015f\u0131l\u0131r \u015fekilde izah edeyim:<br \/>\nYusuf Bey \u201c<strong>Biz, koskoca vil\u00e2yetlerin ar\u015fivini resm\u00ee yaz\u0131 olmadan ve tutanak tutmadan kap\u0131 kap\u0131 dola\u015ft\u0131racak derecede sorumsuz bir kurumuz. Bu defa da b\u00f6yle sorumsuz davrand\u0131k ama kabahat bizde de\u011fil, belgelerin y\u00fcklendi\u011fi kamyonun \u015fof\u00f6r\u00fcnde&#8230; \u015eof\u00f6r, ar\u015fiv yerine imha merkezimize gidince arkada\u015flar evrak\u0131 bir g\u00fczel paralam\u0131\u015flar. Biz o s\u0131rada \u00e7akma tu\u011fralar haz\u0131rlaman\u0131n verdi\u011fi yorgunlukla uyuyakalm\u0131\u015ft\u0131k ama I\u011fd\u0131r\u2019dan gelenler g\u00fczel uykumuzu b\u00f6ld\u00fcler ve olup bitenlerden onlar y\u00fcz\u00fcnden haberdar olduk. Uyand\u0131rmasa idiler asl\u0131nda daha neler neler imha edecektik, ah bir bilseniz! Zaten paralama \u00fcnitemiz de pek bir i\u015fe yaram\u0131yormu\u015f, belgeleri kurtar\u0131lamayacak \u015fekilde yokedememi\u015fler! Hem sonra bu kadar yaygaraya da ne gerek var can\u0131m, imha edilen belgeler Dersim\u2019e yahut di\u011fer Do\u011fu Anadolu vil\u00e2yetlerine de\u011fil, alt taraf\u0131 I\u011fd\u0131r\u2019a ait!<\/strong>\u201d diyordu.<br \/>\nBunca y\u0131ll\u0131k gazeteciyim, \u015fimdiye kadar b\u00f6ylesine bir acz ve beceriksizlik beyan\u0131na rastlamad\u0131m!<\/p>\n<p><strong>G\u00d6REV I\u011eDIRLILAR\u2019IN<\/strong><br \/>\nT\u00fcrkiye\u2019nin ge\u00e7mi\u015finin tapusu, \u00fcstelik vatanda\u015f\u0131n mazisine ait kimlik, namus ve haysiyet kayna\u011f\u0131 olan belgelerin kamyonculara teslim edilmesi gibisinden beceriksizleri yahut \u201c<strong>cakt\u0131r<\/strong>\u201d, \u201c<strong>cuktur<\/strong>\u201d, \u201c<strong>ca\u011f\u0131z<\/strong>\u201d, \u201c<strong>cu\u011fuz<\/strong>\u201d misali gevelemeleri bir yana b\u0131rakal\u0131m. Devlet ar\u015fivlerindeki \u201c<strong>paralama \u00fcnitesi<\/strong>\u201dnde nelerin imha edildi\u011fi muammas\u0131n\u0131 da \u015fimdilik hi\u00e7 sormayal\u0131m&#8230;<br \/>\nAma ortada art\u0131k haddi a\u015fm\u0131\u015f bir sorumsuzluk ve hatt\u00e2 \u201c<strong>su\u00e7<\/strong>\u201d vard\u0131r, \u00fcstelik ar\u015fivlerdeki rezaletler bir iktidar-muhalefet meselesi de\u011fildir, art\u0131k memleketin tamam\u0131n\u0131 ilgilendiren bir dert h\u00e2lini alm\u0131\u015ft\u0131r.<br \/>\nBu derdin dev\u00e2s\u0131n\u0131 bulmak ise ba\u015fta rahmetli dedelerine, ninelerine ve hatt\u00e2 cedlerine ait kay\u0131tlar\u0131n pervas\u0131zca yokedildi\u011fi I\u011fd\u0131r\u2019\u0131n milletvekillerine, sonra Meclis\u2019e ve tefti\u015f kurullar\u0131na d\u00fc\u015fmektedir.<br \/>\nBen, \u00f6ncelikle I\u011fd\u0131r\u2019\u0131n milletvekillerinin eskiden v\u00e2rolan ama \u015fimdilerde pek tel\u00e2ffuz edilmeyen\u201c<strong>hamiyyet<\/strong>\u201d kavram\u0131n\u0131 hat\u0131rlayarak cedlerine yap\u0131lan bu sayg\u0131s\u0131zl\u0131\u011f\u0131n hesab\u0131n\u0131 soracaklar\u0131 \u00fcmidindeyim.<\/span><\/p>\n<p><strong><a href=\"http:\/\/hocalihaber.com\/wp-content\/uploads\/2015\/02\/aydan-istanbul-haftasonu.png\"><br \/>\n<\/a><\/strong><span style=\"font-size: large;\">g\u00fcvengazetesinden al\u0131nm\u0131\u015f yaz\u0131\u00a0<\/span><\/p>\n<div id=\"_appInstalled\"><\/div>\n","protected":false},"excerpt":{"rendered":"<p>I\u011fd\u0131r&#8217;\u0131n ileri gelenleri! Ba\u015fda sevdi\u011fim ve b\u00f6y\u00fc\u011f\u00fcm bildiyim Sefer Karakoyunlu (iSTANBUL t\u00dcRK\u0130YE AZERBAYCAN DERNEG\u0130), H\u0130KMET ELP (AZERBAYCAN K\u00dcLT\u00dcR EV\u0130), \u00a0g\u00fcler y\u00fcz\u00fcne hayran oldu\u011fum NE\u015eE KAFKAZKIZI, hep telefon zengleri ile \u00a0evimizdeki tart\u0131\u015fmalar\u0131n episentrinde dayanan y\u00fcz\u00fcn\u00fc g\u00f6rmesem bile memleket meseleeline duyarl\u0131\u011f\u0131ndan haberdar oldu\u011fum Tol\u011fa Aras bey, uzakdan yak\u0131ndan tan\u0131d\u0131\u011f\u0131m \u0131\u011fd\u0131rl\u0131lar- \u0130sa Ya\u015far abi, AS\u0130MDER ba\u015fkan\u0131 (hep size [&hellip;]<\/p>\n","protected":false},"author":24,"featured_media":640,"comment_status":"open","ping_status":"open","sticky":false,"template":"","format":"standard","meta":{"footnotes":""},"categories":[3],"tags":[],"class_list":{"0":"post-632","1":"post","2":"type-post","3":"status-publish","4":"format-standard","5":"has-post-thumbnail","7":"category-3"},"aioseo_notices":[],"jetpack_featured_media_url":"https:\/\/hocalihaber.com\/wp-content\/uploads\/2015\/06\/\u0131\u011fd\u0131r.jpeg","_links":{"self":[{"href":"https:\/\/hocalihaber.com\/az\/wp-json\/wp\/v2\/posts\/632","targetHints":{"allow":["GET"]}}],"collection":[{"href":"https:\/\/hocalihaber.com\/az\/wp-json\/wp\/v2\/posts"}],"about":[{"href":"https:\/\/hocalihaber.com\/az\/wp-json\/wp\/v2\/types\/post"}],"author":[{"embeddable":true,"href":"https:\/\/hocalihaber.com\/az\/wp-json\/wp\/v2\/users\/24"}],"replies":[{"embeddable":true,"href":"https:\/\/hocalihaber.com\/az\/wp-json\/wp\/v2\/comments?post=632"}],"version-history":[{"count":0,"href":"https:\/\/hocalihaber.com\/az\/wp-json\/wp\/v2\/posts\/632\/revisions"}],"wp:featuredmedia":[{"embeddable":true,"href":"https:\/\/hocalihaber.com\/az\/wp-json\/wp\/v2\/media\/640"}],"wp:attachment":[{"href":"https:\/\/hocalihaber.com\/az\/wp-json\/wp\/v2\/media?parent=632"}],"wp:term":[{"taxonomy":"category","embeddable":true,"href":"https:\/\/hocalihaber.com\/az\/wp-json\/wp\/v2\/categories?post=632"},{"taxonomy":"post_tag","embeddable":true,"href":"https:\/\/hocalihaber.com\/az\/wp-json\/wp\/v2\/tags?post=632"}],"curies":[{"name":"wp","href":"https:\/\/api.w.org\/{rel}","templated":true}]}}