{"id":7402,"date":"2016-02-16T13:47:42","date_gmt":"2016-02-16T11:47:42","guid":{"rendered":"http:\/\/hocalihaber.com\/?p=7402"},"modified":"2016-02-16T13:47:42","modified_gmt":"2016-02-16T11:47:42","slug":"ahmet-kabakli-odulleri-verilmesi-planlaniyor","status":"publish","type":"post","link":"https:\/\/hocalihaber.com\/az\/ahmet-kabakli-odulleri-verilmesi-planlaniyor\/","title":{"rendered":"&#8216;Ahmet Kabakl\u0131 \u00d6d\u00fclleri&#8217; verilmesi planlan\u0131yor"},"content":{"rendered":"<p>\u0130BB Ahmet Kabakl\u0131 ad\u0131na \u201cAhmet Kabakl\u0131 \u00d6d\u00fclleri\u201d ihdas etmek i\u00e7in \u00e7al\u0131\u015fma ba\u015flatt\u0131.<\/p>\n<p>\u0130stanbul B\u00fcy\u00fck\u015fehir Belediyesi K\u00fclt\u00fcr Daire Ba\u015fkanl\u0131\u011f\u0131, Edebiyat Tarih\u00e7isi, Gazeteci, Yazar merhum Ahmet Kabakl\u0131 ad\u0131na \u201cAhmet Kabakl\u0131 \u00d6d\u00fclleri\u201d ihdas etmek i\u00e7in \u00e7al\u0131\u015fma ba\u015flatt\u0131.<\/p>\n<p>Hen\u00fcz projelendirme a\u015famas\u0131nda olan ve T\u00fcrk Edebiyat\u0131 Vakf\u0131 ile i\u015fbirli\u011fi h\u00e2linde tertiplenmesi planlanan \u201cAhmet Kabakl\u0131 \u00d6d\u00fclleri\u201d konusunda vak\u0131f y\u00f6netimi ile ana \u00e7er\u00e7evede mutab\u0131k olundu\u011fu, ayr\u0131nt\u0131lar\u0131n zaman i\u00e7erisinde ele al\u0131naca\u011f\u0131 ifade ediliyor.<\/p>\n<p>\u201cAhmet Kabakl\u0131 \u00d6d\u00fclleri\u201d ihdas edilmesinin kesinle\u015fmesi h\u00e2linde, merhum Kabakl\u0131 ad\u0131na her y\u0131l geleneksel olarak de\u011fi\u015fik edeb\u00ee t\u00fcrlerde \u00f6d\u00fcller verilecek.<\/p>\n<p>Proje ile, hem T\u00fcrk Edebiyat\u0131\u2019na ve T\u00fcrk k\u00fclt\u00fcr\u00fcne \u00f6nemli katk\u0131larda bulunmu\u015f olan merhum Ahmet Kabakl\u0131\u2019n\u0131n ad\u0131n\u0131n ya\u015fat\u0131larak gen\u00e7 ku\u015faklara tan\u0131t\u0131lmas\u0131, hem de k\u00fclt\u00fcr ve edebiyat d\u00fcnyam\u0131za yeni isimler kazand\u0131r\u0131lmas\u0131 ama\u00e7lan\u0131yor.<\/p>\n","protected":false},"excerpt":{"rendered":"<p>\u0130BB Ahmet Kabakl\u0131 ad\u0131na \u201cAhmet Kabakl\u0131 \u00d6d\u00fclleri\u201d ihdas etmek i\u00e7in \u00e7al\u0131\u015fma ba\u015flatt\u0131. \u0130stanbul B\u00fcy\u00fck\u015fehir Belediyesi K\u00fclt\u00fcr Daire Ba\u015fkanl\u0131\u011f\u0131, Edebiyat Tarih\u00e7isi, Gazeteci, Yazar merhum Ahmet Kabakl\u0131 ad\u0131na \u201cAhmet Kabakl\u0131 \u00d6d\u00fclleri\u201d ihdas etmek i\u00e7in \u00e7al\u0131\u015fma ba\u015flatt\u0131. Hen\u00fcz projelendirme a\u015famas\u0131nda olan ve T\u00fcrk Edebiyat\u0131 Vakf\u0131 ile i\u015fbirli\u011fi h\u00e2linde tertiplenmesi planlanan \u201cAhmet Kabakl\u0131 \u00d6d\u00fclleri\u201d konusunda vak\u0131f y\u00f6netimi ile ana [&hellip;]<\/p>\n","protected":false},"author":1,"featured_media":7404,"comment_status":"open","ping_status":"open","sticky":false,"template":"","format":"standard","meta":{"footnotes":""},"categories":[39,3],"tags":[],"class_list":{"0":"post-7402","1":"post","2":"type-post","3":"status-publish","4":"format-standard","5":"has-post-thumbnail","7":"category-kultur","8":"category-3"},"aioseo_notices":[],"jetpack_featured_media_url":"https:\/\/hocalihaber.com\/wp-content\/uploads\/2016\/02\/ahmet-kabakli-odulleri-verilmesi-planlaniyor.png","_links":{"self":[{"href":"https:\/\/hocalihaber.com\/az\/wp-json\/wp\/v2\/posts\/7402","targetHints":{"allow":["GET"]}}],"collection":[{"href":"https:\/\/hocalihaber.com\/az\/wp-json\/wp\/v2\/posts"}],"about":[{"href":"https:\/\/hocalihaber.com\/az\/wp-json\/wp\/v2\/types\/post"}],"author":[{"embeddable":true,"href":"https:\/\/hocalihaber.com\/az\/wp-json\/wp\/v2\/users\/1"}],"replies":[{"embeddable":true,"href":"https:\/\/hocalihaber.com\/az\/wp-json\/wp\/v2\/comments?post=7402"}],"version-history":[{"count":0,"href":"https:\/\/hocalihaber.com\/az\/wp-json\/wp\/v2\/posts\/7402\/revisions"}],"wp:featuredmedia":[{"embeddable":true,"href":"https:\/\/hocalihaber.com\/az\/wp-json\/wp\/v2\/media\/7404"}],"wp:attachment":[{"href":"https:\/\/hocalihaber.com\/az\/wp-json\/wp\/v2\/media?parent=7402"}],"wp:term":[{"taxonomy":"category","embeddable":true,"href":"https:\/\/hocalihaber.com\/az\/wp-json\/wp\/v2\/categories?post=7402"},{"taxonomy":"post_tag","embeddable":true,"href":"https:\/\/hocalihaber.com\/az\/wp-json\/wp\/v2\/tags?post=7402"}],"curies":[{"name":"wp","href":"https:\/\/api.w.org\/{rel}","templated":true}]}}