{"id":9395,"date":"2016-03-16T01:12:57","date_gmt":"2016-03-15T23:12:57","guid":{"rendered":"http:\/\/hocalihaber.com\/?p=9395"},"modified":"2016-03-16T01:12:57","modified_gmt":"2016-03-15T23:12:57","slug":"bildiriye-destek-veren-3-akademisyen-tutuklandi","status":"publish","type":"post","link":"https:\/\/hocalihaber.com\/az\/bildiriye-destek-veren-3-akademisyen-tutuklandi\/","title":{"rendered":"Bildiriye destek veren 3 akademisyen tutukland\u0131"},"content":{"rendered":"<h2 class=\"abstract\">E\u011fitim-Sen \u0130stanbul \u015eubesi\u2019nde \u201cBu su\u00e7a ortak olmayaca\u011f\u0131z\u201d bildirisine destek a\u00e7\u0131klamas\u0131 yapt\u0131klar\u0131 gerek\u00e7esiyle g\u00f6zalt\u0131na al\u0131nan 3 akademisyen \u201cter\u00f6r \u00f6rg\u00fct\u00fc propagandas\u0131 yapmak\u201d su\u00e7undan tutukland\u0131.<\/h2>\n<p>Kararda, akademisyenlerin imza att\u0131\u011f\u0131 bildirinin, PKK y\u00fcr\u00fctme konseyi e\u015f ba\u015fkan\u0131 Bese Hozat\u2019\u0131n a\u00e7\u0131klamalar\u0131yla paralellik g\u00f6sterdi\u011fi belirtildi.<\/p>\n<p>\u0130stanbul Cumhuriyet Ba\u015fsavc\u0131l\u0131\u011f\u0131 Ter\u00f6r ve \u00d6rg\u00fctl\u00fc Su\u00e7lar B\u00fcrosu\u2019ndan sorumlu Ba\u015fsavc\u0131 vekili \u0130rfan Fidan taraf\u0131ndan ba\u015flat\u0131lan soru\u015fturma kapsam\u0131nda tutuklama talebiyle mahkemeye sevk edilen akademisyenler Esra Mungan, K\u0131van\u00e7 Ersoy ve Muzaffer Kaya\u2019n\u0131n mahkeme sorgusu sona erdi.<\/p>\n<p><strong>\u201cBESE HOZAT\u2019I \u0130LK KEZ SAVCILIK SORGUSUNDA DUYDUM\u201d<\/strong><br \/>\n\u0130stanbul 5\u2019inci Sulh Ceza Hakimli\u011fi taraf\u0131ndan yakla\u015f\u0131k 5 saat s\u00fcren ifadeleri al\u0131nan akademisyenler su\u00e7lamalar\u0131 reddettiler. Akademisyenlerden Muzaffer Kaya, 10 y\u0131ld\u0131r \u00fcniversitelerde ders verdi\u011fini, kendisine sorulan sorularda bahsi ge\u00e7en Bese Hozat\u2019\u0131 tan\u0131mad\u0131\u011f\u0131n\u0131 kaydederek, imzalad\u0131\u011f\u0131 bildiride devletten baz\u0131 taleplerde bulunduklar\u0131n\u0131 s\u00f6yledi.<\/p>\n<p><strong>BARI\u015e S\u00dcREC\u0130N\u0130N BA\u015eLAMASI \u0130\u00c7\u0130N 2012 YILINDA BU PLATFORMU KURDUK<\/strong><br \/>\nAkademisyen Esra Mungan, akademisyenler grubunun 2012 y\u0131l\u0131nda bir bar\u0131\u015f s\u00fcrecinin ba\u015flamas\u0131 i\u00e7in kuruldu\u011funa dikkat \u00e7ekti\u011fi ifadesinde, \u201c2015 y\u0131l\u0131nda bir \u015fahs\u0131n beyan\u0131 do\u011frultusunda talimat al\u0131narak beyanda bulundu\u011fumuz iddias\u0131 zaman olarak \u00e7eli\u015fkilidir Bizim beyanlar\u0131m\u0131z bar\u0131\u015f s\u00fcrecinin g\u00fc\u00e7lendirilmesine y\u00f6neliktir. Devlet 2013 y\u0131l\u0131nda bar\u0131\u015f s\u00fcrecini ba\u015flatt\u0131\u011f\u0131nda biz bu s\u00fcrece destek vermek istedi\u011fimizi belirtmi\u015ftik. 11 Ocak 2016\u2019daki bas\u0131n toplant\u0131m\u0131z\u0131 yeninde ba\u015flayan \u00e7at\u0131\u015fma s\u00fcrecinin sonland\u0131r\u0131lmas\u0131 i\u00e7in yapt\u0131k\u201d dedi.<\/p>\n<p><strong>\u201c\u00d6\u011eRENC\u0130LE\u0130RME KAR\u015eI SORUMLUUKLARIM VAR\u201d<\/strong><br \/>\n\u015e\u00fcpheli K\u0131van Ersoy da Bese Hozat ismini ifadesi s\u0131ras\u0131nda \u00f6\u011frendi\u011fini, b\u00f6yle bir talimat almad\u0131\u011f\u0131n\u0131 bu y\u00f6nde de bir hareketi olmad\u0131\u011f\u0131n\u0131 s\u00f6yledi. Ersoy, kendi iradeleri d\u0131\u015f\u0131nda ba\u015fka kimseden talimat alarak bir \u015fey yapmalar\u0131n\u0131n s\u00f6z konusu olmad\u0131\u011f\u0131n\u0131, Mimar Sinan \u00dcniversitesinde \u00e7al\u0131\u015ft\u0131\u011f\u0131n\u0131, tutuklanmas\u0131 halinde yar\u0131n ders verece\u011fi \u00f6\u011frencilere kar\u015f\u0131 sorumlulu\u011funu yerine getiremeyece\u011fini ifade etti.<br \/>\n\u0130fade i\u015flemlerinin tamamlanmas\u0131n\u0131n ard\u0131ndan karar\u0131n\u0131 a\u00e7\u0131klayan mahkeme, 3 akademisyenin \u201cter\u00f6r \u00f6rg\u00fct\u00fc propagandas\u0131 yapmak\u201d su\u00e7undan tutuklanmas\u0131na h\u00fckmetti.<\/p>\n<p><strong>TER\u00d6R OPERASYONLARI S\u00dcREC\u0130NE DE\u011e\u0130N\u0130LD\u0130<\/strong><br \/>\nMahkeme tutuklama karar\u0131n\u0131n gerek\u00e7esinde, \u015eanl\u0131urfa Ceylanp\u0131nar\u2019da 22 Temmuz 2015 tarihinde 2 polis memurunun PKK taraf\u0131ndan enselerinden vurularak \u015fehit edilmesiyle ba\u015flayan s\u00fcreci hat\u0131rlatarak G\u00fcneydo\u011fu Anadolu B\u00f6lgesi\u2019nde ya\u015fanan di\u011fer ter\u00f6r olaylar\u0131na ve bu b\u00f6lgelerdeki operasyonlara de\u011findi.<\/p>\n<p><strong>B\u0130LD\u0130R\u0130 PKK TER\u00d6R \u00d6RG\u00dcT\u00dcNE DESTEK N\u0130TEL\u0130\u011e\u0130NDE<\/strong><br \/>\nKararda, 11 Ocak 2016 tarihinde 1128 akademisyen taraf\u0131ndan \u201cBu su\u00e7a ortak olmayaca\u011f\u0131z\u201d ad\u0131 alt\u0131nda bildiri yay\u0131nland\u0131\u011f\u0131 belirtilerek, \u201cPKK Ter\u00f6r \u00f6rg\u00fct\u00fcne destek niteli\u011findeki bildirinin yay\u0131nland\u0131\u011f\u0131, s\u00fcrece bak\u0131ld\u0131\u011f\u0131nda, Bese Hozat\u2019\u0131n a\u00e7\u0131klamalar\u0131yla bu bildirinin birbirine paralel oldu\u011funun g\u00f6r\u00fclmektedir. S\u00fcre\u00e7 i\u00e7erisinde PKK Ter\u00f6r \u00f6rg\u00fct\u00fcn\u00fcn silahl\u0131 sald\u0131r\u0131lar\u0131n\u0131n devam etti\u011finin bilindi\u011fi halde bildiride ter\u00f6r \u00f6rg\u00fct\u00fcne hi\u00e7bir ele\u015ftiri ve k\u0131naman\u0131n dahi yer almam\u0131\u015f olmas\u0131 dikkate al\u0131nd\u0131\u011f\u0131nda, \u015f\u00fcphelilerin ter\u00f6r \u00f6rg\u00fct\u00fcn\u00fcn eylemlerini destekler mahiyette tav\u0131r i\u00e7erisinde olduklar\u0131n\u0131n a\u00e7\u0131k oldu\u011fu\u201d ifade edildi.<\/p>\n<p><strong>B\u0130LD\u0130R\u0130DEN SONRA PKK EYLEMLER\u0130N\u0130 ARTTIRARAK DEVAM ETT\u0130RD\u0130<\/strong><br \/>\nBildirinin yay\u0131nlanmas\u0131ndan sonra \u015f\u00fcphelilerin bas\u0131n toplant\u0131s\u0131 d\u00fczenleyerek bas\u0131n yoluyla ayn\u0131 metni tekrar okuduklar\u0131 kaydedilen kararda, \u015f\u00fcphelilerin metinde ge\u00e7en hususlar\u0131 tekrar ettikleri belirtildi. Kararda, \u201c\u015e\u00fcphelilerin s\u00f6zde bar\u0131\u015f talebi ad\u0131 alt\u0131nda silahl\u0131 ter\u00f6r \u00f6rg\u00fct\u00fc propagandas\u0131n\u0131 alenen yapt\u0131klar\u0131, bu bildiriden sonra t\u00fcm ter\u00f6r \u00f6rg\u00fctlerinin ve PKK ter\u00f6r \u00f6rg\u00fct\u00fcn\u00fcn asker, sivil, polis demeden b\u00fct\u00fcn vatanda\u015flar\u0131n\u0131n can ve mal g\u00fcvenli\u011fine kar\u015f\u0131, sald\u0131r\u0131lar\u0131n artt\u0131r\u0131larak eylemlerine devam etti\u011fi, bu \u015fekilde huzur ve g\u00fcven ortam\u0131n\u0131 tehdit etti\u011fi\u201d kaydedildi.<\/p>\n<p><strong>\u201cB\u0130LD\u0130R\u0130, \u015e\u00dcPHEL\u0130LER\u0130N TER\u00d6R \u00d6RG\u00dcT\u00dcYLE AYNI F\u0130K\u0130R VE EYLEM B\u0130RL\u0130KTEL\u0130\u011e\u0130 \u0130\u00c7\u0130NDE OLDUKLARININ DEL\u0130L\u0130\u201d<\/strong><br \/>\n\u015e\u00fcpheliler ve avukatlar\u0131 taraf\u0131ndan bildirinin ifade \u00f6zg\u00fcrl\u00fc\u011f\u00fc kapsam\u0131nda de\u011ferlendirilmesi gerekti\u011fi savunulsa da benzer ter\u00f6r eylemleri i\u00e7in Avrupa \u00fclkelerinde de ayn\u0131 \u015fekilde \u00f6nlemler al\u0131nd\u0131\u011f\u0131na vurgu yap\u0131lan kararda, \u201cBildiride, devletin katliam yapt\u0131\u011f\u0131ndan bahsedip, as\u0131l sald\u0131r\u0131lar\u0131 ger\u00e7ekle\u015ftiren ter\u00f6r \u00f6rg\u00fct\u00fc mensuplar\u0131n\u0131n eylemlerine hi\u00e7 de\u011finilmemesinden \u015f\u00fcphelilerin ter\u00f6r \u00f6rg\u00fct\u00fcyle ayn\u0131 fikir ve eylem birlikteli\u011fi i\u00e7inde olduklar\u0131n\u0131n delili oldu\u011fu, yay\u0131nlanan bildirinin de bu kapsamda de\u011ferlendirilmesi gerekti\u011fi kanaatine var\u0131lm\u0131\u015f, buna g\u00f6re \u015f\u00fcphelilerin \u00fczerlerine at\u0131l\u0131 su\u00e7u i\u015fledikleri y\u00f6n\u00fcnde kuvvetli su\u00e7 \u015f\u00fcphesinin varl\u0131\u011f\u0131n\u0131 g\u00f6steren somut deliller bulundu\u011fu\u201d belirtildi.<\/p>\n<p><strong>\u201cSU\u00c7UN \u00d6NEML\u0130 VE C\u0130DD\u0130 SAYILAN SU\u00c7TAN OLMASI HASEB\u0130YLE TUTUKLAMA YASA\u011eI ENGEL\u0130 HAL\u0130 BULUNMADI\u011eI\u2026\u201d<\/strong><br \/>\n\u015e\u00fcphelilerin, su\u00e7 y\u00f6n\u00fcnden alabilecekleri ceza miktar\u0131 g\u00f6z \u00f6n\u00fcne al\u0131nd\u0131\u011f\u0131nda ka\u00e7ma \u015f\u00fcphelerinin bulunmas\u0131, adli kontrol h\u00fck\u00fcmlerinin yetersiz kalaca\u011f\u0131, su\u00e7un \u00f6nemli ve ciddi say\u0131lan su\u00e7tan olmas\u0131 hasebiyle tutuklama yasa\u011f\u0131 engeli gibi halin bulunmad\u0131\u011f\u0131 gerek\u00e7eleriyle tutuklanmalar\u0131na karar verildi.<\/p>\n<p><strong>\u201cKARARA \u0130T\u0130RAZ EDECE\u011e\u0130Z\u201d<\/strong><br \/>\nKarar\u0131n ard\u0131ndan \u015f\u00fcpheli yak\u0131nlar\u0131, baz\u0131 akademisyenler ve \u00f6\u011frenciler, \u201cG\u00f6zalt\u0131lar, tutuklamalar, bask\u0131lar bizi y\u0131ld\u0131ramaz\u201d \u015feklinde slogan att\u0131lar. \u015e\u00fcpheli avukatlar\u0131 yo\u011fun g\u00fcvenlik \u00f6nleminin al\u0131nd\u0131\u011f\u0131 \u0130stanbul Adalet Saray\u0131 \u00f6n\u00fcnde bas\u0131n a\u00e7\u0131klamas\u0131 yapt\u0131lar. Avukatlar ad\u0131na konu\u015fan Meri\u00e7 Ey\u00fcbo\u011flu, hukuki olarak ellerinden geleni yapt\u0131klar\u0131n\u0131 s\u00f6yledi. Avukat Ey\u00fcbo\u011flu, \u201cM\u00fcvekkillerimiz ifadelerini verdiler. Biz \u00f6rnek kararlar\u0131 sunduk. Hukuki gerek\u00e7eleri tart\u0131\u015ft\u0131k. Ancak hukukun kalmad\u0131\u011f\u0131n\u0131 bir kez daha g\u00f6rd\u00fck. Tabi ki itiraz edece\u011fiz bu karara. Bunun asl\u0131nda hukuki dayana\u011f\u0131 olmayan bir karar oldu\u011funu yukar\u0131da ifade ettik, buradan da ifade edelim. M\u00fcvekkillerimiz, moralleri son derece yerinde gittiler. M\u00fcvekkillerimiz ifadelerinde \u2018Biz bar\u0131\u015f i\u00e7in bu metni imzalam\u0131\u015ft\u0131k, b\u00f6yle sonu\u00e7lar \u00fcretebilece\u011fini \u00f6ng\u00f6rmemi\u015ftik ama maalesef b\u00f6yle sonu\u00e7larda \u00fcretebiliyor. Biz do\u011fru yapt\u0131\u011f\u0131m\u0131z\u0131 d\u00fc\u015f\u00fcn\u00fcyoruz. O metinde yazanlar\u0131 savunmaya devem edece\u011fiz dediler\u2019 \u201c \u015feklinde konu\u015ftu.<\/p>\n<p><strong>SORU\u015eTURMA BA\u015eLATILMI\u015eTI<\/strong><br \/>\n\u0130stanbul Cumhuriyet Ba\u015fsavc\u0131vekili \u0130rfan Fidan taraf\u0131ndan \u201cBu su\u00e7a ortak olmayaca\u011f\u0131z\u201d bildirisinde imzas\u0131 bulunan akademisyenlerden kendi g\u00f6rev alan\u0131 i\u00e7inde bulunanlar hakk\u0131nda \u201cter\u00f6r \u00f6rg\u00fct\u00fc propagandas\u0131 yapmak\u201d ve \u201cT\u00fcrk milletini, T\u00fcrkiye Cumhuriyeti Devletini, devletin kurum ve organlar\u0131n\u0131 a\u015fa\u011f\u0131lamak\u201d su\u00e7lar\u0131ndan soru\u015fturma ba\u015flat\u0131lm\u0131\u015ft\u0131. Savc\u0131l\u0131k, soru\u015fturma kapsam\u0131nda akademisyenleri adliyeye \u00e7a\u011f\u0131rarak ifade alma i\u015flemlerine ba\u015flam\u0131\u015ft\u0131.<\/p>\n<p><strong>4 AKADEM\u0130SYEN A\u00c7IKLAMA YAPMI\u015eTI<\/strong><br \/>\n\u0130fade i\u015flemleri s\u00fcrerken, 10 Mart 2016\u2019da akademisyenler Esra Mungan, K\u0131van\u00e7 Ersoy, Muzaffer Kaya ve Meral Camc\u0131, E\u011fitim ve Bilim Emek\u00e7ileri Sendikas\u0131 \u0130stanbul 6 No\u2019lu \u00dcniversiteler \u015eubesi\u2019ndeki bas\u0131n toplant\u0131s\u0131n\u0131 d\u00fczenlemi\u015fti. A\u00e7\u0131klamada, \u0130stanbul Savc\u0131l\u0131\u011f\u0131\u2019n\u0131n harekete ge\u00e7ti\u011fi belirtilerek \u201cBar\u0131\u015f talep eden akademisyen ve ara\u015ft\u0131rmac\u0131lara y\u00f6nelik bask\u0131lar\u0131n, esasen muhalif g\u00f6r\u00fc\u015fleri \u00fcniversitelerden tasfiye etme projesinin bir par\u00e7as\u0131 oldu\u011funu biliyoruz\u201d denilmi\u015fti.<\/p>\n<p><strong>SAVCILIK G\u00d6ZALTI KARARI \u00c7IKARMI\u015eTI<\/strong><br \/>\nSavc\u0131l\u0131k, a\u00e7\u0131klamay\u0131 yapan bu 4 akademisyen hakk\u0131nda \u201cter\u00f6r \u00f6rg\u00fct\u00fc propagandas\u0131 yapmak\u201d su\u00e7undan yakalama ve g\u00f6zalt\u0131 karar\u0131 \u00e7\u0131kar\u0131lm\u0131\u015ft\u0131. Adreslerinde bulunamayan 3 akademisyen daha sonra Vatan Caddesindeki \u0130stanbul Emniyet M\u00fcd\u00fcrl\u00fc\u011f\u00fc\u2019ne giderek teslim olmu\u015flard\u0131. Hakk\u0131nda g\u00f6zalt\u0131 karar\u0131 bulunan akademisyen Meral Camc\u0131\u2019n\u0131n ise halen yurt d\u0131\u015f\u0131nda oldu\u011fu \u00f6\u011frenilmi\u015fti. G\u00f6zalt\u0131na al\u0131nan akademisyenler Esra Mungan, K\u0131van\u00e7 Ersoy ve Muzaffer Kaya emniyetteki i\u015flemlerinin ard\u0131ndan bug\u00fcn sabah saatlerinde \u00c7a\u011flayan\u2019daki \u0130stanbul Adalet Saray\u0131\u2019na getirilmi\u015fti. Savc\u0131l\u0131k sorgusu tamamlanan 3 \u015f\u00fcpheli akademisyenin tamam\u0131 &#8220;ter\u00f6r \u00f6rg\u00fct\u00fc propagandas\u0131 yapmak&#8221; ve &#8220;T\u00fcrkiye Cumhuriyeti Devleti ve organlar\u0131n\u0131 a\u015fa\u011f\u0131lamak&#8221; su\u00e7lar\u0131ndan tutuklama istemiyle, N\u00f6bet\u00e7i Hakimli\u011fe sevk edilmi\u015fti.<\/p>\n<p>iha<\/p>\n","protected":false},"excerpt":{"rendered":"<p>E\u011fitim-Sen \u0130stanbul \u015eubesi\u2019nde \u201cBu su\u00e7a ortak olmayaca\u011f\u0131z\u201d bildirisine destek a\u00e7\u0131klamas\u0131 yapt\u0131klar\u0131 gerek\u00e7esiyle g\u00f6zalt\u0131na al\u0131nan 3 akademisyen \u201cter\u00f6r \u00f6rg\u00fct\u00fc propagandas\u0131 yapmak\u201d su\u00e7undan tutukland\u0131. Kararda, akademisyenlerin imza att\u0131\u011f\u0131 bildirinin, PKK y\u00fcr\u00fctme konseyi e\u015f ba\u015fkan\u0131 Bese Hozat\u2019\u0131n a\u00e7\u0131klamalar\u0131yla paralellik g\u00f6sterdi\u011fi belirtildi. \u0130stanbul Cumhuriyet Ba\u015fsavc\u0131l\u0131\u011f\u0131 Ter\u00f6r ve \u00d6rg\u00fctl\u00fc Su\u00e7lar B\u00fcrosu\u2019ndan sorumlu Ba\u015fsavc\u0131 vekili \u0130rfan Fidan taraf\u0131ndan ba\u015flat\u0131lan soru\u015fturma kapsam\u0131nda [&hellip;]<\/p>\n","protected":false},"author":1,"featured_media":9396,"comment_status":"open","ping_status":"open","sticky":false,"template":"","format":"standard","meta":{"footnotes":""},"categories":[6,3],"tags":[],"class_list":{"0":"post-9395","1":"post","2":"type-post","3":"status-publish","4":"format-standard","5":"has-post-thumbnail","7":"category-gundm","8":"category-3"},"aioseo_notices":[],"jetpack_featured_media_url":"https:\/\/hocalihaber.com\/wp-content\/uploads\/2016\/03\/761098.jpg","_links":{"self":[{"href":"https:\/\/hocalihaber.com\/az\/wp-json\/wp\/v2\/posts\/9395","targetHints":{"allow":["GET"]}}],"collection":[{"href":"https:\/\/hocalihaber.com\/az\/wp-json\/wp\/v2\/posts"}],"about":[{"href":"https:\/\/hocalihaber.com\/az\/wp-json\/wp\/v2\/types\/post"}],"author":[{"embeddable":true,"href":"https:\/\/hocalihaber.com\/az\/wp-json\/wp\/v2\/users\/1"}],"replies":[{"embeddable":true,"href":"https:\/\/hocalihaber.com\/az\/wp-json\/wp\/v2\/comments?post=9395"}],"version-history":[{"count":0,"href":"https:\/\/hocalihaber.com\/az\/wp-json\/wp\/v2\/posts\/9395\/revisions"}],"wp:featuredmedia":[{"embeddable":true,"href":"https:\/\/hocalihaber.com\/az\/wp-json\/wp\/v2\/media\/9396"}],"wp:attachment":[{"href":"https:\/\/hocalihaber.com\/az\/wp-json\/wp\/v2\/media?parent=9395"}],"wp:term":[{"taxonomy":"category","embeddable":true,"href":"https:\/\/hocalihaber.com\/az\/wp-json\/wp\/v2\/categories?post=9395"},{"taxonomy":"post_tag","embeddable":true,"href":"https:\/\/hocalihaber.com\/az\/wp-json\/wp\/v2\/tags?post=9395"}],"curies":[{"name":"wp","href":"https:\/\/api.w.org\/{rel}","templated":true}]}}